{"id":2488,"date":"2024-05-05T15:46:56","date_gmt":"2024-05-05T13:46:56","guid":{"rendered":"http:\/\/odabrano.com\/?p=2488"},"modified":"2024-05-05T15:46:58","modified_gmt":"2024-05-05T13:46:58","slug":"jandrokovic-uvjeren-da-ce-iduci-tjedan-vecina-biti-osigurana","status":"publish","type":"post","link":"https:\/\/odabrano.com\/index.php\/2024\/05\/05\/jandrokovic-uvjeren-da-ce-iduci-tjedan-vecina-biti-osigurana\/","title":{"rendered":"Jandrokovi\u0107 uvjeren da \u0107e idu\u0107i tjedan ve\u0107ina biti osigurana"},"content":{"rendered":"\n<p><strong>Predsjednik Sabora istaknuo je napredak u pregovorima izme\u0111u HDZ-a i DP-a u sastavljanju parlamentarne ve\u0107ine te je uvjeren da \u0107e se idu\u0107ih dana ve\u0107 znati koji \u0107e zastupnici biti u nju uklju\u010deni, a ve\u0107ina osigurana<\/strong><\/p>\n\n\n\n<p>U idu\u0107em tjednu sve \u0107e biti jasnije i imat \u0107emo to\u010dne brojke. Ali sasvim sigurno, ve\u0107ina \u0107e biti osigurana, izjavio je predsjednik Sabora Gordan Jandrokovi\u0107 u Bjelovaru odgovaraju\u0107i na novinarska pitanja o tijeku pregovora izme\u0111u HDZ-a i DP-a s ciljem osiguranja neophodnih 76 ruku za formiranje saborske ve\u0107ine.<\/p>\n\n\n\n<p>Na pitanje ho\u0107e li i dalje SDSS biti dio ve\u0107ine, Jandrokovi\u0107 odgovara da su glasa\u010di jasno poslali poruku koji smjer \u017eele, ali i da \u0107e se i dalje nastaviti s politikom prema manjinama u smislu za\u0161tite svih njihovih prava i programa.<\/p>\n\n\n\n<p>&#8211; Tu ne\u0107e sasvim sigurno do\u0107i do promjene, a kako \u0107e se formirati parlamentarna ve\u0107ina, to \u0107emo dogovoriti u idu\u0107em stadiju &#8211;\u00a0objasnio je Jandrokovi\u0107.<\/p>\n\n\n\n<p>Na pitanje koliko se sigurno osje\u0107a HDZ-ov pregovara\u010dki tim dok razgovara s predstavnicima stranke (DP) koju su optu\u017eivali za poticanje terorizma, Jandrokovi\u0107 se ponovno vratio na klju\u010dnu poruku bira\u010da koji su, ka\u017ee, pokazali da \u017eele DP, a ne \u017eele lijeve politi\u010dke stranke i predsjednika Republike.<\/p>\n\n\n\n<p>&#8211; U proteklom je razdoblju bilo svakako pretjeranih izjava sa svih strana, ali dobili smo poruku od bira\u010da i dr\u017eat \u0107emo se onoga \u0161to su nam poru\u010dili &#8211;\u00a0izjavio je Jandrokovi\u0107 u Bjelovaru gdje je \u00a0sudjelovao na Rukometnom BOK turniru.<\/p>\n\n\n\n<p><strong>Hrebak skepti\u010dan oko slaganja ve\u0107ine<\/strong><\/p>\n\n\n\n<figure class=\"wp-block-image size-full\"><img loading=\"lazy\" decoding=\"async\" width=\"622\" height=\"415\" src=\"http:\/\/odabrano.com\/wp-content\/uploads\/2024\/05\/hrebak.webp\" alt=\"\" class=\"wp-image-2490\" srcset=\"https:\/\/odabrano.com\/wp-content\/uploads\/2024\/05\/hrebak.webp 622w, https:\/\/odabrano.com\/wp-content\/uploads\/2024\/05\/hrebak-300x200.webp 300w\" sizes=\"auto, (max-width: 622px) 100vw, 622px\" \/><\/figure>\n\n\n\n<p>Na turniru je bio i liberal Dario Hrebak, koji je saborski mandat drugi put dobio s liste HDZ-a i partnera.<\/p>\n\n\n\n<p>Hrebak je izjavio da je HSLS dao podr\u0161ku Plenkovi\u0107u za pregovore oko formiranja ve\u0107ine, a aludiraju\u0107i na DP, primijetio je kako nije &nbsp;dobar na\u010din na koji ta stranka postavlja uvjete. &nbsp;<\/p>\n\n\n\n<p>&#8211; Graditi ne\u0161to na temelju protivljenja, nikad nije dobro i vidjet \u0107emo koliko \u0107e ta ve\u0107ina biti uop\u0107e stabilna &#8211;\u00a0izjavio je Hrebak koji misli da su pregovori HDZ-DP na\u010delno gotovi, a \u017eao mu je \u0161to i HSLS nitko ni\u0161ta nije pitao.<\/p>\n\n\n\n<p>&nbsp;&#8211; Vidim da nas svi uzimaju zdravo za gotovo, ali HSLS je puno ozbiljnija stranka od &#8216;robe s police&#8217; &#8211;&nbsp;poru\u010dio je. On ne zna \u0161to se do sada ispregovaralo, osim onoga \u0161to pi\u0161e po medijima.&nbsp;<\/p>\n\n\n\n<p>\u00a0O\u010dekuje od predsjednika HDZ-a da okupi dosada\u0161nje koalicijske partnere i da im objasni model po kojemu \u0107e budu\u0107a ve\u0107ina biti stabilna. Osobno ka\u017ee da je &#8220;dosta skepti\u010dan na na\u010dinu na koji se ona sada sla\u017ee&#8221;.<\/p>\n\n\n\n<p>&#8211; Nekako svi zaboravljaju da \u0107e i liberali vrlo vjerojatno biti dio te koalicije, ali ukoliko nas netko ne \u017eeli, neka samo ka\u017ee &#8211;\u00a0poru\u010dio je Hrebak<\/p>\n\n\n\n<p><strong>Pupovac: Sve \u0107ete \u010duti za koji dan<\/strong><\/p>\n\n\n\n<figure class=\"wp-block-image size-full\"><img loading=\"lazy\" decoding=\"async\" width=\"622\" height=\"414\" src=\"http:\/\/odabrano.com\/wp-content\/uploads\/2024\/05\/pupovac.webp\" alt=\"\" class=\"wp-image-2491\" srcset=\"https:\/\/odabrano.com\/wp-content\/uploads\/2024\/05\/pupovac.webp 622w, https:\/\/odabrano.com\/wp-content\/uploads\/2024\/05\/pupovac-300x200.webp 300w, https:\/\/odabrano.com\/wp-content\/uploads\/2024\/05\/pupovac-310x205.webp 310w\" sizes=\"auto, (max-width: 622px) 100vw, 622px\" \/><\/figure>\n\n\n\n<p>Milorad Pupovac, predsjednik SDSS-a, kojem se DP protivi &nbsp;da bude u vladi i parlamentarnoj ve\u0107ini, &nbsp;izjavio je da \u0107e se vi\u0161e znati uskoro.<\/p>\n\n\n\n<p>&#8211; Sve \u0161to vas i javnost zanima \u010dut \u0107ete za koji dan. Na dana\u0161nji dan nitko ne bi trebao biti razo\u010daran, a ima li nekih briga koje dijelimo svi u ovoj zemlji,&nbsp;vjerojatno ima, ali danas se radujemo &#8211;&nbsp;rekao je Pupovac novinarima ispred pravoslavnog Hrama na Cvjetnom trgu gdje je sudjelovao na liturgiji u povodu pravoslavnog Uskrsa.<\/p>\n\n\n\n<p><\/p>\n","protected":false},"excerpt":{"rendered":"<p>Predsjednik Sabora istaknuo je napredak u pregovorima izme\u0111u HDZ-a i DP-a u sastavljanju parlamentarne ve\u0107ine te je uvjeren da \u0107e se idu\u0107ih dana ve\u0107 znati koji \u0107e zastupnici biti u nju uklju\u010deni, a ve\u0107ina osigurana U idu\u0107em tjednu sve \u0107e biti jasnije i imat \u0107emo to\u010dne brojke. Ali sasvim sigurno, ve\u0107ina \u0107e biti osigurana, izjavio &hellip;<\/p>\n","protected":false},"author":1,"featured_media":2489,"comment_status":"closed","ping_status":"open","sticky":false,"template":"","format":"standard","meta":{"_monsterinsights_skip_tracking":false,"_monsterinsights_sitenote_active":false,"_monsterinsights_sitenote_note":"","_monsterinsights_sitenote_category":0,"footnotes":""},"categories":[25],"tags":[534,285,535,536,537],"class_list":["post-2488","post","type-post","status-publish","format-standard","has-post-thumbnail","","category-hrvatska","tag-hrebak","tag-jandrokovic","tag-pupovac","tag-samor","tag-vecina"],"yoast_head":"<!-- This site is optimized with the Yoast SEO plugin v22.1 - https:\/\/yoast.com\/wordpress\/plugins\/seo\/ -->\n<title>Jandrokovi\u0107 uvjeren da \u0107e idu\u0107i tjedan ve\u0107ina biti osigurana - odabrano<\/title>\n<meta name=\"robots\" content=\"index, follow, max-snippet:-1, max-image-preview:large, max-video-preview:-1\" \/>\n<link rel=\"canonical\" href=\"https:\/\/odabrano.com\/index.php\/2024\/05\/05\/jandrokovic-uvjeren-da-ce-iduci-tjedan-vecina-biti-osigurana\/\" \/>\n<meta property=\"og:locale\" content=\"en_US\" \/>\n<meta property=\"og:type\" content=\"article\" \/>\n<meta property=\"og:title\" content=\"Jandrokovi\u0107 uvjeren da \u0107e idu\u0107i tjedan ve\u0107ina biti osigurana - odabrano\" \/>\n<meta property=\"og:description\" content=\"Predsjednik Sabora istaknuo je napredak u pregovorima izme\u0111u HDZ-a i DP-a u sastavljanju parlamentarne ve\u0107ine te je uvjeren da \u0107e se idu\u0107ih dana ve\u0107 znati koji \u0107e zastupnici biti u nju uklju\u010deni, a ve\u0107ina osigurana U idu\u0107em tjednu sve \u0107e biti jasnije i imat \u0107emo to\u010dne brojke. Ali sasvim sigurno, ve\u0107ina \u0107e biti osigurana, izjavio &hellip;\" \/>\n<meta property=\"og:url\" content=\"https:\/\/odabrano.com\/index.php\/2024\/05\/05\/jandrokovic-uvjeren-da-ce-iduci-tjedan-vecina-biti-osigurana\/\" \/>\n<meta property=\"og:site_name\" content=\"odabrano\" \/>\n<meta property=\"article:published_time\" content=\"2024-05-05T13:46:56+00:00\" \/>\n<meta property=\"article:modified_time\" content=\"2024-05-05T13:46:58+00:00\" \/>\n<meta property=\"og:image\" content=\"https:\/\/odabrano.com\/wp-content\/uploads\/2024\/05\/jandrokovic.webp\" \/>\n\t<meta property=\"og:image:width\" content=\"622\" \/>\n\t<meta property=\"og:image:height\" content=\"350\" \/>\n\t<meta property=\"og:image:type\" content=\"image\/webp\" \/>\n<meta name=\"author\" content=\"admin\" \/>\n<meta name=\"twitter:card\" content=\"summary_large_image\" \/>\n<meta name=\"twitter:label1\" content=\"Written by\" \/>\n\t<meta name=\"twitter:data1\" content=\"admin\" \/>\n\t<meta name=\"twitter:label2\" content=\"Est. reading time\" \/>\n\t<meta name=\"twitter:data2\" content=\"3 minutes\" \/>\n<script type=\"application\/ld+json\" class=\"yoast-schema-graph\">{\"@context\":\"https:\/\/schema.org\",\"@graph\":[{\"@type\":\"Article\",\"@id\":\"https:\/\/odabrano.com\/index.php\/2024\/05\/05\/jandrokovic-uvjeren-da-ce-iduci-tjedan-vecina-biti-osigurana\/#article\",\"isPartOf\":{\"@id\":\"https:\/\/odabrano.com\/index.php\/2024\/05\/05\/jandrokovic-uvjeren-da-ce-iduci-tjedan-vecina-biti-osigurana\/\"},\"author\":{\"name\":\"admin\",\"@id\":\"https:\/\/odabrano.com\/#\/schema\/person\/460f2b14657879743f23c4f6a7cd3236\"},\"headline\":\"Jandrokovi\u0107 uvjeren da \u0107e idu\u0107i tjedan ve\u0107ina biti osigurana\",\"datePublished\":\"2024-05-05T13:46:56+00:00\",\"dateModified\":\"2024-05-05T13:46:58+00:00\",\"mainEntityOfPage\":{\"@id\":\"https:\/\/odabrano.com\/index.php\/2024\/05\/05\/jandrokovic-uvjeren-da-ce-iduci-tjedan-vecina-biti-osigurana\/\"},\"wordCount\":593,\"publisher\":{\"@id\":\"https:\/\/odabrano.com\/#\/schema\/person\/460f2b14657879743f23c4f6a7cd3236\"},\"keywords\":[\"hrebak\",\"jandrokovi\u0107\",\"pupovac\",\"samor\",\"ve\u0107ina\"],\"articleSection\":[\"Hrvatska\"],\"inLanguage\":\"en-US\"},{\"@type\":\"WebPage\",\"@id\":\"https:\/\/odabrano.com\/index.php\/2024\/05\/05\/jandrokovic-uvjeren-da-ce-iduci-tjedan-vecina-biti-osigurana\/\",\"url\":\"https:\/\/odabrano.com\/index.php\/2024\/05\/05\/jandrokovic-uvjeren-da-ce-iduci-tjedan-vecina-biti-osigurana\/\",\"name\":\"Jandrokovi\u0107 uvjeren da \u0107e idu\u0107i tjedan ve\u0107ina biti osigurana - odabrano\",\"isPartOf\":{\"@id\":\"https:\/\/odabrano.com\/#website\"},\"datePublished\":\"2024-05-05T13:46:56+00:00\",\"dateModified\":\"2024-05-05T13:46:58+00:00\",\"breadcrumb\":{\"@id\":\"https:\/\/odabrano.com\/index.php\/2024\/05\/05\/jandrokovic-uvjeren-da-ce-iduci-tjedan-vecina-biti-osigurana\/#breadcrumb\"},\"inLanguage\":\"en-US\",\"potentialAction\":[{\"@type\":\"ReadAction\",\"target\":[\"https:\/\/odabrano.com\/index.php\/2024\/05\/05\/jandrokovic-uvjeren-da-ce-iduci-tjedan-vecina-biti-osigurana\/\"]}]},{\"@type\":\"BreadcrumbList\",\"@id\":\"https:\/\/odabrano.com\/index.php\/2024\/05\/05\/jandrokovic-uvjeren-da-ce-iduci-tjedan-vecina-biti-osigurana\/#breadcrumb\",\"itemListElement\":[{\"@type\":\"ListItem\",\"position\":1,\"name\":\"Home\",\"item\":\"https:\/\/odabrano.com\/\"},{\"@type\":\"ListItem\",\"position\":2,\"name\":\"Jandrokovi\u0107 uvjeren da \u0107e idu\u0107i tjedan ve\u0107ina biti osigurana\"}]},{\"@type\":\"WebSite\",\"@id\":\"https:\/\/odabrano.com\/#website\",\"url\":\"https:\/\/odabrano.com\/\",\"name\":\"odabrano\",\"description\":\"news portal koji nudi odabrane vijesti i informacije\",\"publisher\":{\"@id\":\"https:\/\/odabrano.com\/#\/schema\/person\/460f2b14657879743f23c4f6a7cd3236\"},\"alternateName\":\"vijesti i informacije iz Hrvatske i svijeta\",\"potentialAction\":[{\"@type\":\"SearchAction\",\"target\":{\"@type\":\"EntryPoint\",\"urlTemplate\":\"https:\/\/odabrano.com\/?s={search_term_string}\"},\"query-input\":\"required name=search_term_string\"}],\"inLanguage\":\"en-US\"},{\"@type\":[\"Person\",\"Organization\"],\"@id\":\"https:\/\/odabrano.com\/#\/schema\/person\/460f2b14657879743f23c4f6a7cd3236\",\"name\":\"admin\",\"image\":{\"@type\":\"ImageObject\",\"inLanguage\":\"en-US\",\"@id\":\"https:\/\/odabrano.com\/#\/schema\/person\/image\/\",\"url\":\"https:\/\/odabrano.com\/wp-content\/uploads\/2024\/04\/dolar.jpg\",\"contentUrl\":\"https:\/\/odabrano.com\/wp-content\/uploads\/2024\/04\/dolar.jpg\",\"width\":1216,\"height\":519,\"caption\":\"admin\"},\"logo\":{\"@id\":\"https:\/\/odabrano.com\/#\/schema\/person\/image\/\"},\"sameAs\":[\"http:\/\/odabrano.com\"],\"url\":\"https:\/\/odabrano.com\/index.php\/author\/sokolneno_u3xb387h\/\"}]}<\/script>\n<!-- \/ Yoast SEO plugin. -->","yoast_head_json":{"title":"Jandrokovi\u0107 uvjeren da \u0107e idu\u0107i tjedan ve\u0107ina biti osigurana - odabrano","robots":{"index":"index","follow":"follow","max-snippet":"max-snippet:-1","max-image-preview":"max-image-preview:large","max-video-preview":"max-video-preview:-1"},"canonical":"https:\/\/odabrano.com\/index.php\/2024\/05\/05\/jandrokovic-uvjeren-da-ce-iduci-tjedan-vecina-biti-osigurana\/","og_locale":"en_US","og_type":"article","og_title":"Jandrokovi\u0107 uvjeren da \u0107e idu\u0107i tjedan ve\u0107ina biti osigurana - odabrano","og_description":"Predsjednik Sabora istaknuo je napredak u pregovorima izme\u0111u HDZ-a i DP-a u sastavljanju parlamentarne ve\u0107ine te je uvjeren da \u0107e se idu\u0107ih dana ve\u0107 znati koji \u0107e zastupnici biti u nju uklju\u010deni, a ve\u0107ina osigurana U idu\u0107em tjednu sve \u0107e biti jasnije i imat \u0107emo to\u010dne brojke. Ali sasvim sigurno, ve\u0107ina \u0107e biti osigurana, izjavio &hellip;","og_url":"https:\/\/odabrano.com\/index.php\/2024\/05\/05\/jandrokovic-uvjeren-da-ce-iduci-tjedan-vecina-biti-osigurana\/","og_site_name":"odabrano","article_published_time":"2024-05-05T13:46:56+00:00","article_modified_time":"2024-05-05T13:46:58+00:00","og_image":[{"width":622,"height":350,"url":"https:\/\/odabrano.com\/wp-content\/uploads\/2024\/05\/jandrokovic.webp","type":"image\/webp"}],"author":"admin","twitter_card":"summary_large_image","twitter_misc":{"Written by":"admin","Est. reading time":"3 minutes"},"schema":{"@context":"https:\/\/schema.org","@graph":[{"@type":"Article","@id":"https:\/\/odabrano.com\/index.php\/2024\/05\/05\/jandrokovic-uvjeren-da-ce-iduci-tjedan-vecina-biti-osigurana\/#article","isPartOf":{"@id":"https:\/\/odabrano.com\/index.php\/2024\/05\/05\/jandrokovic-uvjeren-da-ce-iduci-tjedan-vecina-biti-osigurana\/"},"author":{"name":"admin","@id":"https:\/\/odabrano.com\/#\/schema\/person\/460f2b14657879743f23c4f6a7cd3236"},"headline":"Jandrokovi\u0107 uvjeren da \u0107e idu\u0107i tjedan ve\u0107ina biti osigurana","datePublished":"2024-05-05T13:46:56+00:00","dateModified":"2024-05-05T13:46:58+00:00","mainEntityOfPage":{"@id":"https:\/\/odabrano.com\/index.php\/2024\/05\/05\/jandrokovic-uvjeren-da-ce-iduci-tjedan-vecina-biti-osigurana\/"},"wordCount":593,"publisher":{"@id":"https:\/\/odabrano.com\/#\/schema\/person\/460f2b14657879743f23c4f6a7cd3236"},"keywords":["hrebak","jandrokovi\u0107","pupovac","samor","ve\u0107ina"],"articleSection":["Hrvatska"],"inLanguage":"en-US"},{"@type":"WebPage","@id":"https:\/\/odabrano.com\/index.php\/2024\/05\/05\/jandrokovic-uvjeren-da-ce-iduci-tjedan-vecina-biti-osigurana\/","url":"https:\/\/odabrano.com\/index.php\/2024\/05\/05\/jandrokovic-uvjeren-da-ce-iduci-tjedan-vecina-biti-osigurana\/","name":"Jandrokovi\u0107 uvjeren da \u0107e idu\u0107i tjedan ve\u0107ina biti osigurana - odabrano","isPartOf":{"@id":"https:\/\/odabrano.com\/#website"},"datePublished":"2024-05-05T13:46:56+00:00","dateModified":"2024-05-05T13:46:58+00:00","breadcrumb":{"@id":"https:\/\/odabrano.com\/index.php\/2024\/05\/05\/jandrokovic-uvjeren-da-ce-iduci-tjedan-vecina-biti-osigurana\/#breadcrumb"},"inLanguage":"en-US","potentialAction":[{"@type":"ReadAction","target":["https:\/\/odabrano.com\/index.php\/2024\/05\/05\/jandrokovic-uvjeren-da-ce-iduci-tjedan-vecina-biti-osigurana\/"]}]},{"@type":"BreadcrumbList","@id":"https:\/\/odabrano.com\/index.php\/2024\/05\/05\/jandrokovic-uvjeren-da-ce-iduci-tjedan-vecina-biti-osigurana\/#breadcrumb","itemListElement":[{"@type":"ListItem","position":1,"name":"Home","item":"https:\/\/odabrano.com\/"},{"@type":"ListItem","position":2,"name":"Jandrokovi\u0107 uvjeren da \u0107e idu\u0107i tjedan ve\u0107ina biti osigurana"}]},{"@type":"WebSite","@id":"https:\/\/odabrano.com\/#website","url":"https:\/\/odabrano.com\/","name":"odabrano","description":"news portal koji nudi odabrane vijesti i informacije","publisher":{"@id":"https:\/\/odabrano.com\/#\/schema\/person\/460f2b14657879743f23c4f6a7cd3236"},"alternateName":"vijesti i informacije iz Hrvatske i svijeta","potentialAction":[{"@type":"SearchAction","target":{"@type":"EntryPoint","urlTemplate":"https:\/\/odabrano.com\/?s={search_term_string}"},"query-input":"required name=search_term_string"}],"inLanguage":"en-US"},{"@type":["Person","Organization"],"@id":"https:\/\/odabrano.com\/#\/schema\/person\/460f2b14657879743f23c4f6a7cd3236","name":"admin","image":{"@type":"ImageObject","inLanguage":"en-US","@id":"https:\/\/odabrano.com\/#\/schema\/person\/image\/","url":"https:\/\/odabrano.com\/wp-content\/uploads\/2024\/04\/dolar.jpg","contentUrl":"https:\/\/odabrano.com\/wp-content\/uploads\/2024\/04\/dolar.jpg","width":1216,"height":519,"caption":"admin"},"logo":{"@id":"https:\/\/odabrano.com\/#\/schema\/person\/image\/"},"sameAs":["http:\/\/odabrano.com"],"url":"https:\/\/odabrano.com\/index.php\/author\/sokolneno_u3xb387h\/"}]}},"_links":{"self":[{"href":"https:\/\/odabrano.com\/index.php\/wp-json\/wp\/v2\/posts\/2488","targetHints":{"allow":["GET"]}}],"collection":[{"href":"https:\/\/odabrano.com\/index.php\/wp-json\/wp\/v2\/posts"}],"about":[{"href":"https:\/\/odabrano.com\/index.php\/wp-json\/wp\/v2\/types\/post"}],"author":[{"embeddable":true,"href":"https:\/\/odabrano.com\/index.php\/wp-json\/wp\/v2\/users\/1"}],"replies":[{"embeddable":true,"href":"https:\/\/odabrano.com\/index.php\/wp-json\/wp\/v2\/comments?post=2488"}],"version-history":[{"count":1,"href":"https:\/\/odabrano.com\/index.php\/wp-json\/wp\/v2\/posts\/2488\/revisions"}],"predecessor-version":[{"id":2492,"href":"https:\/\/odabrano.com\/index.php\/wp-json\/wp\/v2\/posts\/2488\/revisions\/2492"}],"wp:featuredmedia":[{"embeddable":true,"href":"https:\/\/odabrano.com\/index.php\/wp-json\/wp\/v2\/media\/2489"}],"wp:attachment":[{"href":"https:\/\/odabrano.com\/index.php\/wp-json\/wp\/v2\/media?parent=2488"}],"wp:term":[{"taxonomy":"category","embeddable":true,"href":"https:\/\/odabrano.com\/index.php\/wp-json\/wp\/v2\/categories?post=2488"},{"taxonomy":"post_tag","embeddable":true,"href":"https:\/\/odabrano.com\/index.php\/wp-json\/wp\/v2\/tags?post=2488"}],"curies":[{"name":"wp","href":"https:\/\/api.w.org\/{rel}","templated":true}]}}