{"id":2485,"date":"2024-05-05T12:53:25","date_gmt":"2024-05-05T10:53:25","guid":{"rendered":"http:\/\/odabrano.com\/?p=2485"},"modified":"2024-05-05T12:53:26","modified_gmt":"2024-05-05T10:53:26","slug":"u-kairu-se-nastavljaju-pregovori-o-prekidu-vatre-u-gazi","status":"publish","type":"post","link":"https:\/\/odabrano.com\/index.php\/2024\/05\/05\/u-kairu-se-nastavljaju-pregovori-o-prekidu-vatre-u-gazi\/","title":{"rendered":"U Kairu se nastavljaju pregovori o prekidu vatre u Gazi"},"content":{"rendered":"\n<p><strong>\u010celnici Hamasa sudjeluju u nedjelju u drugom danu pregovora o primirju s egipatskim i katarskim posrednicima, bez o\u010ditog napretka jer je islamisti\u010dka skupina ostala pri svom zahtjevu da svaki sporazum mora prekinuti rat u Gazi, rekli su palestinski du\u017enosnici<\/strong><\/p>\n\n\n\n<p>Palestinski du\u017enosnik, blizak pregovorima, rekao je da je izaslanstvo Hamasa stiglo u Kairo odlu\u010dno posti\u0107i dogovor, &#8216;ali ne pod svaku cijenu&#8217;. &#8216;Dogovor mora<strong>\u00a0prekinuti rat<\/strong>\u00a0i osigurati povla\u010denje izraelskih snaga iz Gaze, a Izrael se jo\u0161 nije obvezao na to&#8217;, rekao je du\u017enosnik za Reuters, tra\u017ee\u0107i da ne bude imenovan.<\/p>\n\n\n\n<p>Izrael \u017eeli dogovor o osloba\u0111anju barem nekih od&nbsp;<strong>oko 130 talaca<\/strong>&nbsp;koje dr\u017ei Hamas. Izraelski du\u017enosnik signalizirao je u subotu da je osnovni stav zemlje nepromijenjen i da&nbsp;Izrael &#8216;ni pod kojim uvjetima&#8217;&nbsp;ne\u0107e pristati na dogovor o okon\u010danju rata, koji vodi&nbsp;s ciljem razoru\u017eavanja i raspu\u0161tanja&nbsp;Hamasa zauvijek.<\/p>\n\n\n\n<p>Drugi palestinski du\u017enosnik rekao je Reutersu da su pregovori &#8216;suo\u010deni s izazovima jer se&nbsp;(Izrael) odbija obvezati na sveobuhvatni prekid vatre&#8217;, ali je dodao da je delegacija Hamasa jo\u0161 uvijek u Kairu u nadi da bi posrednici mogli pritisnuti Izrael da&nbsp;<strong>promijeni svoje stajali\u0161te.<\/strong><\/p>\n\n\n\n<p>Izrael je preliminarno prihvatio uvjete za koje je jedan izvor rekao da uklju\u010duju povratak izme\u0111u 20 i 33 izraelskih taoca u zamjenu za osloba\u0111anje stotina palestinskih zatvorenika i primirje od nekoliko tjedana. To bi ostavilo\u00a0<strong>oko 100 talaca<\/strong>\u00a0u Gazi, od kojih Izrael ka\u017ee da su neki umrli u zato\u010deni\u0161tvu.<\/p>\n\n\n\n<p><\/p>\n","protected":false},"excerpt":{"rendered":"<p>\u010celnici Hamasa sudjeluju u nedjelju u drugom danu pregovora o primirju s egipatskim i katarskim posrednicima, bez o\u010ditog napretka jer je islamisti\u010dka skupina ostala pri svom zahtjevu da svaki sporazum mora prekinuti rat u Gazi, rekli su palestinski du\u017enosnici Palestinski du\u017enosnik, blizak pregovorima, rekao je da je izaslanstvo Hamasa stiglo u Kairo odlu\u010dno posti\u0107i dogovor, &hellip;<\/p>\n","protected":false},"author":1,"featured_media":2486,"comment_status":"closed","ping_status":"open","sticky":false,"template":"","format":"standard","meta":{"_monsterinsights_skip_tracking":false,"_monsterinsights_sitenote_active":false,"_monsterinsights_sitenote_note":"","_monsterinsights_sitenote_category":0,"footnotes":""},"categories":[9],"tags":[21,292,75,533,311,82],"class_list":["post-2485","post","type-post","status-publish","format-standard","has-post-thumbnail","","category-svijet","tag-gaza","tag-hamas","tag-izrael","tag-kairo","tag-pregovori","tag-taoci"],"yoast_head":"<!-- This site is optimized with the Yoast SEO plugin v22.1 - https:\/\/yoast.com\/wordpress\/plugins\/seo\/ -->\n<title>U Kairu se nastavljaju pregovori o prekidu vatre u Gazi - odabrano<\/title>\n<meta name=\"robots\" content=\"index, follow, max-snippet:-1, max-image-preview:large, max-video-preview:-1\" \/>\n<link rel=\"canonical\" href=\"https:\/\/odabrano.com\/index.php\/2024\/05\/05\/u-kairu-se-nastavljaju-pregovori-o-prekidu-vatre-u-gazi\/\" \/>\n<meta property=\"og:locale\" content=\"en_US\" \/>\n<meta property=\"og:type\" content=\"article\" \/>\n<meta property=\"og:title\" content=\"U Kairu se nastavljaju pregovori o prekidu vatre u Gazi - odabrano\" \/>\n<meta property=\"og:description\" content=\"\u010celnici Hamasa sudjeluju u nedjelju u drugom danu pregovora o primirju s egipatskim i katarskim posrednicima, bez o\u010ditog napretka jer je islamisti\u010dka skupina ostala pri svom zahtjevu da svaki sporazum mora prekinuti rat u Gazi, rekli su palestinski du\u017enosnici Palestinski du\u017enosnik, blizak pregovorima, rekao je da je izaslanstvo Hamasa stiglo u Kairo odlu\u010dno posti\u0107i dogovor, &hellip;\" \/>\n<meta property=\"og:url\" content=\"https:\/\/odabrano.com\/index.php\/2024\/05\/05\/u-kairu-se-nastavljaju-pregovori-o-prekidu-vatre-u-gazi\/\" \/>\n<meta property=\"og:site_name\" content=\"odabrano\" \/>\n<meta property=\"article:published_time\" content=\"2024-05-05T10:53:25+00:00\" \/>\n<meta property=\"article:modified_time\" content=\"2024-05-05T10:53:26+00:00\" \/>\n<meta property=\"og:image\" content=\"https:\/\/odabrano.com\/wp-content\/uploads\/2024\/05\/gaza2.jpg\" \/>\n\t<meta property=\"og:image:width\" content=\"1597\" \/>\n\t<meta property=\"og:image:height\" content=\"898\" \/>\n\t<meta property=\"og:image:type\" content=\"image\/jpeg\" \/>\n<meta name=\"author\" content=\"admin\" \/>\n<meta name=\"twitter:card\" content=\"summary_large_image\" \/>\n<meta name=\"twitter:label1\" content=\"Written by\" \/>\n\t<meta name=\"twitter:data1\" content=\"admin\" \/>\n\t<meta name=\"twitter:label2\" content=\"Est. reading time\" \/>\n\t<meta name=\"twitter:data2\" content=\"2 minutes\" \/>\n<script type=\"application\/ld+json\" class=\"yoast-schema-graph\">{\"@context\":\"https:\/\/schema.org\",\"@graph\":[{\"@type\":\"Article\",\"@id\":\"https:\/\/odabrano.com\/index.php\/2024\/05\/05\/u-kairu-se-nastavljaju-pregovori-o-prekidu-vatre-u-gazi\/#article\",\"isPartOf\":{\"@id\":\"https:\/\/odabrano.com\/index.php\/2024\/05\/05\/u-kairu-se-nastavljaju-pregovori-o-prekidu-vatre-u-gazi\/\"},\"author\":{\"name\":\"admin\",\"@id\":\"https:\/\/odabrano.com\/#\/schema\/person\/460f2b14657879743f23c4f6a7cd3236\"},\"headline\":\"U Kairu se nastavljaju pregovori o prekidu vatre u Gazi\",\"datePublished\":\"2024-05-05T10:53:25+00:00\",\"dateModified\":\"2024-05-05T10:53:26+00:00\",\"mainEntityOfPage\":{\"@id\":\"https:\/\/odabrano.com\/index.php\/2024\/05\/05\/u-kairu-se-nastavljaju-pregovori-o-prekidu-vatre-u-gazi\/\"},\"wordCount\":272,\"publisher\":{\"@id\":\"https:\/\/odabrano.com\/#\/schema\/person\/460f2b14657879743f23c4f6a7cd3236\"},\"keywords\":[\"gaza\",\"hamas\",\"izrael\",\"kairo\",\"pregovori\",\"taoci\"],\"articleSection\":[\"Svijet\"],\"inLanguage\":\"en-US\"},{\"@type\":\"WebPage\",\"@id\":\"https:\/\/odabrano.com\/index.php\/2024\/05\/05\/u-kairu-se-nastavljaju-pregovori-o-prekidu-vatre-u-gazi\/\",\"url\":\"https:\/\/odabrano.com\/index.php\/2024\/05\/05\/u-kairu-se-nastavljaju-pregovori-o-prekidu-vatre-u-gazi\/\",\"name\":\"U Kairu se nastavljaju pregovori o prekidu vatre u Gazi - odabrano\",\"isPartOf\":{\"@id\":\"https:\/\/odabrano.com\/#website\"},\"datePublished\":\"2024-05-05T10:53:25+00:00\",\"dateModified\":\"2024-05-05T10:53:26+00:00\",\"breadcrumb\":{\"@id\":\"https:\/\/odabrano.com\/index.php\/2024\/05\/05\/u-kairu-se-nastavljaju-pregovori-o-prekidu-vatre-u-gazi\/#breadcrumb\"},\"inLanguage\":\"en-US\",\"potentialAction\":[{\"@type\":\"ReadAction\",\"target\":[\"https:\/\/odabrano.com\/index.php\/2024\/05\/05\/u-kairu-se-nastavljaju-pregovori-o-prekidu-vatre-u-gazi\/\"]}]},{\"@type\":\"BreadcrumbList\",\"@id\":\"https:\/\/odabrano.com\/index.php\/2024\/05\/05\/u-kairu-se-nastavljaju-pregovori-o-prekidu-vatre-u-gazi\/#breadcrumb\",\"itemListElement\":[{\"@type\":\"ListItem\",\"position\":1,\"name\":\"Home\",\"item\":\"https:\/\/odabrano.com\/\"},{\"@type\":\"ListItem\",\"position\":2,\"name\":\"U Kairu se nastavljaju pregovori o prekidu vatre u Gazi\"}]},{\"@type\":\"WebSite\",\"@id\":\"https:\/\/odabrano.com\/#website\",\"url\":\"https:\/\/odabrano.com\/\",\"name\":\"odabrano\",\"description\":\"news portal koji nudi odabrane vijesti i informacije\",\"publisher\":{\"@id\":\"https:\/\/odabrano.com\/#\/schema\/person\/460f2b14657879743f23c4f6a7cd3236\"},\"alternateName\":\"vijesti i informacije iz Hrvatske i svijeta\",\"potentialAction\":[{\"@type\":\"SearchAction\",\"target\":{\"@type\":\"EntryPoint\",\"urlTemplate\":\"https:\/\/odabrano.com\/?s={search_term_string}\"},\"query-input\":\"required name=search_term_string\"}],\"inLanguage\":\"en-US\"},{\"@type\":[\"Person\",\"Organization\"],\"@id\":\"https:\/\/odabrano.com\/#\/schema\/person\/460f2b14657879743f23c4f6a7cd3236\",\"name\":\"admin\",\"image\":{\"@type\":\"ImageObject\",\"inLanguage\":\"en-US\",\"@id\":\"https:\/\/odabrano.com\/#\/schema\/person\/image\/\",\"url\":\"https:\/\/odabrano.com\/wp-content\/uploads\/2024\/04\/dolar.jpg\",\"contentUrl\":\"https:\/\/odabrano.com\/wp-content\/uploads\/2024\/04\/dolar.jpg\",\"width\":1216,\"height\":519,\"caption\":\"admin\"},\"logo\":{\"@id\":\"https:\/\/odabrano.com\/#\/schema\/person\/image\/\"},\"sameAs\":[\"http:\/\/odabrano.com\"],\"url\":\"https:\/\/odabrano.com\/index.php\/author\/sokolneno_u3xb387h\/\"}]}<\/script>\n<!-- \/ Yoast SEO plugin. -->","yoast_head_json":{"title":"U Kairu se nastavljaju pregovori o prekidu vatre u Gazi - odabrano","robots":{"index":"index","follow":"follow","max-snippet":"max-snippet:-1","max-image-preview":"max-image-preview:large","max-video-preview":"max-video-preview:-1"},"canonical":"https:\/\/odabrano.com\/index.php\/2024\/05\/05\/u-kairu-se-nastavljaju-pregovori-o-prekidu-vatre-u-gazi\/","og_locale":"en_US","og_type":"article","og_title":"U Kairu se nastavljaju pregovori o prekidu vatre u Gazi - odabrano","og_description":"\u010celnici Hamasa sudjeluju u nedjelju u drugom danu pregovora o primirju s egipatskim i katarskim posrednicima, bez o\u010ditog napretka jer je islamisti\u010dka skupina ostala pri svom zahtjevu da svaki sporazum mora prekinuti rat u Gazi, rekli su palestinski du\u017enosnici Palestinski du\u017enosnik, blizak pregovorima, rekao je da je izaslanstvo Hamasa stiglo u Kairo odlu\u010dno posti\u0107i dogovor, &hellip;","og_url":"https:\/\/odabrano.com\/index.php\/2024\/05\/05\/u-kairu-se-nastavljaju-pregovori-o-prekidu-vatre-u-gazi\/","og_site_name":"odabrano","article_published_time":"2024-05-05T10:53:25+00:00","article_modified_time":"2024-05-05T10:53:26+00:00","og_image":[{"width":1597,"height":898,"url":"https:\/\/odabrano.com\/wp-content\/uploads\/2024\/05\/gaza2.jpg","type":"image\/jpeg"}],"author":"admin","twitter_card":"summary_large_image","twitter_misc":{"Written by":"admin","Est. reading time":"2 minutes"},"schema":{"@context":"https:\/\/schema.org","@graph":[{"@type":"Article","@id":"https:\/\/odabrano.com\/index.php\/2024\/05\/05\/u-kairu-se-nastavljaju-pregovori-o-prekidu-vatre-u-gazi\/#article","isPartOf":{"@id":"https:\/\/odabrano.com\/index.php\/2024\/05\/05\/u-kairu-se-nastavljaju-pregovori-o-prekidu-vatre-u-gazi\/"},"author":{"name":"admin","@id":"https:\/\/odabrano.com\/#\/schema\/person\/460f2b14657879743f23c4f6a7cd3236"},"headline":"U Kairu se nastavljaju pregovori o prekidu vatre u Gazi","datePublished":"2024-05-05T10:53:25+00:00","dateModified":"2024-05-05T10:53:26+00:00","mainEntityOfPage":{"@id":"https:\/\/odabrano.com\/index.php\/2024\/05\/05\/u-kairu-se-nastavljaju-pregovori-o-prekidu-vatre-u-gazi\/"},"wordCount":272,"publisher":{"@id":"https:\/\/odabrano.com\/#\/schema\/person\/460f2b14657879743f23c4f6a7cd3236"},"keywords":["gaza","hamas","izrael","kairo","pregovori","taoci"],"articleSection":["Svijet"],"inLanguage":"en-US"},{"@type":"WebPage","@id":"https:\/\/odabrano.com\/index.php\/2024\/05\/05\/u-kairu-se-nastavljaju-pregovori-o-prekidu-vatre-u-gazi\/","url":"https:\/\/odabrano.com\/index.php\/2024\/05\/05\/u-kairu-se-nastavljaju-pregovori-o-prekidu-vatre-u-gazi\/","name":"U Kairu se nastavljaju pregovori o prekidu vatre u Gazi - odabrano","isPartOf":{"@id":"https:\/\/odabrano.com\/#website"},"datePublished":"2024-05-05T10:53:25+00:00","dateModified":"2024-05-05T10:53:26+00:00","breadcrumb":{"@id":"https:\/\/odabrano.com\/index.php\/2024\/05\/05\/u-kairu-se-nastavljaju-pregovori-o-prekidu-vatre-u-gazi\/#breadcrumb"},"inLanguage":"en-US","potentialAction":[{"@type":"ReadAction","target":["https:\/\/odabrano.com\/index.php\/2024\/05\/05\/u-kairu-se-nastavljaju-pregovori-o-prekidu-vatre-u-gazi\/"]}]},{"@type":"BreadcrumbList","@id":"https:\/\/odabrano.com\/index.php\/2024\/05\/05\/u-kairu-se-nastavljaju-pregovori-o-prekidu-vatre-u-gazi\/#breadcrumb","itemListElement":[{"@type":"ListItem","position":1,"name":"Home","item":"https:\/\/odabrano.com\/"},{"@type":"ListItem","position":2,"name":"U Kairu se nastavljaju pregovori o prekidu vatre u Gazi"}]},{"@type":"WebSite","@id":"https:\/\/odabrano.com\/#website","url":"https:\/\/odabrano.com\/","name":"odabrano","description":"news portal koji nudi odabrane vijesti i informacije","publisher":{"@id":"https:\/\/odabrano.com\/#\/schema\/person\/460f2b14657879743f23c4f6a7cd3236"},"alternateName":"vijesti i informacije iz Hrvatske i svijeta","potentialAction":[{"@type":"SearchAction","target":{"@type":"EntryPoint","urlTemplate":"https:\/\/odabrano.com\/?s={search_term_string}"},"query-input":"required name=search_term_string"}],"inLanguage":"en-US"},{"@type":["Person","Organization"],"@id":"https:\/\/odabrano.com\/#\/schema\/person\/460f2b14657879743f23c4f6a7cd3236","name":"admin","image":{"@type":"ImageObject","inLanguage":"en-US","@id":"https:\/\/odabrano.com\/#\/schema\/person\/image\/","url":"https:\/\/odabrano.com\/wp-content\/uploads\/2024\/04\/dolar.jpg","contentUrl":"https:\/\/odabrano.com\/wp-content\/uploads\/2024\/04\/dolar.jpg","width":1216,"height":519,"caption":"admin"},"logo":{"@id":"https:\/\/odabrano.com\/#\/schema\/person\/image\/"},"sameAs":["http:\/\/odabrano.com"],"url":"https:\/\/odabrano.com\/index.php\/author\/sokolneno_u3xb387h\/"}]}},"_links":{"self":[{"href":"https:\/\/odabrano.com\/index.php\/wp-json\/wp\/v2\/posts\/2485","targetHints":{"allow":["GET"]}}],"collection":[{"href":"https:\/\/odabrano.com\/index.php\/wp-json\/wp\/v2\/posts"}],"about":[{"href":"https:\/\/odabrano.com\/index.php\/wp-json\/wp\/v2\/types\/post"}],"author":[{"embeddable":true,"href":"https:\/\/odabrano.com\/index.php\/wp-json\/wp\/v2\/users\/1"}],"replies":[{"embeddable":true,"href":"https:\/\/odabrano.com\/index.php\/wp-json\/wp\/v2\/comments?post=2485"}],"version-history":[{"count":1,"href":"https:\/\/odabrano.com\/index.php\/wp-json\/wp\/v2\/posts\/2485\/revisions"}],"predecessor-version":[{"id":2487,"href":"https:\/\/odabrano.com\/index.php\/wp-json\/wp\/v2\/posts\/2485\/revisions\/2487"}],"wp:featuredmedia":[{"embeddable":true,"href":"https:\/\/odabrano.com\/index.php\/wp-json\/wp\/v2\/media\/2486"}],"wp:attachment":[{"href":"https:\/\/odabrano.com\/index.php\/wp-json\/wp\/v2\/media?parent=2485"}],"wp:term":[{"taxonomy":"category","embeddable":true,"href":"https:\/\/odabrano.com\/index.php\/wp-json\/wp\/v2\/categories?post=2485"},{"taxonomy":"post_tag","embeddable":true,"href":"https:\/\/odabrano.com\/index.php\/wp-json\/wp\/v2\/tags?post=2485"}],"curies":[{"name":"wp","href":"https:\/\/api.w.org\/{rel}","templated":true}]}}