{"id":245,"date":"2024-03-02T16:04:50","date_gmt":"2024-03-02T16:04:50","guid":{"rendered":"http:\/\/odabrano.com\/?p=245"},"modified":"2024-03-02T16:04:50","modified_gmt":"2024-03-02T16:04:50","slug":"medvedev-upozorava-ako-nato-stacionira-svoje-trupe-u-ukrajini-to-ce-biti-rat","status":"publish","type":"post","link":"https:\/\/odabrano.com\/index.php\/2024\/03\/02\/medvedev-upozorava-ako-nato-stacionira-svoje-trupe-u-ukrajini-to-ce-biti-rat\/","title":{"rendered":"Medvedev upozorava: &#8220;Ako NATO stacionira svoje trupe u Ukrajini, to \u0107e biti rat&#8221;"},"content":{"rendered":"\n<p>Ako NATO ustupi svoje zra\u010dne luke &#8220;neonacistima&#8221; ili stacionira svoje trupe na ukrajinskom teritoriju, njegove \u0107e snage postati &#8220;legitimna meta ruskih oru\u017eanih snaga&#8221;. Rusija ne namjerava napasti niti jednu dr\u017eavu NATO-a, ali \u0107e odgovoriti u slu\u010daju prijetnje njezinom integritetu. Napisao je to na svojim profilima na dru\u0161tvenim mre\u017eama potpredsjednik ruskog Vije\u0107a sigurnosti Dmitrij Medvedev. Prema njegovim rije\u010dima, NATO vje\u017ebe imaju za cilj poslati izravan signal Moskvi.<\/p>\n\n\n\n<p>\u201cAko je Savez sam odlu\u010dio provoditi vje\u017ebe ove razine, onda se stvarno ne\u010dega boji. I ne vjeruju (\u2026) u vojne uspjehe neonacisti\u010dkog re\u017eima u Kijevu\u201d, ustvrdio je biv\u0161i ruski predsjednik. \u201cNe namjeravamo napasti niti jednu zemlju NATO-a. To razumiju svi razumni ljudi na Zapadu. Me\u0111utim, ako se previ\u0161e igraju i naru\u0161avaju integritet na\u0161e zemlje, odmah \u0107e dobiti adekvatan odgovor\u201d, nastavio je Medvedev, dodav\u0161i da \u0107e izbiti \u201cveliki rat\u201d koji NATO ne\u0107e mo\u0107i izbje\u0107i.\u00a0<\/p>\n\n\n\n<p><\/p>\n","protected":false},"excerpt":{"rendered":"<p>Ako NATO ustupi svoje zra\u010dne luke &#8220;neonacistima&#8221; ili stacionira svoje trupe na ukrajinskom teritoriju, njegove \u0107e snage postati &#8220;legitimna meta ruskih oru\u017eanih snaga&#8221;. Rusija ne namjerava napasti niti jednu dr\u017eavu NATO-a, ali \u0107e odgovoriti u slu\u010daju prijetnje njezinom integritetu. Napisao je to na svojim profilima na dru\u0161tvenim mre\u017eama potpredsjednik ruskog Vije\u0107a sigurnosti Dmitrij Medvedev. Prema &hellip;<\/p>\n","protected":false},"author":1,"featured_media":246,"comment_status":"closed","ping_status":"open","sticky":false,"template":"","format":"standard","meta":{"_monsterinsights_skip_tracking":false,"_monsterinsights_sitenote_active":false,"_monsterinsights_sitenote_note":"","_monsterinsights_sitenote_category":0,"footnotes":""},"categories":[9],"tags":[42,16,37,18,17],"class_list":["post-245","post","type-post","status-publish","format-standard","has-post-thumbnail","","category-svijet","tag-medvedev","tag-nato","tag-putin","tag-rusija","tag-ukrajina"],"yoast_head":"<!-- This site is optimized with the Yoast SEO plugin v22.1 - https:\/\/yoast.com\/wordpress\/plugins\/seo\/ -->\n<title>Medvedev upozorava: &quot;Ako NATO stacionira svoje trupe u Ukrajini, to \u0107e biti rat&quot; - odabrano<\/title>\n<meta name=\"robots\" content=\"index, follow, max-snippet:-1, max-image-preview:large, max-video-preview:-1\" \/>\n<link rel=\"canonical\" href=\"https:\/\/odabrano.com\/index.php\/2024\/03\/02\/medvedev-upozorava-ako-nato-stacionira-svoje-trupe-u-ukrajini-to-ce-biti-rat\/\" \/>\n<meta property=\"og:locale\" content=\"en_US\" \/>\n<meta property=\"og:type\" content=\"article\" \/>\n<meta property=\"og:title\" content=\"Medvedev upozorava: &quot;Ako NATO stacionira svoje trupe u Ukrajini, to \u0107e biti rat&quot; - odabrano\" \/>\n<meta property=\"og:description\" content=\"Ako NATO ustupi svoje zra\u010dne luke &#8220;neonacistima&#8221; ili stacionira svoje trupe na ukrajinskom teritoriju, njegove \u0107e snage postati &#8220;legitimna meta ruskih oru\u017eanih snaga&#8221;. Rusija ne namjerava napasti niti jednu dr\u017eavu NATO-a, ali \u0107e odgovoriti u slu\u010daju prijetnje njezinom integritetu. Napisao je to na svojim profilima na dru\u0161tvenim mre\u017eama potpredsjednik ruskog Vije\u0107a sigurnosti Dmitrij Medvedev. Prema &hellip;\" \/>\n<meta property=\"og:url\" content=\"https:\/\/odabrano.com\/index.php\/2024\/03\/02\/medvedev-upozorava-ako-nato-stacionira-svoje-trupe-u-ukrajini-to-ce-biti-rat\/\" \/>\n<meta property=\"og:site_name\" content=\"odabrano\" \/>\n<meta property=\"article:published_time\" content=\"2024-03-02T16:04:50+00:00\" \/>\n<meta property=\"og:image\" content=\"https:\/\/odabrano.com\/wp-content\/uploads\/2024\/03\/medvedev.jpg\" \/>\n\t<meta property=\"og:image:width\" content=\"696\" \/>\n\t<meta property=\"og:image:height\" content=\"392\" \/>\n\t<meta property=\"og:image:type\" content=\"image\/jpeg\" \/>\n<meta name=\"author\" content=\"admin\" \/>\n<meta name=\"twitter:card\" content=\"summary_large_image\" \/>\n<meta name=\"twitter:label1\" content=\"Written by\" \/>\n\t<meta name=\"twitter:data1\" content=\"admin\" \/>\n\t<meta name=\"twitter:label2\" content=\"Est. reading time\" \/>\n\t<meta name=\"twitter:data2\" content=\"1 minute\" \/>\n<script type=\"application\/ld+json\" class=\"yoast-schema-graph\">{\"@context\":\"https:\/\/schema.org\",\"@graph\":[{\"@type\":\"Article\",\"@id\":\"https:\/\/odabrano.com\/index.php\/2024\/03\/02\/medvedev-upozorava-ako-nato-stacionira-svoje-trupe-u-ukrajini-to-ce-biti-rat\/#article\",\"isPartOf\":{\"@id\":\"https:\/\/odabrano.com\/index.php\/2024\/03\/02\/medvedev-upozorava-ako-nato-stacionira-svoje-trupe-u-ukrajini-to-ce-biti-rat\/\"},\"author\":{\"name\":\"admin\",\"@id\":\"https:\/\/odabrano.com\/#\/schema\/person\/460f2b14657879743f23c4f6a7cd3236\"},\"headline\":\"Medvedev upozorava: &#8220;Ako NATO stacionira svoje trupe u Ukrajini, to \u0107e biti rat&#8221;\",\"datePublished\":\"2024-03-02T16:04:50+00:00\",\"dateModified\":\"2024-03-02T16:04:50+00:00\",\"mainEntityOfPage\":{\"@id\":\"https:\/\/odabrano.com\/index.php\/2024\/03\/02\/medvedev-upozorava-ako-nato-stacionira-svoje-trupe-u-ukrajini-to-ce-biti-rat\/\"},\"wordCount\":174,\"publisher\":{\"@id\":\"https:\/\/odabrano.com\/#\/schema\/person\/460f2b14657879743f23c4f6a7cd3236\"},\"keywords\":[\"medvedev\",\"nato\",\"putin\",\"rusija\",\"ukrajina\"],\"articleSection\":[\"Svijet\"],\"inLanguage\":\"en-US\"},{\"@type\":\"WebPage\",\"@id\":\"https:\/\/odabrano.com\/index.php\/2024\/03\/02\/medvedev-upozorava-ako-nato-stacionira-svoje-trupe-u-ukrajini-to-ce-biti-rat\/\",\"url\":\"https:\/\/odabrano.com\/index.php\/2024\/03\/02\/medvedev-upozorava-ako-nato-stacionira-svoje-trupe-u-ukrajini-to-ce-biti-rat\/\",\"name\":\"Medvedev upozorava: \\\"Ako NATO stacionira svoje trupe u Ukrajini, to \u0107e biti rat\\\" - odabrano\",\"isPartOf\":{\"@id\":\"https:\/\/odabrano.com\/#website\"},\"datePublished\":\"2024-03-02T16:04:50+00:00\",\"dateModified\":\"2024-03-02T16:04:50+00:00\",\"breadcrumb\":{\"@id\":\"https:\/\/odabrano.com\/index.php\/2024\/03\/02\/medvedev-upozorava-ako-nato-stacionira-svoje-trupe-u-ukrajini-to-ce-biti-rat\/#breadcrumb\"},\"inLanguage\":\"en-US\",\"potentialAction\":[{\"@type\":\"ReadAction\",\"target\":[\"https:\/\/odabrano.com\/index.php\/2024\/03\/02\/medvedev-upozorava-ako-nato-stacionira-svoje-trupe-u-ukrajini-to-ce-biti-rat\/\"]}]},{\"@type\":\"BreadcrumbList\",\"@id\":\"https:\/\/odabrano.com\/index.php\/2024\/03\/02\/medvedev-upozorava-ako-nato-stacionira-svoje-trupe-u-ukrajini-to-ce-biti-rat\/#breadcrumb\",\"itemListElement\":[{\"@type\":\"ListItem\",\"position\":1,\"name\":\"Home\",\"item\":\"https:\/\/odabrano.com\/\"},{\"@type\":\"ListItem\",\"position\":2,\"name\":\"Medvedev upozorava: &#8220;Ako NATO stacionira svoje trupe u Ukrajini, to \u0107e biti rat&#8221;\"}]},{\"@type\":\"WebSite\",\"@id\":\"https:\/\/odabrano.com\/#website\",\"url\":\"https:\/\/odabrano.com\/\",\"name\":\"odabrano\",\"description\":\"news portal koji nudi odabrane vijesti i informacije\",\"publisher\":{\"@id\":\"https:\/\/odabrano.com\/#\/schema\/person\/460f2b14657879743f23c4f6a7cd3236\"},\"alternateName\":\"vijesti i informacije iz Hrvatske i svijeta\",\"potentialAction\":[{\"@type\":\"SearchAction\",\"target\":{\"@type\":\"EntryPoint\",\"urlTemplate\":\"https:\/\/odabrano.com\/?s={search_term_string}\"},\"query-input\":\"required name=search_term_string\"}],\"inLanguage\":\"en-US\"},{\"@type\":[\"Person\",\"Organization\"],\"@id\":\"https:\/\/odabrano.com\/#\/schema\/person\/460f2b14657879743f23c4f6a7cd3236\",\"name\":\"admin\",\"image\":{\"@type\":\"ImageObject\",\"inLanguage\":\"en-US\",\"@id\":\"https:\/\/odabrano.com\/#\/schema\/person\/image\/\",\"url\":\"https:\/\/odabrano.com\/wp-content\/uploads\/2024\/04\/dolar.jpg\",\"contentUrl\":\"https:\/\/odabrano.com\/wp-content\/uploads\/2024\/04\/dolar.jpg\",\"width\":1216,\"height\":519,\"caption\":\"admin\"},\"logo\":{\"@id\":\"https:\/\/odabrano.com\/#\/schema\/person\/image\/\"},\"sameAs\":[\"http:\/\/odabrano.com\"],\"url\":\"https:\/\/odabrano.com\/index.php\/author\/sokolneno_u3xb387h\/\"}]}<\/script>\n<!-- \/ Yoast SEO plugin. -->","yoast_head_json":{"title":"Medvedev upozorava: \"Ako NATO stacionira svoje trupe u Ukrajini, to \u0107e biti rat\" - odabrano","robots":{"index":"index","follow":"follow","max-snippet":"max-snippet:-1","max-image-preview":"max-image-preview:large","max-video-preview":"max-video-preview:-1"},"canonical":"https:\/\/odabrano.com\/index.php\/2024\/03\/02\/medvedev-upozorava-ako-nato-stacionira-svoje-trupe-u-ukrajini-to-ce-biti-rat\/","og_locale":"en_US","og_type":"article","og_title":"Medvedev upozorava: \"Ako NATO stacionira svoje trupe u Ukrajini, to \u0107e biti rat\" - odabrano","og_description":"Ako NATO ustupi svoje zra\u010dne luke &#8220;neonacistima&#8221; ili stacionira svoje trupe na ukrajinskom teritoriju, njegove \u0107e snage postati &#8220;legitimna meta ruskih oru\u017eanih snaga&#8221;. Rusija ne namjerava napasti niti jednu dr\u017eavu NATO-a, ali \u0107e odgovoriti u slu\u010daju prijetnje njezinom integritetu. Napisao je to na svojim profilima na dru\u0161tvenim mre\u017eama potpredsjednik ruskog Vije\u0107a sigurnosti Dmitrij Medvedev. Prema &hellip;","og_url":"https:\/\/odabrano.com\/index.php\/2024\/03\/02\/medvedev-upozorava-ako-nato-stacionira-svoje-trupe-u-ukrajini-to-ce-biti-rat\/","og_site_name":"odabrano","article_published_time":"2024-03-02T16:04:50+00:00","og_image":[{"width":696,"height":392,"url":"https:\/\/odabrano.com\/wp-content\/uploads\/2024\/03\/medvedev.jpg","type":"image\/jpeg"}],"author":"admin","twitter_card":"summary_large_image","twitter_misc":{"Written by":"admin","Est. reading time":"1 minute"},"schema":{"@context":"https:\/\/schema.org","@graph":[{"@type":"Article","@id":"https:\/\/odabrano.com\/index.php\/2024\/03\/02\/medvedev-upozorava-ako-nato-stacionira-svoje-trupe-u-ukrajini-to-ce-biti-rat\/#article","isPartOf":{"@id":"https:\/\/odabrano.com\/index.php\/2024\/03\/02\/medvedev-upozorava-ako-nato-stacionira-svoje-trupe-u-ukrajini-to-ce-biti-rat\/"},"author":{"name":"admin","@id":"https:\/\/odabrano.com\/#\/schema\/person\/460f2b14657879743f23c4f6a7cd3236"},"headline":"Medvedev upozorava: &#8220;Ako NATO stacionira svoje trupe u Ukrajini, to \u0107e biti rat&#8221;","datePublished":"2024-03-02T16:04:50+00:00","dateModified":"2024-03-02T16:04:50+00:00","mainEntityOfPage":{"@id":"https:\/\/odabrano.com\/index.php\/2024\/03\/02\/medvedev-upozorava-ako-nato-stacionira-svoje-trupe-u-ukrajini-to-ce-biti-rat\/"},"wordCount":174,"publisher":{"@id":"https:\/\/odabrano.com\/#\/schema\/person\/460f2b14657879743f23c4f6a7cd3236"},"keywords":["medvedev","nato","putin","rusija","ukrajina"],"articleSection":["Svijet"],"inLanguage":"en-US"},{"@type":"WebPage","@id":"https:\/\/odabrano.com\/index.php\/2024\/03\/02\/medvedev-upozorava-ako-nato-stacionira-svoje-trupe-u-ukrajini-to-ce-biti-rat\/","url":"https:\/\/odabrano.com\/index.php\/2024\/03\/02\/medvedev-upozorava-ako-nato-stacionira-svoje-trupe-u-ukrajini-to-ce-biti-rat\/","name":"Medvedev upozorava: \"Ako NATO stacionira svoje trupe u Ukrajini, to \u0107e biti rat\" - odabrano","isPartOf":{"@id":"https:\/\/odabrano.com\/#website"},"datePublished":"2024-03-02T16:04:50+00:00","dateModified":"2024-03-02T16:04:50+00:00","breadcrumb":{"@id":"https:\/\/odabrano.com\/index.php\/2024\/03\/02\/medvedev-upozorava-ako-nato-stacionira-svoje-trupe-u-ukrajini-to-ce-biti-rat\/#breadcrumb"},"inLanguage":"en-US","potentialAction":[{"@type":"ReadAction","target":["https:\/\/odabrano.com\/index.php\/2024\/03\/02\/medvedev-upozorava-ako-nato-stacionira-svoje-trupe-u-ukrajini-to-ce-biti-rat\/"]}]},{"@type":"BreadcrumbList","@id":"https:\/\/odabrano.com\/index.php\/2024\/03\/02\/medvedev-upozorava-ako-nato-stacionira-svoje-trupe-u-ukrajini-to-ce-biti-rat\/#breadcrumb","itemListElement":[{"@type":"ListItem","position":1,"name":"Home","item":"https:\/\/odabrano.com\/"},{"@type":"ListItem","position":2,"name":"Medvedev upozorava: &#8220;Ako NATO stacionira svoje trupe u Ukrajini, to \u0107e biti rat&#8221;"}]},{"@type":"WebSite","@id":"https:\/\/odabrano.com\/#website","url":"https:\/\/odabrano.com\/","name":"odabrano","description":"news portal koji nudi odabrane vijesti i informacije","publisher":{"@id":"https:\/\/odabrano.com\/#\/schema\/person\/460f2b14657879743f23c4f6a7cd3236"},"alternateName":"vijesti i informacije iz Hrvatske i svijeta","potentialAction":[{"@type":"SearchAction","target":{"@type":"EntryPoint","urlTemplate":"https:\/\/odabrano.com\/?s={search_term_string}"},"query-input":"required name=search_term_string"}],"inLanguage":"en-US"},{"@type":["Person","Organization"],"@id":"https:\/\/odabrano.com\/#\/schema\/person\/460f2b14657879743f23c4f6a7cd3236","name":"admin","image":{"@type":"ImageObject","inLanguage":"en-US","@id":"https:\/\/odabrano.com\/#\/schema\/person\/image\/","url":"https:\/\/odabrano.com\/wp-content\/uploads\/2024\/04\/dolar.jpg","contentUrl":"https:\/\/odabrano.com\/wp-content\/uploads\/2024\/04\/dolar.jpg","width":1216,"height":519,"caption":"admin"},"logo":{"@id":"https:\/\/odabrano.com\/#\/schema\/person\/image\/"},"sameAs":["http:\/\/odabrano.com"],"url":"https:\/\/odabrano.com\/index.php\/author\/sokolneno_u3xb387h\/"}]}},"_links":{"self":[{"href":"https:\/\/odabrano.com\/index.php\/wp-json\/wp\/v2\/posts\/245","targetHints":{"allow":["GET"]}}],"collection":[{"href":"https:\/\/odabrano.com\/index.php\/wp-json\/wp\/v2\/posts"}],"about":[{"href":"https:\/\/odabrano.com\/index.php\/wp-json\/wp\/v2\/types\/post"}],"author":[{"embeddable":true,"href":"https:\/\/odabrano.com\/index.php\/wp-json\/wp\/v2\/users\/1"}],"replies":[{"embeddable":true,"href":"https:\/\/odabrano.com\/index.php\/wp-json\/wp\/v2\/comments?post=245"}],"version-history":[{"count":1,"href":"https:\/\/odabrano.com\/index.php\/wp-json\/wp\/v2\/posts\/245\/revisions"}],"predecessor-version":[{"id":247,"href":"https:\/\/odabrano.com\/index.php\/wp-json\/wp\/v2\/posts\/245\/revisions\/247"}],"wp:featuredmedia":[{"embeddable":true,"href":"https:\/\/odabrano.com\/index.php\/wp-json\/wp\/v2\/media\/246"}],"wp:attachment":[{"href":"https:\/\/odabrano.com\/index.php\/wp-json\/wp\/v2\/media?parent=245"}],"wp:term":[{"taxonomy":"category","embeddable":true,"href":"https:\/\/odabrano.com\/index.php\/wp-json\/wp\/v2\/categories?post=245"},{"taxonomy":"post_tag","embeddable":true,"href":"https:\/\/odabrano.com\/index.php\/wp-json\/wp\/v2\/tags?post=245"}],"curies":[{"name":"wp","href":"https:\/\/api.w.org\/{rel}","templated":true}]}}