{"id":239,"date":"2024-03-01T16:02:31","date_gmt":"2024-03-01T16:02:31","guid":{"rendered":"http:\/\/odabrano.com\/?p=239"},"modified":"2024-03-01T16:02:33","modified_gmt":"2024-03-01T16:02:33","slug":"julija-navalnaja-videna-u-novom-svjetlu","status":"publish","type":"post","link":"https:\/\/odabrano.com\/index.php\/2024\/03\/01\/julija-navalnaja-videna-u-novom-svjetlu\/","title":{"rendered":"Julija Navalnaja, Vi\u0111ena u novom svjetlu"},"content":{"rendered":"\n<p>Da bi preuzela pla\u0161t svog supruga, gospo\u0111a Navalnaya mora bez njega stvoriti sna\u017ean javni imid\u017e.\u00a0Kako \u0107e to izgledati?\u00a0Ve\u0107 nam je dala neke tragove.<\/p>\n\n\n\n<p>Julija Navalnaja, udovica Alekseja A. Navaljnog, ruskog oporbenog vo\u0111e koji je umro ovog mjeseca u zatvoru na Arktiku, obe\u0107ala je da \u0107e nastaviti posao svog supruga.<\/p>\n\n\n\n<p>Gospo\u0111a Navalnaya, 47, bila je manje javna od gospodina Navaljnog, vi\u0111ena uz njega iu njegovom dokumentarcu, ali uglavnom se dr\u017eala podalje od svjetla reflektora.&nbsp;Ona je, me\u0111utim, bila va\u017ena polovica globalnog mo\u0107nog para: telegeni\u010dan duo koji je izra\u017eavao nepokolebljivu strast jedno prema drugome i prema svojoj viziji slobodne i demokratske budu\u0107nosti Rusije.&nbsp;\u201cSvi su htjeli ljubav poput njihove\u201d, napisala je Julia Ioffe na profilu Vanity Faira 2021.<\/p>\n\n\n\n<p>G. Navalny potaknuo je milijune svojom kombinacijom intelekta, lijepog izgleda i prozra\u010dne, ironi\u010dne duhovitosti koja je, \u010dak i u najte\u017eim okolnostima, nudila temelj za odupiranje strahu i zastra\u0161ivanju.&nbsp;Iako su mu se doga\u0111ale stra\u0161ne stvari, gospodin Navalny je nekako uspio pre\u017eivjeti, \u0161to mu je dalo auru neuni\u0161tivosti.<\/p>\n\n\n\n<p>Prisutnost gospo\u0111e Navalnaye poja\u010dala je tu auru, pru\u017eaju\u0107i humaniziraju\u0107i i za\u0161titni\u010dki kontekst za njezina supruga, \u010dak i kada ih je njegovo zato\u010deni\u0161tvo dijelilo tisu\u0107ama milja.&nbsp;Javna naklonost gospodina Navaljnog i \u010deste objave fotografija njegove supruge na Instagramu bili su vrlo neobi\u010dni za politi\u010dara u Rusiji, gdje su \u017eene i djeca tradicionalno bili gotovo nevidljivi status.&nbsp;(Rijetki su ikada vidjeli biv\u0161u gospo\u0111u Putin, na primjer.)<\/p>\n\n\n\n<p>Nasuprot tome, Julija je bila o\u010digledna mati\u010dna baza gospodina Navaljnog, koja ga je u\u010dvrstila i utjelovila njegovu nadu za budu\u0107nost &#8211; njegovu osobnu budu\u0107nost i budu\u0107nost njegove rodne Rusije.\u00a0&#8220;Ako oni na vlasti vide obitelji kao slabost, grije\u0161e&#8221;,\u00a0<a href=\"https:\/\/www.vanityfair.com\/news\/2021\/07\/how-yulia-navalnaya-became-russias-real-first-lady\" target=\"_blank\" rel=\"noreferrer noopener\">izjavila je gospo\u0111a Navalnaya jednom u govoru<\/a>\u00a0.\u00a0\u201cObitelj je snaga svake normalne osobe \u2013 pogotovo svakog pravog politi\u010dara.\u201d<\/p>\n\n\n\n<p>Sada se sve promijenilo.&nbsp;Smrt g. Navaljnog ne predstavlja samo gubitak jednog \u010dovjeka, ve\u0107 i uni\u0161tenje para &#8211; i \u0161ire, slamanje nade i umiruju\u0107e, organske cjelovitosti koju je par simbolizirao za mnoge Ruse.<\/p>\n\n\n\n<p>Kako bi preuzela pla\u0161t svog supruga, gospo\u0111a Navalnaya mora stvoriti novi, solo javni imid\u017e.\u00a0Kako \u0107e to izgledati?\u00a0Ve\u0107 nam je dala neke tragove.<\/p>\n\n\n\n<p>Gospo\u0111a Navalnaya dugo je bila jednako prepoznatljiva kao i njezin suprug, odr\u017eavaju\u0107i vrlo dosljedan vizualni stil, jednostavan i bez ukrasa.&nbsp;Na gotovo svim fotografijama njezina bijelo-plava kosa skupljena je u mali \u0161injon.&nbsp;Nosi malo vidljivog nakita osim si\u0107u\u0161ne lan\u010dane ogrlice i vrlo minimalnu \u0161minku.&nbsp;Njezina odje\u0107a obi\u010dno je jednostavno krojena u jednobojnim, neutralnim bojama, s gornjim dijelovima i jaknama koji \u010desto imaju \u0161iroke, otvorene ovratnike.<\/p>\n\n\n\n<p>To je bez posebnosti, smanjen, gotovo strog izgled, u skladu s ozbiljno\u0161\u0107u njezina \u017eivota.&nbsp;Ipak, u isto vrijeme prenosi poruku &#8220;Nemam \u0161to skrivati&#8221; &#8211; vizualnu analogiju zahtjevu Navaljnih za transparentnom i nekorumpiranom ruskom vladom.&nbsp;Za\u010de\u0161ljana kosa i ograni\u010dena \u0161minka pru\u017eaju njezino lice u potpunosti pregledu, izla\u017eu\u0107i svaki njegov kut pogledima drugih.&nbsp;Otvoreni izrezi imaju sli\u010dan u\u010dinak, stvaraju\u0107i \u0161iroku zonu \u010distog, neprekinutog prostora oko njezine glave i ramena, dopu\u0161taju\u0107i nesmetan pogled.&nbsp;Ima u tome i ne\u010deg pomalo kraljevskog: ti izrezi dramati\u010dno uokviruju gospo\u0111u Navalnayu, kao da ve\u0107 postoji na budu\u0107em portretu nje kao kraljice ili prve dame.<\/p>\n\n\n\n<p>Nakon smrti svog supruga, gospo\u0111a Navalnaya objavila je\u00a0<a href=\"https:\/\/www.youtube.com\/watch?v=_jpdCofog_E\" target=\"_blank\" rel=\"noreferrer noopener\">video<\/a>\u00a0na YouTubeu u kojem je objavila svoju namjeru da preuzme njegov posao i optu\u017eila predsjednika Vladimira V. Putina za ubojstvo.\u00a0Mo\u017eete \u010duti njezinu tugu i ljutnju, ali njezin ton ostaje pribran.\u00a0Kao i uvijek, njezin stil je oskudan: kosa skupljena unatrag, jedva primjetan lanac na vratu (njegov privjesak gurnut ispod ovratnika haljine) i tamna tamnoplava haljina koja malo prestaje s crnom, bojom \u017ealosti.\u00a0Njezina crvena manikura nudi jedini vizualni nagovje\u0161taj emocija ispod povr\u0161ine.<\/p>\n\n\n\n<p>Ovime jasno vidimo koliko dobro stil gospo\u0111e Navalnaye sada slu\u017ei dodatnoj svrsi: poma\u017ee joj da izgladi sve potencijalne nazubljene rubove koji dolaze s tugom.&nbsp;Mo\u017eda je iznutra razderana na komadi\u0107e, ali izvana izgleda krajnje samodostatno.&nbsp;Kosa joj je glatka;&nbsp;odje\u0107a joj je glatka;&nbsp;paleta boja joj je ujedna\u010dena.<\/p>\n\n\n\n<p>U \u010detvrtak se gospo\u0111a Navalnaya sastala s predsjednikom Bidenom u San Franciscu kako bi razgovarali o sankcijama protiv Rusije, a fotografije s te prigode dale su dodatne naznake o imid\u017eu koji bi mogla njegovati za sebe u budu\u0107nosti.\u00a0Na ovom sastanku gospo\u0111a Navalnaya izgledala je vrlo sli\u010dno kao u svom videu.<\/p>\n\n\n\n<p>Ovaj put, me\u0111utim, nije bila sama, ve\u0107 u dru\u0161tvu svoje k\u0107eri Dashe, studentice na Stanfordu.&nbsp;Dasha nevjerojatno sli\u010di svojoj majci &#8211; visoka, plava i vitka.&nbsp;I kosa joj je bila skupljena unatrag, gotovo identi\u010dna maj\u010dinoj.&nbsp;Nosila je ne\u0161to \u0161to je izgledalo kao mornarski suknja ili haljina.<\/p>\n\n\n\n<p>S le\u0111a se dvije \u017eene nisu mogle razlikovati.&nbsp;U toj bi sli\u010dnosti mogla biti posebna snaga.&nbsp;Brak Julije Navalnaye mo\u017eda je bio otrgnut od nje, ali ona jo\u0161 uvijek ima svoju djecu, koja predstavljaju sljede\u0107u generaciju Rusije.&nbsp;Vidjeti je uz njezinu k\u0107er nalik na nju predstavlja sna\u017ean podsjetnik da borba gospo\u0111e Navalnaye ne zavr\u0161ava s njom ili njezinim suprugom.<\/p>\n","protected":false},"excerpt":{"rendered":"<p>Da bi preuzela pla\u0161t svog supruga, gospo\u0111a Navalnaya mora bez njega stvoriti sna\u017ean javni imid\u017e.\u00a0Kako \u0107e to izgledati?\u00a0Ve\u0107 nam je dala neke tragove. Julija Navalnaja, udovica Alekseja A. Navaljnog, ruskog oporbenog vo\u0111e koji je umro ovog mjeseca u zatvoru na Arktiku, obe\u0107ala je da \u0107e nastaviti posao svog supruga. Gospo\u0111a Navalnaya, 47, bila je manje &hellip;<\/p>\n","protected":false},"author":1,"featured_media":240,"comment_status":"closed","ping_status":"open","sticky":false,"template":"","format":"standard","meta":{"_monsterinsights_skip_tracking":false,"_monsterinsights_sitenote_active":false,"_monsterinsights_sitenote_note":"","_monsterinsights_sitenote_category":0,"footnotes":""},"categories":[9],"tags":[39,35],"class_list":["post-239","post","type-post","status-publish","format-standard","has-post-thumbnail","","category-svijet","tag-julija","tag-navalni"],"yoast_head":"<!-- This site is optimized with the Yoast SEO plugin v22.1 - https:\/\/yoast.com\/wordpress\/plugins\/seo\/ -->\n<title>Julija Navalnaja, Vi\u0111ena u novom svjetlu - odabrano<\/title>\n<meta name=\"robots\" content=\"index, follow, max-snippet:-1, max-image-preview:large, max-video-preview:-1\" \/>\n<link rel=\"canonical\" href=\"https:\/\/odabrano.com\/index.php\/2024\/03\/01\/julija-navalnaja-videna-u-novom-svjetlu\/\" \/>\n<meta property=\"og:locale\" content=\"en_US\" \/>\n<meta property=\"og:type\" content=\"article\" \/>\n<meta property=\"og:title\" content=\"Julija Navalnaja, Vi\u0111ena u novom svjetlu - odabrano\" \/>\n<meta property=\"og:description\" content=\"Da bi preuzela pla\u0161t svog supruga, gospo\u0111a Navalnaya mora bez njega stvoriti sna\u017ean javni imid\u017e.\u00a0Kako \u0107e to izgledati?\u00a0Ve\u0107 nam je dala neke tragove. Julija Navalnaja, udovica Alekseja A. Navaljnog, ruskog oporbenog vo\u0111e koji je umro ovog mjeseca u zatvoru na Arktiku, obe\u0107ala je da \u0107e nastaviti posao svog supruga. Gospo\u0111a Navalnaya, 47, bila je manje &hellip;\" \/>\n<meta property=\"og:url\" content=\"https:\/\/odabrano.com\/index.php\/2024\/03\/01\/julija-navalnaja-videna-u-novom-svjetlu\/\" \/>\n<meta property=\"og:site_name\" content=\"odabrano\" \/>\n<meta property=\"article:published_time\" content=\"2024-03-01T16:02:31+00:00\" \/>\n<meta property=\"article:modified_time\" content=\"2024-03-01T16:02:33+00:00\" \/>\n<meta property=\"og:image\" content=\"https:\/\/odabrano.com\/wp-content\/uploads\/2024\/03\/julija.jpg\" \/>\n\t<meta property=\"og:image:width\" content=\"591\" \/>\n\t<meta property=\"og:image:height\" content=\"384\" \/>\n\t<meta property=\"og:image:type\" content=\"image\/jpeg\" \/>\n<meta name=\"author\" content=\"admin\" \/>\n<meta name=\"twitter:card\" content=\"summary_large_image\" \/>\n<meta name=\"twitter:label1\" content=\"Written by\" \/>\n\t<meta name=\"twitter:data1\" content=\"admin\" \/>\n\t<meta name=\"twitter:label2\" content=\"Est. reading time\" \/>\n\t<meta name=\"twitter:data2\" content=\"4 minutes\" \/>\n<script type=\"application\/ld+json\" class=\"yoast-schema-graph\">{\"@context\":\"https:\/\/schema.org\",\"@graph\":[{\"@type\":\"Article\",\"@id\":\"https:\/\/odabrano.com\/index.php\/2024\/03\/01\/julija-navalnaja-videna-u-novom-svjetlu\/#article\",\"isPartOf\":{\"@id\":\"https:\/\/odabrano.com\/index.php\/2024\/03\/01\/julija-navalnaja-videna-u-novom-svjetlu\/\"},\"author\":{\"name\":\"admin\",\"@id\":\"https:\/\/odabrano.com\/#\/schema\/person\/460f2b14657879743f23c4f6a7cd3236\"},\"headline\":\"Julija Navalnaja, Vi\u0111ena u novom svjetlu\",\"datePublished\":\"2024-03-01T16:02:31+00:00\",\"dateModified\":\"2024-03-01T16:02:33+00:00\",\"mainEntityOfPage\":{\"@id\":\"https:\/\/odabrano.com\/index.php\/2024\/03\/01\/julija-navalnaja-videna-u-novom-svjetlu\/\"},\"wordCount\":921,\"publisher\":{\"@id\":\"https:\/\/odabrano.com\/#\/schema\/person\/460f2b14657879743f23c4f6a7cd3236\"},\"keywords\":[\"julija\",\"navalni\"],\"articleSection\":[\"Svijet\"],\"inLanguage\":\"en-US\"},{\"@type\":\"WebPage\",\"@id\":\"https:\/\/odabrano.com\/index.php\/2024\/03\/01\/julija-navalnaja-videna-u-novom-svjetlu\/\",\"url\":\"https:\/\/odabrano.com\/index.php\/2024\/03\/01\/julija-navalnaja-videna-u-novom-svjetlu\/\",\"name\":\"Julija Navalnaja, Vi\u0111ena u novom svjetlu - odabrano\",\"isPartOf\":{\"@id\":\"https:\/\/odabrano.com\/#website\"},\"datePublished\":\"2024-03-01T16:02:31+00:00\",\"dateModified\":\"2024-03-01T16:02:33+00:00\",\"breadcrumb\":{\"@id\":\"https:\/\/odabrano.com\/index.php\/2024\/03\/01\/julija-navalnaja-videna-u-novom-svjetlu\/#breadcrumb\"},\"inLanguage\":\"en-US\",\"potentialAction\":[{\"@type\":\"ReadAction\",\"target\":[\"https:\/\/odabrano.com\/index.php\/2024\/03\/01\/julija-navalnaja-videna-u-novom-svjetlu\/\"]}]},{\"@type\":\"BreadcrumbList\",\"@id\":\"https:\/\/odabrano.com\/index.php\/2024\/03\/01\/julija-navalnaja-videna-u-novom-svjetlu\/#breadcrumb\",\"itemListElement\":[{\"@type\":\"ListItem\",\"position\":1,\"name\":\"Home\",\"item\":\"https:\/\/odabrano.com\/\"},{\"@type\":\"ListItem\",\"position\":2,\"name\":\"Julija Navalnaja, Vi\u0111ena u novom svjetlu\"}]},{\"@type\":\"WebSite\",\"@id\":\"https:\/\/odabrano.com\/#website\",\"url\":\"https:\/\/odabrano.com\/\",\"name\":\"odabrano\",\"description\":\"news portal koji nudi odabrane vijesti i informacije\",\"publisher\":{\"@id\":\"https:\/\/odabrano.com\/#\/schema\/person\/460f2b14657879743f23c4f6a7cd3236\"},\"alternateName\":\"vijesti i informacije iz Hrvatske i svijeta\",\"potentialAction\":[{\"@type\":\"SearchAction\",\"target\":{\"@type\":\"EntryPoint\",\"urlTemplate\":\"https:\/\/odabrano.com\/?s={search_term_string}\"},\"query-input\":\"required name=search_term_string\"}],\"inLanguage\":\"en-US\"},{\"@type\":[\"Person\",\"Organization\"],\"@id\":\"https:\/\/odabrano.com\/#\/schema\/person\/460f2b14657879743f23c4f6a7cd3236\",\"name\":\"admin\",\"image\":{\"@type\":\"ImageObject\",\"inLanguage\":\"en-US\",\"@id\":\"https:\/\/odabrano.com\/#\/schema\/person\/image\/\",\"url\":\"https:\/\/odabrano.com\/wp-content\/uploads\/2024\/04\/dolar.jpg\",\"contentUrl\":\"https:\/\/odabrano.com\/wp-content\/uploads\/2024\/04\/dolar.jpg\",\"width\":1216,\"height\":519,\"caption\":\"admin\"},\"logo\":{\"@id\":\"https:\/\/odabrano.com\/#\/schema\/person\/image\/\"},\"sameAs\":[\"http:\/\/odabrano.com\"],\"url\":\"https:\/\/odabrano.com\/index.php\/author\/sokolneno_u3xb387h\/\"}]}<\/script>\n<!-- \/ Yoast SEO plugin. -->","yoast_head_json":{"title":"Julija Navalnaja, Vi\u0111ena u novom svjetlu - odabrano","robots":{"index":"index","follow":"follow","max-snippet":"max-snippet:-1","max-image-preview":"max-image-preview:large","max-video-preview":"max-video-preview:-1"},"canonical":"https:\/\/odabrano.com\/index.php\/2024\/03\/01\/julija-navalnaja-videna-u-novom-svjetlu\/","og_locale":"en_US","og_type":"article","og_title":"Julija Navalnaja, Vi\u0111ena u novom svjetlu - odabrano","og_description":"Da bi preuzela pla\u0161t svog supruga, gospo\u0111a Navalnaya mora bez njega stvoriti sna\u017ean javni imid\u017e.\u00a0Kako \u0107e to izgledati?\u00a0Ve\u0107 nam je dala neke tragove. Julija Navalnaja, udovica Alekseja A. Navaljnog, ruskog oporbenog vo\u0111e koji je umro ovog mjeseca u zatvoru na Arktiku, obe\u0107ala je da \u0107e nastaviti posao svog supruga. Gospo\u0111a Navalnaya, 47, bila je manje &hellip;","og_url":"https:\/\/odabrano.com\/index.php\/2024\/03\/01\/julija-navalnaja-videna-u-novom-svjetlu\/","og_site_name":"odabrano","article_published_time":"2024-03-01T16:02:31+00:00","article_modified_time":"2024-03-01T16:02:33+00:00","og_image":[{"width":591,"height":384,"url":"https:\/\/odabrano.com\/wp-content\/uploads\/2024\/03\/julija.jpg","type":"image\/jpeg"}],"author":"admin","twitter_card":"summary_large_image","twitter_misc":{"Written by":"admin","Est. reading time":"4 minutes"},"schema":{"@context":"https:\/\/schema.org","@graph":[{"@type":"Article","@id":"https:\/\/odabrano.com\/index.php\/2024\/03\/01\/julija-navalnaja-videna-u-novom-svjetlu\/#article","isPartOf":{"@id":"https:\/\/odabrano.com\/index.php\/2024\/03\/01\/julija-navalnaja-videna-u-novom-svjetlu\/"},"author":{"name":"admin","@id":"https:\/\/odabrano.com\/#\/schema\/person\/460f2b14657879743f23c4f6a7cd3236"},"headline":"Julija Navalnaja, Vi\u0111ena u novom svjetlu","datePublished":"2024-03-01T16:02:31+00:00","dateModified":"2024-03-01T16:02:33+00:00","mainEntityOfPage":{"@id":"https:\/\/odabrano.com\/index.php\/2024\/03\/01\/julija-navalnaja-videna-u-novom-svjetlu\/"},"wordCount":921,"publisher":{"@id":"https:\/\/odabrano.com\/#\/schema\/person\/460f2b14657879743f23c4f6a7cd3236"},"keywords":["julija","navalni"],"articleSection":["Svijet"],"inLanguage":"en-US"},{"@type":"WebPage","@id":"https:\/\/odabrano.com\/index.php\/2024\/03\/01\/julija-navalnaja-videna-u-novom-svjetlu\/","url":"https:\/\/odabrano.com\/index.php\/2024\/03\/01\/julija-navalnaja-videna-u-novom-svjetlu\/","name":"Julija Navalnaja, Vi\u0111ena u novom svjetlu - odabrano","isPartOf":{"@id":"https:\/\/odabrano.com\/#website"},"datePublished":"2024-03-01T16:02:31+00:00","dateModified":"2024-03-01T16:02:33+00:00","breadcrumb":{"@id":"https:\/\/odabrano.com\/index.php\/2024\/03\/01\/julija-navalnaja-videna-u-novom-svjetlu\/#breadcrumb"},"inLanguage":"en-US","potentialAction":[{"@type":"ReadAction","target":["https:\/\/odabrano.com\/index.php\/2024\/03\/01\/julija-navalnaja-videna-u-novom-svjetlu\/"]}]},{"@type":"BreadcrumbList","@id":"https:\/\/odabrano.com\/index.php\/2024\/03\/01\/julija-navalnaja-videna-u-novom-svjetlu\/#breadcrumb","itemListElement":[{"@type":"ListItem","position":1,"name":"Home","item":"https:\/\/odabrano.com\/"},{"@type":"ListItem","position":2,"name":"Julija Navalnaja, Vi\u0111ena u novom svjetlu"}]},{"@type":"WebSite","@id":"https:\/\/odabrano.com\/#website","url":"https:\/\/odabrano.com\/","name":"odabrano","description":"news portal koji nudi odabrane vijesti i informacije","publisher":{"@id":"https:\/\/odabrano.com\/#\/schema\/person\/460f2b14657879743f23c4f6a7cd3236"},"alternateName":"vijesti i informacije iz Hrvatske i svijeta","potentialAction":[{"@type":"SearchAction","target":{"@type":"EntryPoint","urlTemplate":"https:\/\/odabrano.com\/?s={search_term_string}"},"query-input":"required name=search_term_string"}],"inLanguage":"en-US"},{"@type":["Person","Organization"],"@id":"https:\/\/odabrano.com\/#\/schema\/person\/460f2b14657879743f23c4f6a7cd3236","name":"admin","image":{"@type":"ImageObject","inLanguage":"en-US","@id":"https:\/\/odabrano.com\/#\/schema\/person\/image\/","url":"https:\/\/odabrano.com\/wp-content\/uploads\/2024\/04\/dolar.jpg","contentUrl":"https:\/\/odabrano.com\/wp-content\/uploads\/2024\/04\/dolar.jpg","width":1216,"height":519,"caption":"admin"},"logo":{"@id":"https:\/\/odabrano.com\/#\/schema\/person\/image\/"},"sameAs":["http:\/\/odabrano.com"],"url":"https:\/\/odabrano.com\/index.php\/author\/sokolneno_u3xb387h\/"}]}},"_links":{"self":[{"href":"https:\/\/odabrano.com\/index.php\/wp-json\/wp\/v2\/posts\/239","targetHints":{"allow":["GET"]}}],"collection":[{"href":"https:\/\/odabrano.com\/index.php\/wp-json\/wp\/v2\/posts"}],"about":[{"href":"https:\/\/odabrano.com\/index.php\/wp-json\/wp\/v2\/types\/post"}],"author":[{"embeddable":true,"href":"https:\/\/odabrano.com\/index.php\/wp-json\/wp\/v2\/users\/1"}],"replies":[{"embeddable":true,"href":"https:\/\/odabrano.com\/index.php\/wp-json\/wp\/v2\/comments?post=239"}],"version-history":[{"count":1,"href":"https:\/\/odabrano.com\/index.php\/wp-json\/wp\/v2\/posts\/239\/revisions"}],"predecessor-version":[{"id":241,"href":"https:\/\/odabrano.com\/index.php\/wp-json\/wp\/v2\/posts\/239\/revisions\/241"}],"wp:featuredmedia":[{"embeddable":true,"href":"https:\/\/odabrano.com\/index.php\/wp-json\/wp\/v2\/media\/240"}],"wp:attachment":[{"href":"https:\/\/odabrano.com\/index.php\/wp-json\/wp\/v2\/media?parent=239"}],"wp:term":[{"taxonomy":"category","embeddable":true,"href":"https:\/\/odabrano.com\/index.php\/wp-json\/wp\/v2\/categories?post=239"},{"taxonomy":"post_tag","embeddable":true,"href":"https:\/\/odabrano.com\/index.php\/wp-json\/wp\/v2\/tags?post=239"}],"curies":[{"name":"wp","href":"https:\/\/api.w.org\/{rel}","templated":true}]}}