{"id":236,"date":"2024-03-01T15:17:55","date_gmt":"2024-03-01T15:17:55","guid":{"rendered":"http:\/\/odabrano.com\/?p=236"},"modified":"2024-03-01T15:21:35","modified_gmt":"2024-03-01T15:21:35","slug":"navalni-je-pokopan-na-groblju-u-moskvi","status":"publish","type":"post","link":"https:\/\/odabrano.com\/index.php\/2024\/03\/01\/navalni-je-pokopan-na-groblju-u-moskvi\/","title":{"rendered":"Navalni je pokopan na groblju u Moskvi"},"content":{"rendered":"\n<p><strong>MOSKVA<\/strong> &#8211; Ruski oporbeni \u010delnik Aleksej Navaljni, koji je preminuo 16. velja\u010de, pokopan je danas na Borisovskom groblju u Moskvi, rekao je njegov suradnik Ivan \u017ddanov.<br><br>Tijekom sprovoda pu\u0161tene su pjesme &#8220;May Bay&#8221; Franka Sinatre i pjesma iz filma &#8220;Terminator&#8221;, javlja BBC, prenosi Tanjug.<\/p>\n\n\n\n<p>Okupljeni na sahrani uzvikivali su &#8220;Niste se bojali, ne bojimo se ni mi&#8221;, &#8220;Nema rata&#8221;, &#8220;Rusija bez Putina&#8221; i &#8220;Rusija \u0107e biti slobodna&#8221;.<\/p>\n\n\n\n<p>Cijeli doga\u0111aj, kojem je prisustvovalo vi\u0161e tisu\u0107a ljudi, osiguravale su jake policijske snage, dodaje BBC.<\/p>\n\n\n\n<p>Navaljni je preminuo u kaznenoj koloniji 16. velja\u010de, nakon \u0161to se, prema tvrdnjama zatvorskih vlasti, onesvijestio nakon jutarnje \u0161etnje, nakon \u010dega su ga neuspje\u0161no reanimirali.<a href=\"https:\/\/www.politika.rs\/sr\/clanak\/602066\/Dzoana-Putinova-nuklearna-pretnja-predstavlja-psiholosko-zastrasivanje)\"><\/a><\/p>\n\n\n\n<p>Tamo je slu\u017eio 30-godi\u0161nju zatvorsku kaznu zbog, izme\u0111u ostalog, kako stoji u jednoj od presuda ruskog suda, osnivanja i financiranja ekstremisti\u010dke organizacije i njezinog djelovanja, a bio je poznat i kao o\u0161tar kriti\u010dar Kremlja.<\/p>\n\n\n\n<p><\/p>\n","protected":false},"excerpt":{"rendered":"<p>MOSKVA &#8211; Ruski oporbeni \u010delnik Aleksej Navaljni, koji je preminuo 16. velja\u010de, pokopan je danas na Borisovskom groblju u Moskvi, rekao je njegov suradnik Ivan \u017ddanov.Tijekom sprovoda pu\u0161tene su pjesme &#8220;May Bay&#8221; Franka Sinatre i pjesma iz filma &#8220;Terminator&#8221;, javlja BBC, prenosi Tanjug. Okupljeni na sahrani uzvikivali su &#8220;Niste se bojali, ne bojimo se ni &hellip;<\/p>\n","protected":false},"author":1,"featured_media":238,"comment_status":"closed","ping_status":"open","sticky":false,"template":"","format":"standard","meta":{"_monsterinsights_skip_tracking":false,"_monsterinsights_sitenote_active":false,"_monsterinsights_sitenote_note":"","_monsterinsights_sitenote_category":0,"footnotes":""},"categories":[9],"tags":[38,36,35,37,18],"class_list":["post-236","post","type-post","status-publish","format-standard","has-post-thumbnail","","category-svijet","tag-kremlj","tag-moskva","tag-navalni","tag-putin","tag-rusija"],"yoast_head":"<!-- This site is optimized with the Yoast SEO plugin v22.1 - https:\/\/yoast.com\/wordpress\/plugins\/seo\/ -->\n<title>Navalni je pokopan na groblju u Moskvi - odabrano<\/title>\n<meta name=\"robots\" content=\"index, follow, max-snippet:-1, max-image-preview:large, max-video-preview:-1\" \/>\n<link rel=\"canonical\" href=\"https:\/\/odabrano.com\/index.php\/2024\/03\/01\/navalni-je-pokopan-na-groblju-u-moskvi\/\" \/>\n<meta property=\"og:locale\" content=\"en_US\" \/>\n<meta property=\"og:type\" content=\"article\" \/>\n<meta property=\"og:title\" content=\"Navalni je pokopan na groblju u Moskvi - odabrano\" \/>\n<meta property=\"og:description\" content=\"MOSKVA &#8211; Ruski oporbeni \u010delnik Aleksej Navaljni, koji je preminuo 16. velja\u010de, pokopan je danas na Borisovskom groblju u Moskvi, rekao je njegov suradnik Ivan \u017ddanov.Tijekom sprovoda pu\u0161tene su pjesme &#8220;May Bay&#8221; Franka Sinatre i pjesma iz filma &#8220;Terminator&#8221;, javlja BBC, prenosi Tanjug. Okupljeni na sahrani uzvikivali su &#8220;Niste se bojali, ne bojimo se ni &hellip;\" \/>\n<meta property=\"og:url\" content=\"https:\/\/odabrano.com\/index.php\/2024\/03\/01\/navalni-je-pokopan-na-groblju-u-moskvi\/\" \/>\n<meta property=\"og:site_name\" content=\"odabrano\" \/>\n<meta property=\"article:published_time\" content=\"2024-03-01T15:17:55+00:00\" \/>\n<meta property=\"article:modified_time\" content=\"2024-03-01T15:21:35+00:00\" \/>\n<meta property=\"og:image\" content=\"https:\/\/odabrano.com\/wp-content\/uploads\/2024\/03\/navalni.jpg\" \/>\n\t<meta property=\"og:image:width\" content=\"278\" \/>\n\t<meta property=\"og:image:height\" content=\"181\" \/>\n\t<meta property=\"og:image:type\" content=\"image\/jpeg\" \/>\n<meta name=\"author\" content=\"admin\" \/>\n<meta name=\"twitter:card\" content=\"summary_large_image\" \/>\n<meta name=\"twitter:label1\" content=\"Written by\" \/>\n\t<meta name=\"twitter:data1\" content=\"admin\" \/>\n\t<meta name=\"twitter:label2\" content=\"Est. reading time\" \/>\n\t<meta name=\"twitter:data2\" content=\"1 minute\" \/>\n<script type=\"application\/ld+json\" class=\"yoast-schema-graph\">{\"@context\":\"https:\/\/schema.org\",\"@graph\":[{\"@type\":\"Article\",\"@id\":\"https:\/\/odabrano.com\/index.php\/2024\/03\/01\/navalni-je-pokopan-na-groblju-u-moskvi\/#article\",\"isPartOf\":{\"@id\":\"https:\/\/odabrano.com\/index.php\/2024\/03\/01\/navalni-je-pokopan-na-groblju-u-moskvi\/\"},\"author\":{\"name\":\"admin\",\"@id\":\"https:\/\/odabrano.com\/#\/schema\/person\/460f2b14657879743f23c4f6a7cd3236\"},\"headline\":\"Navalni je pokopan na groblju u Moskvi\",\"datePublished\":\"2024-03-01T15:17:55+00:00\",\"dateModified\":\"2024-03-01T15:21:35+00:00\",\"mainEntityOfPage\":{\"@id\":\"https:\/\/odabrano.com\/index.php\/2024\/03\/01\/navalni-je-pokopan-na-groblju-u-moskvi\/\"},\"wordCount\":159,\"publisher\":{\"@id\":\"https:\/\/odabrano.com\/#\/schema\/person\/460f2b14657879743f23c4f6a7cd3236\"},\"keywords\":[\"kremlj\",\"moskva\",\"navalni\",\"putin\",\"rusija\"],\"articleSection\":[\"Svijet\"],\"inLanguage\":\"en-US\"},{\"@type\":\"WebPage\",\"@id\":\"https:\/\/odabrano.com\/index.php\/2024\/03\/01\/navalni-je-pokopan-na-groblju-u-moskvi\/\",\"url\":\"https:\/\/odabrano.com\/index.php\/2024\/03\/01\/navalni-je-pokopan-na-groblju-u-moskvi\/\",\"name\":\"Navalni je pokopan na groblju u Moskvi - odabrano\",\"isPartOf\":{\"@id\":\"https:\/\/odabrano.com\/#website\"},\"datePublished\":\"2024-03-01T15:17:55+00:00\",\"dateModified\":\"2024-03-01T15:21:35+00:00\",\"breadcrumb\":{\"@id\":\"https:\/\/odabrano.com\/index.php\/2024\/03\/01\/navalni-je-pokopan-na-groblju-u-moskvi\/#breadcrumb\"},\"inLanguage\":\"en-US\",\"potentialAction\":[{\"@type\":\"ReadAction\",\"target\":[\"https:\/\/odabrano.com\/index.php\/2024\/03\/01\/navalni-je-pokopan-na-groblju-u-moskvi\/\"]}]},{\"@type\":\"BreadcrumbList\",\"@id\":\"https:\/\/odabrano.com\/index.php\/2024\/03\/01\/navalni-je-pokopan-na-groblju-u-moskvi\/#breadcrumb\",\"itemListElement\":[{\"@type\":\"ListItem\",\"position\":1,\"name\":\"Home\",\"item\":\"https:\/\/odabrano.com\/\"},{\"@type\":\"ListItem\",\"position\":2,\"name\":\"Navalni je pokopan na groblju u Moskvi\"}]},{\"@type\":\"WebSite\",\"@id\":\"https:\/\/odabrano.com\/#website\",\"url\":\"https:\/\/odabrano.com\/\",\"name\":\"odabrano\",\"description\":\"news portal koji nudi odabrane vijesti i informacije\",\"publisher\":{\"@id\":\"https:\/\/odabrano.com\/#\/schema\/person\/460f2b14657879743f23c4f6a7cd3236\"},\"alternateName\":\"vijesti i informacije iz Hrvatske i svijeta\",\"potentialAction\":[{\"@type\":\"SearchAction\",\"target\":{\"@type\":\"EntryPoint\",\"urlTemplate\":\"https:\/\/odabrano.com\/?s={search_term_string}\"},\"query-input\":\"required name=search_term_string\"}],\"inLanguage\":\"en-US\"},{\"@type\":[\"Person\",\"Organization\"],\"@id\":\"https:\/\/odabrano.com\/#\/schema\/person\/460f2b14657879743f23c4f6a7cd3236\",\"name\":\"admin\",\"image\":{\"@type\":\"ImageObject\",\"inLanguage\":\"en-US\",\"@id\":\"https:\/\/odabrano.com\/#\/schema\/person\/image\/\",\"url\":\"https:\/\/odabrano.com\/wp-content\/uploads\/2024\/04\/dolar.jpg\",\"contentUrl\":\"https:\/\/odabrano.com\/wp-content\/uploads\/2024\/04\/dolar.jpg\",\"width\":1216,\"height\":519,\"caption\":\"admin\"},\"logo\":{\"@id\":\"https:\/\/odabrano.com\/#\/schema\/person\/image\/\"},\"sameAs\":[\"http:\/\/odabrano.com\"],\"url\":\"https:\/\/odabrano.com\/index.php\/author\/sokolneno_u3xb387h\/\"}]}<\/script>\n<!-- \/ Yoast SEO plugin. -->","yoast_head_json":{"title":"Navalni je pokopan na groblju u Moskvi - odabrano","robots":{"index":"index","follow":"follow","max-snippet":"max-snippet:-1","max-image-preview":"max-image-preview:large","max-video-preview":"max-video-preview:-1"},"canonical":"https:\/\/odabrano.com\/index.php\/2024\/03\/01\/navalni-je-pokopan-na-groblju-u-moskvi\/","og_locale":"en_US","og_type":"article","og_title":"Navalni je pokopan na groblju u Moskvi - odabrano","og_description":"MOSKVA &#8211; Ruski oporbeni \u010delnik Aleksej Navaljni, koji je preminuo 16. velja\u010de, pokopan je danas na Borisovskom groblju u Moskvi, rekao je njegov suradnik Ivan \u017ddanov.Tijekom sprovoda pu\u0161tene su pjesme &#8220;May Bay&#8221; Franka Sinatre i pjesma iz filma &#8220;Terminator&#8221;, javlja BBC, prenosi Tanjug. Okupljeni na sahrani uzvikivali su &#8220;Niste se bojali, ne bojimo se ni &hellip;","og_url":"https:\/\/odabrano.com\/index.php\/2024\/03\/01\/navalni-je-pokopan-na-groblju-u-moskvi\/","og_site_name":"odabrano","article_published_time":"2024-03-01T15:17:55+00:00","article_modified_time":"2024-03-01T15:21:35+00:00","og_image":[{"width":278,"height":181,"url":"https:\/\/odabrano.com\/wp-content\/uploads\/2024\/03\/navalni.jpg","type":"image\/jpeg"}],"author":"admin","twitter_card":"summary_large_image","twitter_misc":{"Written by":"admin","Est. reading time":"1 minute"},"schema":{"@context":"https:\/\/schema.org","@graph":[{"@type":"Article","@id":"https:\/\/odabrano.com\/index.php\/2024\/03\/01\/navalni-je-pokopan-na-groblju-u-moskvi\/#article","isPartOf":{"@id":"https:\/\/odabrano.com\/index.php\/2024\/03\/01\/navalni-je-pokopan-na-groblju-u-moskvi\/"},"author":{"name":"admin","@id":"https:\/\/odabrano.com\/#\/schema\/person\/460f2b14657879743f23c4f6a7cd3236"},"headline":"Navalni je pokopan na groblju u Moskvi","datePublished":"2024-03-01T15:17:55+00:00","dateModified":"2024-03-01T15:21:35+00:00","mainEntityOfPage":{"@id":"https:\/\/odabrano.com\/index.php\/2024\/03\/01\/navalni-je-pokopan-na-groblju-u-moskvi\/"},"wordCount":159,"publisher":{"@id":"https:\/\/odabrano.com\/#\/schema\/person\/460f2b14657879743f23c4f6a7cd3236"},"keywords":["kremlj","moskva","navalni","putin","rusija"],"articleSection":["Svijet"],"inLanguage":"en-US"},{"@type":"WebPage","@id":"https:\/\/odabrano.com\/index.php\/2024\/03\/01\/navalni-je-pokopan-na-groblju-u-moskvi\/","url":"https:\/\/odabrano.com\/index.php\/2024\/03\/01\/navalni-je-pokopan-na-groblju-u-moskvi\/","name":"Navalni je pokopan na groblju u Moskvi - odabrano","isPartOf":{"@id":"https:\/\/odabrano.com\/#website"},"datePublished":"2024-03-01T15:17:55+00:00","dateModified":"2024-03-01T15:21:35+00:00","breadcrumb":{"@id":"https:\/\/odabrano.com\/index.php\/2024\/03\/01\/navalni-je-pokopan-na-groblju-u-moskvi\/#breadcrumb"},"inLanguage":"en-US","potentialAction":[{"@type":"ReadAction","target":["https:\/\/odabrano.com\/index.php\/2024\/03\/01\/navalni-je-pokopan-na-groblju-u-moskvi\/"]}]},{"@type":"BreadcrumbList","@id":"https:\/\/odabrano.com\/index.php\/2024\/03\/01\/navalni-je-pokopan-na-groblju-u-moskvi\/#breadcrumb","itemListElement":[{"@type":"ListItem","position":1,"name":"Home","item":"https:\/\/odabrano.com\/"},{"@type":"ListItem","position":2,"name":"Navalni je pokopan na groblju u Moskvi"}]},{"@type":"WebSite","@id":"https:\/\/odabrano.com\/#website","url":"https:\/\/odabrano.com\/","name":"odabrano","description":"news portal koji nudi odabrane vijesti i informacije","publisher":{"@id":"https:\/\/odabrano.com\/#\/schema\/person\/460f2b14657879743f23c4f6a7cd3236"},"alternateName":"vijesti i informacije iz Hrvatske i svijeta","potentialAction":[{"@type":"SearchAction","target":{"@type":"EntryPoint","urlTemplate":"https:\/\/odabrano.com\/?s={search_term_string}"},"query-input":"required name=search_term_string"}],"inLanguage":"en-US"},{"@type":["Person","Organization"],"@id":"https:\/\/odabrano.com\/#\/schema\/person\/460f2b14657879743f23c4f6a7cd3236","name":"admin","image":{"@type":"ImageObject","inLanguage":"en-US","@id":"https:\/\/odabrano.com\/#\/schema\/person\/image\/","url":"https:\/\/odabrano.com\/wp-content\/uploads\/2024\/04\/dolar.jpg","contentUrl":"https:\/\/odabrano.com\/wp-content\/uploads\/2024\/04\/dolar.jpg","width":1216,"height":519,"caption":"admin"},"logo":{"@id":"https:\/\/odabrano.com\/#\/schema\/person\/image\/"},"sameAs":["http:\/\/odabrano.com"],"url":"https:\/\/odabrano.com\/index.php\/author\/sokolneno_u3xb387h\/"}]}},"_links":{"self":[{"href":"https:\/\/odabrano.com\/index.php\/wp-json\/wp\/v2\/posts\/236","targetHints":{"allow":["GET"]}}],"collection":[{"href":"https:\/\/odabrano.com\/index.php\/wp-json\/wp\/v2\/posts"}],"about":[{"href":"https:\/\/odabrano.com\/index.php\/wp-json\/wp\/v2\/types\/post"}],"author":[{"embeddable":true,"href":"https:\/\/odabrano.com\/index.php\/wp-json\/wp\/v2\/users\/1"}],"replies":[{"embeddable":true,"href":"https:\/\/odabrano.com\/index.php\/wp-json\/wp\/v2\/comments?post=236"}],"version-history":[{"count":1,"href":"https:\/\/odabrano.com\/index.php\/wp-json\/wp\/v2\/posts\/236\/revisions"}],"predecessor-version":[{"id":237,"href":"https:\/\/odabrano.com\/index.php\/wp-json\/wp\/v2\/posts\/236\/revisions\/237"}],"wp:featuredmedia":[{"embeddable":true,"href":"https:\/\/odabrano.com\/index.php\/wp-json\/wp\/v2\/media\/238"}],"wp:attachment":[{"href":"https:\/\/odabrano.com\/index.php\/wp-json\/wp\/v2\/media?parent=236"}],"wp:term":[{"taxonomy":"category","embeddable":true,"href":"https:\/\/odabrano.com\/index.php\/wp-json\/wp\/v2\/categories?post=236"},{"taxonomy":"post_tag","embeddable":true,"href":"https:\/\/odabrano.com\/index.php\/wp-json\/wp\/v2\/tags?post=236"}],"curies":[{"name":"wp","href":"https:\/\/api.w.org\/{rel}","templated":true}]}}