{"id":2262,"date":"2024-05-03T04:54:04","date_gmt":"2024-05-03T02:54:04","guid":{"rendered":"http:\/\/odabrano.com\/?p=2262"},"modified":"2024-05-03T04:54:05","modified_gmt":"2024-05-03T02:54:05","slug":"tisuce-ljudi-okupilo-se-u-slovackoj-kako-bi-prosvjedovali-protiv-kontroverzne-revizije-javnog-emitiranja","status":"publish","type":"post","link":"https:\/\/odabrano.com\/index.php\/2024\/05\/03\/tisuce-ljudi-okupilo-se-u-slovackoj-kako-bi-prosvjedovali-protiv-kontroverzne-revizije-javnog-emitiranja\/","title":{"rendered":"Tisu\u0107e ljudi okupilo se u Slova\u010dkoj kako bi prosvjedovali protiv kontroverzne revizije javnog emitiranja"},"content":{"rendered":"\n<p>Tisu\u0107e Slovaka okupilo se u \u010detvrtak u glavnom gradu kako bi prosvjedovali \u2013 ponovno \u2013 protiv kontroverzne rekonstrukcije javnih radio i televizijskih servisa u zemlji, poteza za koji kriti\u010dari ka\u017eu da \u0107e rezultirati time da vlada preuzme punu kontrolu nad medijima.<\/p>\n\n\n\n<p>Koalicijska vlada populisti\u010dkog premijera Roberta Fica odobrila je tu mjeru 24. travnja, a o\u010dekuje se da \u0107e je parlament, u kojem Ficova koalicijska vlada ima ve\u0107inu, odobriti u lipnju.<\/p>\n\n\n\n<p>Plan su uvelike kritizirali predsjednica Zuzana \u010caputov\u00e1, lokalni novinari, oporba, me\u0111unarodne medijske organizacije i Europska komisija.<\/p>\n\n\n\n<p>Predlo\u017eene izmjene zna\u010dile bi da javni emiter poznat kao RTVS prestaje postojati i da bi ga zamijenila nova organizacija.<\/p>\n\n\n\n<p>&#8220;Slova\u010dkoj demokraciji treba jaka i neovisna RTVS, a njezini zaposlenici trebaju va\u0161u podr\u0161ku&#8221;, rekao je Michal \u0160ime\u010dka, \u010delnik Progresivne Slova\u010dke, glavne oporbene stranke koja je organizirala prosvjed, nekoliko tisu\u0107a okupljenih na Trgu slobode u Bratislavi.<\/p>\n\n\n\n<p>\u201cAko Fico preuzme kontrolu nad RTVS-om, to bi zna\u010dilo odlu\u010duju\u0107i korak na putu prema Orb\u00e1nu i Putinu\u201d, rekao je \u0160ime\u010dka.<\/p>\n\n\n\n<p>Plan preuzimanja izradila je ministrica kulture Martina \u0160imkovi\u010dov\u00e1, koja predstavlja Slova\u010dku nacionalnu stranku, ultranacionalisti\u010dkog \u010dlana koalicijske vlade. Radila je za internetsku televiziju poznatu po \u0161irenju dezinformacija.<\/p>\n\n\n\n<p>\u0160imkovi\u010dov\u00e1 je rekla da trenutni emiter daje prostor samo glavnim gledi\u0161tima, a ostalo cenzurira. Emiter je odbacio tvrdnju.<\/p>\n\n\n\n<p>&#8220;Oni ne razumiju da je bit javnog emitiranja za\u0161tita demokracije, vladavine prava i slobode&#8221;, rekla je Zora Jaurov\u00e1, zastupnica stranke Progresivne Slova\u010dke.<\/p>\n\n\n\n<p>Prema njezinu planu, novi emiter \u2014 Slova\u010dka televizija i radio, ili STVR \u2014 imat \u0107e ravnatelja kojeg \u0107e izabrati vije\u0107e \u010dijih \u0107e devet \u010dlanova imenovati Ministarstvo kulture i parlament. Aktualni ravnatelj ima saborski mandat do 2027. godine.<\/p>\n\n\n\n<p>Ficova ljevi\u010darska stranka Smer (Smjer) pobijedila je na parlamentarnim izborima 30. rujna na proruskoj i antiameri\u010dkoj platformi.<\/p>\n\n\n\n<p>Kriti\u010dari se brinu da \u0107e Slova\u010dka pod Ficom odustati od prozapadnog kursa zemlje i slijediti smjer Ma\u0111arske pod populisti\u010dkim premijerom Viktorom Orbanom .<\/p>\n\n\n\n<p>Tisu\u0107e su se vi\u0161e puta okupile u glavnom gradu i diljem Slova\u010dke prosvjeduju\u0107i protiv Ficove politike.<\/p>\n","protected":false},"excerpt":{"rendered":"<p>Tisu\u0107e Slovaka okupilo se u \u010detvrtak u glavnom gradu kako bi prosvjedovali \u2013 ponovno \u2013 protiv kontroverzne rekonstrukcije javnih radio i televizijskih servisa u zemlji, poteza za koji kriti\u010dari ka\u017eu da \u0107e rezultirati time da vlada preuzme punu kontrolu nad medijima. Koalicijska vlada populisti\u010dkog premijera Roberta Fica odobrila je tu mjeru 24. travnja, a o\u010dekuje &hellip;<\/p>\n","protected":false},"author":1,"featured_media":2263,"comment_status":"closed","ping_status":"open","sticky":false,"template":"","format":"standard","meta":{"_monsterinsights_skip_tracking":false,"_monsterinsights_sitenote_active":false,"_monsterinsights_sitenote_note":"","_monsterinsights_sitenote_category":0,"footnotes":""},"categories":[9],"tags":[517,482,516],"class_list":["post-2262","post","type-post","status-publish","format-standard","has-post-thumbnail","","category-svijet","tag-fic","tag-prosvjedi","tag-slovacka"],"yoast_head":"<!-- This site is optimized with the Yoast SEO plugin v22.1 - https:\/\/yoast.com\/wordpress\/plugins\/seo\/ -->\n<title>Tisu\u0107e ljudi okupilo se u Slova\u010dkoj kako bi prosvjedovali protiv kontroverzne revizije javnog emitiranja - odabrano<\/title>\n<meta name=\"robots\" content=\"index, follow, max-snippet:-1, max-image-preview:large, max-video-preview:-1\" \/>\n<link rel=\"canonical\" href=\"https:\/\/odabrano.com\/index.php\/2024\/05\/03\/tisuce-ljudi-okupilo-se-u-slovackoj-kako-bi-prosvjedovali-protiv-kontroverzne-revizije-javnog-emitiranja\/\" \/>\n<meta property=\"og:locale\" content=\"en_US\" \/>\n<meta property=\"og:type\" content=\"article\" \/>\n<meta property=\"og:title\" content=\"Tisu\u0107e ljudi okupilo se u Slova\u010dkoj kako bi prosvjedovali protiv kontroverzne revizije javnog emitiranja - odabrano\" \/>\n<meta property=\"og:description\" content=\"Tisu\u0107e Slovaka okupilo se u \u010detvrtak u glavnom gradu kako bi prosvjedovali \u2013 ponovno \u2013 protiv kontroverzne rekonstrukcije javnih radio i televizijskih servisa u zemlji, poteza za koji kriti\u010dari ka\u017eu da \u0107e rezultirati time da vlada preuzme punu kontrolu nad medijima. Koalicijska vlada populisti\u010dkog premijera Roberta Fica odobrila je tu mjeru 24. travnja, a o\u010dekuje &hellip;\" \/>\n<meta property=\"og:url\" content=\"https:\/\/odabrano.com\/index.php\/2024\/05\/03\/tisuce-ljudi-okupilo-se-u-slovackoj-kako-bi-prosvjedovali-protiv-kontroverzne-revizije-javnog-emitiranja\/\" \/>\n<meta property=\"og:site_name\" content=\"odabrano\" \/>\n<meta property=\"article:published_time\" content=\"2024-05-03T02:54:04+00:00\" \/>\n<meta property=\"article:modified_time\" content=\"2024-05-03T02:54:05+00:00\" \/>\n<meta property=\"og:image\" content=\"https:\/\/odabrano.com\/wp-content\/uploads\/2024\/05\/slovacka.jpg\" \/>\n\t<meta property=\"og:image:width\" content=\"733\" \/>\n\t<meta property=\"og:image:height\" content=\"494\" \/>\n\t<meta property=\"og:image:type\" content=\"image\/jpeg\" \/>\n<meta name=\"author\" content=\"admin\" \/>\n<meta name=\"twitter:card\" content=\"summary_large_image\" \/>\n<meta name=\"twitter:label1\" content=\"Written by\" \/>\n\t<meta name=\"twitter:data1\" content=\"admin\" \/>\n\t<meta name=\"twitter:label2\" content=\"Est. reading time\" \/>\n\t<meta name=\"twitter:data2\" content=\"2 minutes\" \/>\n<script type=\"application\/ld+json\" class=\"yoast-schema-graph\">{\"@context\":\"https:\/\/schema.org\",\"@graph\":[{\"@type\":\"Article\",\"@id\":\"https:\/\/odabrano.com\/index.php\/2024\/05\/03\/tisuce-ljudi-okupilo-se-u-slovackoj-kako-bi-prosvjedovali-protiv-kontroverzne-revizije-javnog-emitiranja\/#article\",\"isPartOf\":{\"@id\":\"https:\/\/odabrano.com\/index.php\/2024\/05\/03\/tisuce-ljudi-okupilo-se-u-slovackoj-kako-bi-prosvjedovali-protiv-kontroverzne-revizije-javnog-emitiranja\/\"},\"author\":{\"name\":\"admin\",\"@id\":\"https:\/\/odabrano.com\/#\/schema\/person\/460f2b14657879743f23c4f6a7cd3236\"},\"headline\":\"Tisu\u0107e ljudi okupilo se u Slova\u010dkoj kako bi prosvjedovali protiv kontroverzne revizije javnog emitiranja\",\"datePublished\":\"2024-05-03T02:54:04+00:00\",\"dateModified\":\"2024-05-03T02:54:05+00:00\",\"mainEntityOfPage\":{\"@id\":\"https:\/\/odabrano.com\/index.php\/2024\/05\/03\/tisuce-ljudi-okupilo-se-u-slovackoj-kako-bi-prosvjedovali-protiv-kontroverzne-revizije-javnog-emitiranja\/\"},\"wordCount\":366,\"publisher\":{\"@id\":\"https:\/\/odabrano.com\/#\/schema\/person\/460f2b14657879743f23c4f6a7cd3236\"},\"keywords\":[\"fic\",\"prosvjedi\",\"slova\u010dka\"],\"articleSection\":[\"Svijet\"],\"inLanguage\":\"en-US\"},{\"@type\":\"WebPage\",\"@id\":\"https:\/\/odabrano.com\/index.php\/2024\/05\/03\/tisuce-ljudi-okupilo-se-u-slovackoj-kako-bi-prosvjedovali-protiv-kontroverzne-revizije-javnog-emitiranja\/\",\"url\":\"https:\/\/odabrano.com\/index.php\/2024\/05\/03\/tisuce-ljudi-okupilo-se-u-slovackoj-kako-bi-prosvjedovali-protiv-kontroverzne-revizije-javnog-emitiranja\/\",\"name\":\"Tisu\u0107e ljudi okupilo se u Slova\u010dkoj kako bi prosvjedovali protiv kontroverzne revizije javnog emitiranja - odabrano\",\"isPartOf\":{\"@id\":\"https:\/\/odabrano.com\/#website\"},\"datePublished\":\"2024-05-03T02:54:04+00:00\",\"dateModified\":\"2024-05-03T02:54:05+00:00\",\"breadcrumb\":{\"@id\":\"https:\/\/odabrano.com\/index.php\/2024\/05\/03\/tisuce-ljudi-okupilo-se-u-slovackoj-kako-bi-prosvjedovali-protiv-kontroverzne-revizije-javnog-emitiranja\/#breadcrumb\"},\"inLanguage\":\"en-US\",\"potentialAction\":[{\"@type\":\"ReadAction\",\"target\":[\"https:\/\/odabrano.com\/index.php\/2024\/05\/03\/tisuce-ljudi-okupilo-se-u-slovackoj-kako-bi-prosvjedovali-protiv-kontroverzne-revizije-javnog-emitiranja\/\"]}]},{\"@type\":\"BreadcrumbList\",\"@id\":\"https:\/\/odabrano.com\/index.php\/2024\/05\/03\/tisuce-ljudi-okupilo-se-u-slovackoj-kako-bi-prosvjedovali-protiv-kontroverzne-revizije-javnog-emitiranja\/#breadcrumb\",\"itemListElement\":[{\"@type\":\"ListItem\",\"position\":1,\"name\":\"Home\",\"item\":\"https:\/\/odabrano.com\/\"},{\"@type\":\"ListItem\",\"position\":2,\"name\":\"Tisu\u0107e ljudi okupilo se u Slova\u010dkoj kako bi prosvjedovali protiv kontroverzne revizije javnog emitiranja\"}]},{\"@type\":\"WebSite\",\"@id\":\"https:\/\/odabrano.com\/#website\",\"url\":\"https:\/\/odabrano.com\/\",\"name\":\"odabrano\",\"description\":\"news portal koji nudi odabrane vijesti i informacije\",\"publisher\":{\"@id\":\"https:\/\/odabrano.com\/#\/schema\/person\/460f2b14657879743f23c4f6a7cd3236\"},\"alternateName\":\"vijesti i informacije iz Hrvatske i svijeta\",\"potentialAction\":[{\"@type\":\"SearchAction\",\"target\":{\"@type\":\"EntryPoint\",\"urlTemplate\":\"https:\/\/odabrano.com\/?s={search_term_string}\"},\"query-input\":\"required name=search_term_string\"}],\"inLanguage\":\"en-US\"},{\"@type\":[\"Person\",\"Organization\"],\"@id\":\"https:\/\/odabrano.com\/#\/schema\/person\/460f2b14657879743f23c4f6a7cd3236\",\"name\":\"admin\",\"image\":{\"@type\":\"ImageObject\",\"inLanguage\":\"en-US\",\"@id\":\"https:\/\/odabrano.com\/#\/schema\/person\/image\/\",\"url\":\"https:\/\/odabrano.com\/wp-content\/uploads\/2024\/04\/dolar.jpg\",\"contentUrl\":\"https:\/\/odabrano.com\/wp-content\/uploads\/2024\/04\/dolar.jpg\",\"width\":1216,\"height\":519,\"caption\":\"admin\"},\"logo\":{\"@id\":\"https:\/\/odabrano.com\/#\/schema\/person\/image\/\"},\"sameAs\":[\"http:\/\/odabrano.com\"],\"url\":\"https:\/\/odabrano.com\/index.php\/author\/sokolneno_u3xb387h\/\"}]}<\/script>\n<!-- \/ Yoast SEO plugin. -->","yoast_head_json":{"title":"Tisu\u0107e ljudi okupilo se u Slova\u010dkoj kako bi prosvjedovali protiv kontroverzne revizije javnog emitiranja - odabrano","robots":{"index":"index","follow":"follow","max-snippet":"max-snippet:-1","max-image-preview":"max-image-preview:large","max-video-preview":"max-video-preview:-1"},"canonical":"https:\/\/odabrano.com\/index.php\/2024\/05\/03\/tisuce-ljudi-okupilo-se-u-slovackoj-kako-bi-prosvjedovali-protiv-kontroverzne-revizije-javnog-emitiranja\/","og_locale":"en_US","og_type":"article","og_title":"Tisu\u0107e ljudi okupilo se u Slova\u010dkoj kako bi prosvjedovali protiv kontroverzne revizije javnog emitiranja - odabrano","og_description":"Tisu\u0107e Slovaka okupilo se u \u010detvrtak u glavnom gradu kako bi prosvjedovali \u2013 ponovno \u2013 protiv kontroverzne rekonstrukcije javnih radio i televizijskih servisa u zemlji, poteza za koji kriti\u010dari ka\u017eu da \u0107e rezultirati time da vlada preuzme punu kontrolu nad medijima. Koalicijska vlada populisti\u010dkog premijera Roberta Fica odobrila je tu mjeru 24. travnja, a o\u010dekuje &hellip;","og_url":"https:\/\/odabrano.com\/index.php\/2024\/05\/03\/tisuce-ljudi-okupilo-se-u-slovackoj-kako-bi-prosvjedovali-protiv-kontroverzne-revizije-javnog-emitiranja\/","og_site_name":"odabrano","article_published_time":"2024-05-03T02:54:04+00:00","article_modified_time":"2024-05-03T02:54:05+00:00","og_image":[{"width":733,"height":494,"url":"https:\/\/odabrano.com\/wp-content\/uploads\/2024\/05\/slovacka.jpg","type":"image\/jpeg"}],"author":"admin","twitter_card":"summary_large_image","twitter_misc":{"Written by":"admin","Est. reading time":"2 minutes"},"schema":{"@context":"https:\/\/schema.org","@graph":[{"@type":"Article","@id":"https:\/\/odabrano.com\/index.php\/2024\/05\/03\/tisuce-ljudi-okupilo-se-u-slovackoj-kako-bi-prosvjedovali-protiv-kontroverzne-revizije-javnog-emitiranja\/#article","isPartOf":{"@id":"https:\/\/odabrano.com\/index.php\/2024\/05\/03\/tisuce-ljudi-okupilo-se-u-slovackoj-kako-bi-prosvjedovali-protiv-kontroverzne-revizije-javnog-emitiranja\/"},"author":{"name":"admin","@id":"https:\/\/odabrano.com\/#\/schema\/person\/460f2b14657879743f23c4f6a7cd3236"},"headline":"Tisu\u0107e ljudi okupilo se u Slova\u010dkoj kako bi prosvjedovali protiv kontroverzne revizije javnog emitiranja","datePublished":"2024-05-03T02:54:04+00:00","dateModified":"2024-05-03T02:54:05+00:00","mainEntityOfPage":{"@id":"https:\/\/odabrano.com\/index.php\/2024\/05\/03\/tisuce-ljudi-okupilo-se-u-slovackoj-kako-bi-prosvjedovali-protiv-kontroverzne-revizije-javnog-emitiranja\/"},"wordCount":366,"publisher":{"@id":"https:\/\/odabrano.com\/#\/schema\/person\/460f2b14657879743f23c4f6a7cd3236"},"keywords":["fic","prosvjedi","slova\u010dka"],"articleSection":["Svijet"],"inLanguage":"en-US"},{"@type":"WebPage","@id":"https:\/\/odabrano.com\/index.php\/2024\/05\/03\/tisuce-ljudi-okupilo-se-u-slovackoj-kako-bi-prosvjedovali-protiv-kontroverzne-revizije-javnog-emitiranja\/","url":"https:\/\/odabrano.com\/index.php\/2024\/05\/03\/tisuce-ljudi-okupilo-se-u-slovackoj-kako-bi-prosvjedovali-protiv-kontroverzne-revizije-javnog-emitiranja\/","name":"Tisu\u0107e ljudi okupilo se u Slova\u010dkoj kako bi prosvjedovali protiv kontroverzne revizije javnog emitiranja - odabrano","isPartOf":{"@id":"https:\/\/odabrano.com\/#website"},"datePublished":"2024-05-03T02:54:04+00:00","dateModified":"2024-05-03T02:54:05+00:00","breadcrumb":{"@id":"https:\/\/odabrano.com\/index.php\/2024\/05\/03\/tisuce-ljudi-okupilo-se-u-slovackoj-kako-bi-prosvjedovali-protiv-kontroverzne-revizije-javnog-emitiranja\/#breadcrumb"},"inLanguage":"en-US","potentialAction":[{"@type":"ReadAction","target":["https:\/\/odabrano.com\/index.php\/2024\/05\/03\/tisuce-ljudi-okupilo-se-u-slovackoj-kako-bi-prosvjedovali-protiv-kontroverzne-revizije-javnog-emitiranja\/"]}]},{"@type":"BreadcrumbList","@id":"https:\/\/odabrano.com\/index.php\/2024\/05\/03\/tisuce-ljudi-okupilo-se-u-slovackoj-kako-bi-prosvjedovali-protiv-kontroverzne-revizije-javnog-emitiranja\/#breadcrumb","itemListElement":[{"@type":"ListItem","position":1,"name":"Home","item":"https:\/\/odabrano.com\/"},{"@type":"ListItem","position":2,"name":"Tisu\u0107e ljudi okupilo se u Slova\u010dkoj kako bi prosvjedovali protiv kontroverzne revizije javnog emitiranja"}]},{"@type":"WebSite","@id":"https:\/\/odabrano.com\/#website","url":"https:\/\/odabrano.com\/","name":"odabrano","description":"news portal koji nudi odabrane vijesti i informacije","publisher":{"@id":"https:\/\/odabrano.com\/#\/schema\/person\/460f2b14657879743f23c4f6a7cd3236"},"alternateName":"vijesti i informacije iz Hrvatske i svijeta","potentialAction":[{"@type":"SearchAction","target":{"@type":"EntryPoint","urlTemplate":"https:\/\/odabrano.com\/?s={search_term_string}"},"query-input":"required name=search_term_string"}],"inLanguage":"en-US"},{"@type":["Person","Organization"],"@id":"https:\/\/odabrano.com\/#\/schema\/person\/460f2b14657879743f23c4f6a7cd3236","name":"admin","image":{"@type":"ImageObject","inLanguage":"en-US","@id":"https:\/\/odabrano.com\/#\/schema\/person\/image\/","url":"https:\/\/odabrano.com\/wp-content\/uploads\/2024\/04\/dolar.jpg","contentUrl":"https:\/\/odabrano.com\/wp-content\/uploads\/2024\/04\/dolar.jpg","width":1216,"height":519,"caption":"admin"},"logo":{"@id":"https:\/\/odabrano.com\/#\/schema\/person\/image\/"},"sameAs":["http:\/\/odabrano.com"],"url":"https:\/\/odabrano.com\/index.php\/author\/sokolneno_u3xb387h\/"}]}},"_links":{"self":[{"href":"https:\/\/odabrano.com\/index.php\/wp-json\/wp\/v2\/posts\/2262","targetHints":{"allow":["GET"]}}],"collection":[{"href":"https:\/\/odabrano.com\/index.php\/wp-json\/wp\/v2\/posts"}],"about":[{"href":"https:\/\/odabrano.com\/index.php\/wp-json\/wp\/v2\/types\/post"}],"author":[{"embeddable":true,"href":"https:\/\/odabrano.com\/index.php\/wp-json\/wp\/v2\/users\/1"}],"replies":[{"embeddable":true,"href":"https:\/\/odabrano.com\/index.php\/wp-json\/wp\/v2\/comments?post=2262"}],"version-history":[{"count":1,"href":"https:\/\/odabrano.com\/index.php\/wp-json\/wp\/v2\/posts\/2262\/revisions"}],"predecessor-version":[{"id":2264,"href":"https:\/\/odabrano.com\/index.php\/wp-json\/wp\/v2\/posts\/2262\/revisions\/2264"}],"wp:featuredmedia":[{"embeddable":true,"href":"https:\/\/odabrano.com\/index.php\/wp-json\/wp\/v2\/media\/2263"}],"wp:attachment":[{"href":"https:\/\/odabrano.com\/index.php\/wp-json\/wp\/v2\/media?parent=2262"}],"wp:term":[{"taxonomy":"category","embeddable":true,"href":"https:\/\/odabrano.com\/index.php\/wp-json\/wp\/v2\/categories?post=2262"},{"taxonomy":"post_tag","embeddable":true,"href":"https:\/\/odabrano.com\/index.php\/wp-json\/wp\/v2\/tags?post=2262"}],"curies":[{"name":"wp","href":"https:\/\/api.w.org\/{rel}","templated":true}]}}