{"id":2149,"date":"2024-04-30T10:30:25","date_gmt":"2024-04-30T08:30:25","guid":{"rendered":"http:\/\/odabrano.com\/?p=2149"},"modified":"2024-04-30T10:35:39","modified_gmt":"2024-04-30T08:35:39","slug":"sveuciliste-columbia-suspendiralo-propalestinske-prosvjednike","status":"publish","type":"post","link":"https:\/\/odabrano.com\/index.php\/2024\/04\/30\/sveuciliste-columbia-suspendiralo-propalestinske-prosvjednike\/","title":{"rendered":"Sveu\u010dili\u0161te Columbia suspendiralo propalestinske prosvjednike"},"content":{"rendered":"\n<p><strong>Sveu\u010dili\u0161te Columbia po\u010delo je u ponedjeljak suspendirati propalestinske studentske aktiviste koji su odbili raspustiti prosvjedni logor na prostoru sveu\u010dili\u0161ta u New Yorku nakon \u0161to je ta presti\u017ena ustanova objavila zastoj u pregovorima o okon\u010danju polariziraju\u0107ih demonstracija.<\/strong><\/p>\n\n\n\n<p><strong>Predsjednica Sveu\u010dili\u0161ta Nemat Minouche Shafik<\/strong>&nbsp;objavila je da&nbsp;<strong>vi\u0161ednevni pregovori studentskih organizatora i \u010delnika sveu\u010dili\u0161ta nisu doveli do uklanjanja desetaka \u0161atora<\/strong>&nbsp;postavljenih kako bi studenti izrazili protivljenje izraelskom ratu u Gazi.<\/p>\n\n\n\n<h2 class=\"wp-block-heading\">Propalestinski prosvjedi diljem SAD-a<\/h2>\n\n\n\n<p>Obra\u010dun s prosvjednicima na Columbiji, u sredi\u0161tu prosvjeda povezanih s Gazom koji su zahvatili sveu\u010dili\u0161ne kampuse diljem SAD-a proteklih tjedana, dogodio se kad je i\u00a0<strong>policija na Sveu\u010dili\u0161tu Texas u Austinu uhitila desetke studenata<\/strong>\u00a0koje je zapra\u0161ila paprenim sprejom na propalestinskom skupu.<\/p>\n\n\n\n<p>Columbia je u ponedjeljak ujutro poslala pismo u kojem je upozorila da \u0107e se&nbsp;<strong>studenti, koji ne napuste kampus do 14 sati i ne potpi\u0161u obrazac kojim obe\u0107avaju da \u0107e se pridr\u017eavati sveu\u010dili\u0161nih pravila, suo\u010diti sa suspenzijom i gubitkom prava<\/strong>&nbsp;na zavr\u0161etak semestra.<\/p>\n\n\n\n<p>\u201c<strong>Po\u010deli smo suspendirati studente<\/strong>&nbsp;kao dio sljede\u0107e faze nastojanja da osiguramo sigurnost u na\u0161em kampusu\u201d, rekao je&nbsp;<strong>Ben Chang, glasnogovornik sveu\u010dili\u0161ta<\/strong>, na brifingu u ponedjeljak nave\u010der.<\/p>\n\n\n\n<p>\u201c\u0160atori su stvorili&nbsp;<strong>nepo\u017eeljno okru\u017eenje za mnoge na\u0161e \u017eidovske studente i nastavno osoblje<\/strong>&nbsp;i buku koja ometa predavanja, u\u010denje i pripremu za zavr\u0161ne ispite\u201d, rekao je Chang.<\/p>\n\n\n\n<p>Ranije je Shafik rekla da se&nbsp;<strong>Columbia ne\u0107e odre\u0107i financiranja vezanih uz Izrael<\/strong>, \u0161to je klju\u010dni zahtjev prosvjednika. Umjesto toga,&nbsp;<strong>ponudila je ulaganje u zdravstvo i obrazovanje u Gazi<\/strong>&nbsp;i transparentnija Columbijina izravna ulaganja.<\/p>\n\n\n\n<h2 class=\"wp-block-heading\">Taktike zastra\u0161ivanja studenata<\/h2>\n\n\n\n<p>Prosvjednici su obe\u0107ali da \u0107e ostati u kampusu na Manhattanu sve dok Columbia ne ispuni&nbsp;<strong>tri zahtjeva<\/strong>: promjenu u investicijama, transparentnost sveu\u010dili\u0161nih financija i amnestiju za disciplinski ka\u017enjene studente i nastavno osoblje za njihovu ulogu u prosvjedima.<\/p>\n\n\n\n<p>\u201cTe odvratne&nbsp;<a href=\"https:\/\/www.nacional.hr\/sto-dana-rata-izraela-i-hamasa-deseci-tisuca-ubijenih-gaza-lezi-u-rusevinama-a-bliski-istok-klizi-prema-sirem-sukobu\/\" target=\"_blank\" rel=\"noreferrer noopener\"><strong>taktike zastra\u0161ivanja ne zna\u010de ni\u0161ta u usporedbi sa smr\u0107u vi\u0161e od 34.000 Palestinaca<\/strong><\/a>. Ne\u0107emo se pomaknuti dok Columbia ne ispuni na\u0161e zahtjeve ili dok nas ne pomaknu silom\u201d, rekli su \u010delnici studentske koalicije na Columbiji u izjavi pro\u010ditanoj na konferenciji za novinare nakon isteka roka.<\/p>\n\n\n\n<p>Stotine prosvjednika, od kojih su&nbsp;<strong>mnogi nosili tradicionalne palestinske marame<\/strong>, mar\u0161irali su po rubu logora uzvikuju\u0107i: \u201cObjavite! Odbacite! Ne\u0107emo stati, ne\u0107emo mirovati\u201d.<\/p>\n\n\n\n<h2 class=\"wp-block-heading\">Me\u0111u prosvjednicima i \u017eidovski mirovni aktivisti<\/h2>\n\n\n\n<p>Shafik se suo\u010dila s negodovanjem mnogih studenata, nastavnika i vanjskih promatra\u010da jer je prije dva tjedna pozvala policiju New Yorka da ra\u0161\u010disti prosvjedni logor.<\/p>\n\n\n\n<p><strong>Nakon vi\u0161e od 100 uhi\u0107enja, studenti su obnovili \u0161atorski logor na travnjaku<\/strong>&nbsp;ome\u0111enom \u017eivicom u krugu sveu\u010dili\u0161ta nekoliko dana nakon policijske akcije 18. travnja.<\/p>\n\n\n\n<p>Od tada su&nbsp;<strong>studenti u desecima kampusa od Kalifornije do isto\u010dne obale postavili sli\u010dne logore<\/strong>&nbsp;kako bi pokazali bijes zbog izraelske operacije u Gazi i onoga \u0161to vide kao suu\u010desni\u0161tvo njihovih sveu\u010dili\u0161ta u tome.<\/p>\n\n\n\n<p>Propalestinski skupovi potaknuli su intenzivnu raspravu o tome&nbsp;<strong>gdje bi sveu\u010dili\u0161ni du\u017enosnici trebali povu\u0107i granicu izme\u0111u slobode izra\u017eavanja i govora mr\u017enje<\/strong>.<\/p>\n\n\n\n<p>Studenti koji prosvjeduju protiv izraelske vojne ofenzive u Gazi,\u00a0<strong>uklju\u010duju\u0107i neke \u017eidovske mirovne aktiviste<\/strong>, rekli su da ih se\u00a0<strong>ozna\u010dava kao antisemite samo zato \u0161to kritiziraju izraelsku vladu ili izra\u017eavaju podr\u0161ku pravima Palestinaca<\/strong>.<\/p>\n\n\n\n<h2 class=\"wp-block-heading\">Sukobi aktivista u pojedinim kampusima<\/h2>\n\n\n\n<p>Druge, pak, \u017eidovske skupine odgovaraju da&nbsp;<strong>antiizraelska retorika \u010desto pothranjuje otvorene oblike anti\u017eidovske mr\u017enje i poziva na nasilje<\/strong>, te se stoga ne bi trebala tolerirati.<\/p>\n\n\n\n<p>Takvo razmi\u0161ljanje iznijele su skupine koje su prije dva tjedna izvr\u0161ile pritisak na Sveu\u010dili\u0161te Ju\u017ene Kalifornije (USC) da&nbsp;<strong>otka\u017ee diplomski govor studentice muslimanke Asne Tabassum zbog njezinih propalestinskih stavova<\/strong>.<\/p>\n\n\n\n<p>Sveu\u010dili\u0161te sa sjedi\u0161tem u Los Angelesu kasnije je objavilo da otkazuje cijelu promociju izvorno zakazanu za 10. svibnja.<\/p>\n\n\n\n<p>U ponedjeljak,&nbsp;<strong>voditelj Okruglog stola za urbanu politiku Los Angelesa, Earl Ofari Hutchinson, pozvao je predsjednicu USC-a Carol Folt da sazove \u201chitni dijalog studenta i uprave\u201d kako bi se smanjile napetosti u kampusu<\/strong>.<\/p>\n\n\n\n<p>S druge strane grada na Kalifornijskom sveu\u010dili\u0161tu u Los Angelesu (UCLA), gdje su se suprotstavljene strane sukobile tijekom vikenda,&nbsp;<strong>proizraelski aktivisti postavili su veliki ekran sa zvu\u010dnicima za reprodukciju slika Hamasova napada na Izrael 7. listopada<\/strong>.<\/p>\n\n\n\n<p>Videozid se pojavio s ciljem suprotstavljanja pro-Hamasovim porukama na prosvjedima u kampusu&nbsp;<a href=\"https:\/\/www.nacional.hr\/bijela-kuca-uputila-zahtjev-gaza-izrael-konacno-otvara-prijelaz-i-luku-za-dopremu-pomoci\/\" target=\"_blank\" rel=\"noreferrer noopener\"><strong>u znak podr\u0161ke palestinskim civilima u Gazi<\/strong><\/a>.<\/p>\n\n\n\n<p>UCLA je tako\u0111er poja\u010dao sigurnost oko tamo\u0161njeg propalestinskog logora, koji se sastoji od\u00a0<strong>vi\u0161e od 50 \u0161atora<\/strong>\u00a0okru\u017eenih metalnom ogradom u blizini glavne upravne zgrade na kampusu.<\/p>\n\n\n\n<iframe loading=\"lazy\" width=\"560\" height=\"315\" src=\"https:\/\/www.youtube.com\/embed\/5apsxPjeLZY?si=25UrMwHd5n7SsjZc\" title=\"YouTube video player\" frameborder=\"0\" allow=\"accelerometer; autoplay; clipboard-write; encrypted-media; gyroscope; picture-in-picture; web-share\" referrerpolicy=\"strict-origin-when-cross-origin\" allowfullscreen><\/iframe>\n\n\n\n<h2 class=\"wp-block-heading\">Uvedene mjere sigurnosti<\/h2>\n\n\n\n<p>Skupine za gra\u0111anska prava kritiziraju taktike uvo\u0111enja sigurnosti na nekim kampusima, kao \u0161to su Sveu\u010dili\u0161te Emory u Atlanti i Sveu\u010dili\u0161te Texas u Austinu, gdje je&nbsp;<strong>specijalna policija pro\u0161li tjedan krenula na prosvjednike<\/strong>, odvode\u0107i desetke u pritvor da bi sve optu\u017ebe bile odba\u010dene.<\/p>\n\n\n\n<p><strong>Prosvjedi i uhi\u0107enja ponovno su se rasplamsali u kampusu u Austinu<\/strong>\u00a0u ponedjeljak.<\/p>\n\n\n\n<p><strong>Policija<\/strong>&nbsp;u kampusu uz potporu dr\u017eavne policije Teksasa poku\u0161ala je razbiti veliki studentski prosvjed&nbsp;<strong>koriste\u0107i papar sprej i druga sredstva, uhitiv\u0161i najmanje 43 osobe, prema odvjetniku studenata Georgeu Lobbu<\/strong>.<\/p>\n\n\n\n<p>Na videosnimci objavljenoj na dru\u0161tvenim mre\u017eama vidi se kako&nbsp;<strong>policija odvla\u010di pojedine studente iz grupe na travnatoj povr\u0161ini<\/strong>&nbsp;gdje su prosvjednici sjedili i uhvatili se za ruke, a neki od njih su vikali: \u201cPustite ih!\u201d<\/p>\n\n\n\n<p>Na Sveu\u010dili\u0161tu Virginia Commonwealth u Richmondu sukobili su se policija i prosvjednici nakon \u0161to su\u00a0<strong>policajci krenuli pod okriljem no\u0107i rastavljati logor<\/strong>.<\/p>\n\n\n\n<p>Lokalna TV emitirala je snimku policije u posebnoj opremi kako baca na prosvjednike, za koje sveu\u010dili\u0161te tvrdi da nisu studenti, ne\u0161to \u0161to je izgledalo kao papar sprej, i uhi\u0107uje ih.<\/p>\n\n\n\n<p>Oko 200 km zapadnije, du\u017enosnici Virginia Techa rekli su u ponedjeljak da je 91 prosvjednik uhi\u0107en u nedjelju nave\u010der u studentskom logoru pod optu\u017ebama za&nbsp;<strong>neovla\u0161teni upad<\/strong>.<\/p>\n\n\n\n<p>Video objavljen na dru\u0161tvenim mre\u017eama prikazao je prosvjednike kako uzvikuju \u201cSram vas bilo\u201d dok su neki od njih privo\u0111eni.<\/p>\n","protected":false},"excerpt":{"rendered":"<p>Sveu\u010dili\u0161te Columbia po\u010delo je u ponedjeljak suspendirati propalestinske studentske aktiviste koji su odbili raspustiti prosvjedni logor na prostoru sveu\u010dili\u0161ta u New Yorku nakon \u0161to je ta presti\u017ena ustanova objavila zastoj u pregovorima o okon\u010danju polariziraju\u0107ih demonstracija. Predsjednica Sveu\u010dili\u0161ta Nemat Minouche Shafik&nbsp;objavila je da&nbsp;vi\u0161ednevni pregovori studentskih organizatora i \u010delnika sveu\u010dili\u0161ta nisu doveli do uklanjanja desetaka \u0161atora&nbsp;postavljenih &hellip;<\/p>\n","protected":false},"author":1,"featured_media":2153,"comment_status":"closed","ping_status":"open","sticky":false,"template":"","format":"standard","meta":{"_monsterinsights_skip_tracking":false,"_monsterinsights_sitenote_active":false,"_monsterinsights_sitenote_note":"","_monsterinsights_sitenote_category":0,"footnotes":""},"categories":[9],"tags":[481,21,482,483],"class_list":["post-2149","post","type-post","status-publish","format-standard","has-post-thumbnail","","category-svijet","tag-columbia","tag-gaza","tag-prosvjedi","tag-studenti"],"yoast_head":"<!-- This site is optimized with the Yoast SEO plugin v22.1 - https:\/\/yoast.com\/wordpress\/plugins\/seo\/ -->\n<title>Sveu\u010dili\u0161te Columbia suspendiralo propalestinske prosvjednike - odabrano<\/title>\n<meta name=\"robots\" content=\"index, follow, max-snippet:-1, max-image-preview:large, max-video-preview:-1\" \/>\n<link rel=\"canonical\" href=\"https:\/\/odabrano.com\/index.php\/2024\/04\/30\/sveuciliste-columbia-suspendiralo-propalestinske-prosvjednike\/\" \/>\n<meta property=\"og:locale\" content=\"en_US\" \/>\n<meta property=\"og:type\" content=\"article\" \/>\n<meta property=\"og:title\" content=\"Sveu\u010dili\u0161te Columbia suspendiralo propalestinske prosvjednike - odabrano\" \/>\n<meta property=\"og:description\" content=\"Sveu\u010dili\u0161te Columbia po\u010delo je u ponedjeljak suspendirati propalestinske studentske aktiviste koji su odbili raspustiti prosvjedni logor na prostoru sveu\u010dili\u0161ta u New Yorku nakon \u0161to je ta presti\u017ena ustanova objavila zastoj u pregovorima o okon\u010danju polariziraju\u0107ih demonstracija. Predsjednica Sveu\u010dili\u0161ta Nemat Minouche Shafik&nbsp;objavila je da&nbsp;vi\u0161ednevni pregovori studentskih organizatora i \u010delnika sveu\u010dili\u0161ta nisu doveli do uklanjanja desetaka \u0161atora&nbsp;postavljenih &hellip;\" \/>\n<meta property=\"og:url\" content=\"https:\/\/odabrano.com\/index.php\/2024\/04\/30\/sveuciliste-columbia-suspendiralo-propalestinske-prosvjednike\/\" \/>\n<meta property=\"og:site_name\" content=\"odabrano\" \/>\n<meta property=\"article:published_time\" content=\"2024-04-30T08:30:25+00:00\" \/>\n<meta property=\"article:modified_time\" content=\"2024-04-30T08:35:39+00:00\" \/>\n<meta property=\"og:image\" content=\"https:\/\/odabrano.com\/wp-content\/uploads\/2024\/04\/columbia2.jpg\" \/>\n\t<meta property=\"og:image:width\" content=\"790\" \/>\n\t<meta property=\"og:image:height\" content=\"513\" \/>\n\t<meta property=\"og:image:type\" content=\"image\/jpeg\" \/>\n<meta name=\"author\" content=\"admin\" \/>\n<meta name=\"twitter:card\" content=\"summary_large_image\" \/>\n<meta name=\"twitter:label1\" content=\"Written by\" \/>\n\t<meta name=\"twitter:data1\" content=\"admin\" \/>\n\t<meta name=\"twitter:label2\" content=\"Est. reading time\" \/>\n\t<meta name=\"twitter:data2\" content=\"5 minutes\" \/>\n<script type=\"application\/ld+json\" class=\"yoast-schema-graph\">{\"@context\":\"https:\/\/schema.org\",\"@graph\":[{\"@type\":\"Article\",\"@id\":\"https:\/\/odabrano.com\/index.php\/2024\/04\/30\/sveuciliste-columbia-suspendiralo-propalestinske-prosvjednike\/#article\",\"isPartOf\":{\"@id\":\"https:\/\/odabrano.com\/index.php\/2024\/04\/30\/sveuciliste-columbia-suspendiralo-propalestinske-prosvjednike\/\"},\"author\":{\"name\":\"admin\",\"@id\":\"https:\/\/odabrano.com\/#\/schema\/person\/460f2b14657879743f23c4f6a7cd3236\"},\"headline\":\"Sveu\u010dili\u0161te Columbia suspendiralo propalestinske prosvjednike\",\"datePublished\":\"2024-04-30T08:30:25+00:00\",\"dateModified\":\"2024-04-30T08:35:39+00:00\",\"mainEntityOfPage\":{\"@id\":\"https:\/\/odabrano.com\/index.php\/2024\/04\/30\/sveuciliste-columbia-suspendiralo-propalestinske-prosvjednike\/\"},\"wordCount\":1072,\"publisher\":{\"@id\":\"https:\/\/odabrano.com\/#\/schema\/person\/460f2b14657879743f23c4f6a7cd3236\"},\"keywords\":[\"columbia\",\"gaza\",\"prosvjedi\",\"studenti\"],\"articleSection\":[\"Svijet\"],\"inLanguage\":\"en-US\"},{\"@type\":\"WebPage\",\"@id\":\"https:\/\/odabrano.com\/index.php\/2024\/04\/30\/sveuciliste-columbia-suspendiralo-propalestinske-prosvjednike\/\",\"url\":\"https:\/\/odabrano.com\/index.php\/2024\/04\/30\/sveuciliste-columbia-suspendiralo-propalestinske-prosvjednike\/\",\"name\":\"Sveu\u010dili\u0161te Columbia suspendiralo propalestinske prosvjednike - odabrano\",\"isPartOf\":{\"@id\":\"https:\/\/odabrano.com\/#website\"},\"datePublished\":\"2024-04-30T08:30:25+00:00\",\"dateModified\":\"2024-04-30T08:35:39+00:00\",\"breadcrumb\":{\"@id\":\"https:\/\/odabrano.com\/index.php\/2024\/04\/30\/sveuciliste-columbia-suspendiralo-propalestinske-prosvjednike\/#breadcrumb\"},\"inLanguage\":\"en-US\",\"potentialAction\":[{\"@type\":\"ReadAction\",\"target\":[\"https:\/\/odabrano.com\/index.php\/2024\/04\/30\/sveuciliste-columbia-suspendiralo-propalestinske-prosvjednike\/\"]}]},{\"@type\":\"BreadcrumbList\",\"@id\":\"https:\/\/odabrano.com\/index.php\/2024\/04\/30\/sveuciliste-columbia-suspendiralo-propalestinske-prosvjednike\/#breadcrumb\",\"itemListElement\":[{\"@type\":\"ListItem\",\"position\":1,\"name\":\"Home\",\"item\":\"https:\/\/odabrano.com\/\"},{\"@type\":\"ListItem\",\"position\":2,\"name\":\"Sveu\u010dili\u0161te Columbia suspendiralo propalestinske prosvjednike\"}]},{\"@type\":\"WebSite\",\"@id\":\"https:\/\/odabrano.com\/#website\",\"url\":\"https:\/\/odabrano.com\/\",\"name\":\"odabrano\",\"description\":\"news portal koji nudi odabrane vijesti i informacije\",\"publisher\":{\"@id\":\"https:\/\/odabrano.com\/#\/schema\/person\/460f2b14657879743f23c4f6a7cd3236\"},\"alternateName\":\"vijesti i informacije iz Hrvatske i svijeta\",\"potentialAction\":[{\"@type\":\"SearchAction\",\"target\":{\"@type\":\"EntryPoint\",\"urlTemplate\":\"https:\/\/odabrano.com\/?s={search_term_string}\"},\"query-input\":\"required name=search_term_string\"}],\"inLanguage\":\"en-US\"},{\"@type\":[\"Person\",\"Organization\"],\"@id\":\"https:\/\/odabrano.com\/#\/schema\/person\/460f2b14657879743f23c4f6a7cd3236\",\"name\":\"admin\",\"image\":{\"@type\":\"ImageObject\",\"inLanguage\":\"en-US\",\"@id\":\"https:\/\/odabrano.com\/#\/schema\/person\/image\/\",\"url\":\"https:\/\/odabrano.com\/wp-content\/uploads\/2024\/04\/dolar.jpg\",\"contentUrl\":\"https:\/\/odabrano.com\/wp-content\/uploads\/2024\/04\/dolar.jpg\",\"width\":1216,\"height\":519,\"caption\":\"admin\"},\"logo\":{\"@id\":\"https:\/\/odabrano.com\/#\/schema\/person\/image\/\"},\"sameAs\":[\"http:\/\/odabrano.com\"],\"url\":\"https:\/\/odabrano.com\/index.php\/author\/sokolneno_u3xb387h\/\"}]}<\/script>\n<!-- \/ Yoast SEO plugin. -->","yoast_head_json":{"title":"Sveu\u010dili\u0161te Columbia suspendiralo propalestinske prosvjednike - odabrano","robots":{"index":"index","follow":"follow","max-snippet":"max-snippet:-1","max-image-preview":"max-image-preview:large","max-video-preview":"max-video-preview:-1"},"canonical":"https:\/\/odabrano.com\/index.php\/2024\/04\/30\/sveuciliste-columbia-suspendiralo-propalestinske-prosvjednike\/","og_locale":"en_US","og_type":"article","og_title":"Sveu\u010dili\u0161te Columbia suspendiralo propalestinske prosvjednike - odabrano","og_description":"Sveu\u010dili\u0161te Columbia po\u010delo je u ponedjeljak suspendirati propalestinske studentske aktiviste koji su odbili raspustiti prosvjedni logor na prostoru sveu\u010dili\u0161ta u New Yorku nakon \u0161to je ta presti\u017ena ustanova objavila zastoj u pregovorima o okon\u010danju polariziraju\u0107ih demonstracija. Predsjednica Sveu\u010dili\u0161ta Nemat Minouche Shafik&nbsp;objavila je da&nbsp;vi\u0161ednevni pregovori studentskih organizatora i \u010delnika sveu\u010dili\u0161ta nisu doveli do uklanjanja desetaka \u0161atora&nbsp;postavljenih &hellip;","og_url":"https:\/\/odabrano.com\/index.php\/2024\/04\/30\/sveuciliste-columbia-suspendiralo-propalestinske-prosvjednike\/","og_site_name":"odabrano","article_published_time":"2024-04-30T08:30:25+00:00","article_modified_time":"2024-04-30T08:35:39+00:00","og_image":[{"width":790,"height":513,"url":"https:\/\/odabrano.com\/wp-content\/uploads\/2024\/04\/columbia2.jpg","type":"image\/jpeg"}],"author":"admin","twitter_card":"summary_large_image","twitter_misc":{"Written by":"admin","Est. reading time":"5 minutes"},"schema":{"@context":"https:\/\/schema.org","@graph":[{"@type":"Article","@id":"https:\/\/odabrano.com\/index.php\/2024\/04\/30\/sveuciliste-columbia-suspendiralo-propalestinske-prosvjednike\/#article","isPartOf":{"@id":"https:\/\/odabrano.com\/index.php\/2024\/04\/30\/sveuciliste-columbia-suspendiralo-propalestinske-prosvjednike\/"},"author":{"name":"admin","@id":"https:\/\/odabrano.com\/#\/schema\/person\/460f2b14657879743f23c4f6a7cd3236"},"headline":"Sveu\u010dili\u0161te Columbia suspendiralo propalestinske prosvjednike","datePublished":"2024-04-30T08:30:25+00:00","dateModified":"2024-04-30T08:35:39+00:00","mainEntityOfPage":{"@id":"https:\/\/odabrano.com\/index.php\/2024\/04\/30\/sveuciliste-columbia-suspendiralo-propalestinske-prosvjednike\/"},"wordCount":1072,"publisher":{"@id":"https:\/\/odabrano.com\/#\/schema\/person\/460f2b14657879743f23c4f6a7cd3236"},"keywords":["columbia","gaza","prosvjedi","studenti"],"articleSection":["Svijet"],"inLanguage":"en-US"},{"@type":"WebPage","@id":"https:\/\/odabrano.com\/index.php\/2024\/04\/30\/sveuciliste-columbia-suspendiralo-propalestinske-prosvjednike\/","url":"https:\/\/odabrano.com\/index.php\/2024\/04\/30\/sveuciliste-columbia-suspendiralo-propalestinske-prosvjednike\/","name":"Sveu\u010dili\u0161te Columbia suspendiralo propalestinske prosvjednike - odabrano","isPartOf":{"@id":"https:\/\/odabrano.com\/#website"},"datePublished":"2024-04-30T08:30:25+00:00","dateModified":"2024-04-30T08:35:39+00:00","breadcrumb":{"@id":"https:\/\/odabrano.com\/index.php\/2024\/04\/30\/sveuciliste-columbia-suspendiralo-propalestinske-prosvjednike\/#breadcrumb"},"inLanguage":"en-US","potentialAction":[{"@type":"ReadAction","target":["https:\/\/odabrano.com\/index.php\/2024\/04\/30\/sveuciliste-columbia-suspendiralo-propalestinske-prosvjednike\/"]}]},{"@type":"BreadcrumbList","@id":"https:\/\/odabrano.com\/index.php\/2024\/04\/30\/sveuciliste-columbia-suspendiralo-propalestinske-prosvjednike\/#breadcrumb","itemListElement":[{"@type":"ListItem","position":1,"name":"Home","item":"https:\/\/odabrano.com\/"},{"@type":"ListItem","position":2,"name":"Sveu\u010dili\u0161te Columbia suspendiralo propalestinske prosvjednike"}]},{"@type":"WebSite","@id":"https:\/\/odabrano.com\/#website","url":"https:\/\/odabrano.com\/","name":"odabrano","description":"news portal koji nudi odabrane vijesti i informacije","publisher":{"@id":"https:\/\/odabrano.com\/#\/schema\/person\/460f2b14657879743f23c4f6a7cd3236"},"alternateName":"vijesti i informacije iz Hrvatske i svijeta","potentialAction":[{"@type":"SearchAction","target":{"@type":"EntryPoint","urlTemplate":"https:\/\/odabrano.com\/?s={search_term_string}"},"query-input":"required name=search_term_string"}],"inLanguage":"en-US"},{"@type":["Person","Organization"],"@id":"https:\/\/odabrano.com\/#\/schema\/person\/460f2b14657879743f23c4f6a7cd3236","name":"admin","image":{"@type":"ImageObject","inLanguage":"en-US","@id":"https:\/\/odabrano.com\/#\/schema\/person\/image\/","url":"https:\/\/odabrano.com\/wp-content\/uploads\/2024\/04\/dolar.jpg","contentUrl":"https:\/\/odabrano.com\/wp-content\/uploads\/2024\/04\/dolar.jpg","width":1216,"height":519,"caption":"admin"},"logo":{"@id":"https:\/\/odabrano.com\/#\/schema\/person\/image\/"},"sameAs":["http:\/\/odabrano.com"],"url":"https:\/\/odabrano.com\/index.php\/author\/sokolneno_u3xb387h\/"}]}},"_links":{"self":[{"href":"https:\/\/odabrano.com\/index.php\/wp-json\/wp\/v2\/posts\/2149","targetHints":{"allow":["GET"]}}],"collection":[{"href":"https:\/\/odabrano.com\/index.php\/wp-json\/wp\/v2\/posts"}],"about":[{"href":"https:\/\/odabrano.com\/index.php\/wp-json\/wp\/v2\/types\/post"}],"author":[{"embeddable":true,"href":"https:\/\/odabrano.com\/index.php\/wp-json\/wp\/v2\/users\/1"}],"replies":[{"embeddable":true,"href":"https:\/\/odabrano.com\/index.php\/wp-json\/wp\/v2\/comments?post=2149"}],"version-history":[{"count":1,"href":"https:\/\/odabrano.com\/index.php\/wp-json\/wp\/v2\/posts\/2149\/revisions"}],"predecessor-version":[{"id":2151,"href":"https:\/\/odabrano.com\/index.php\/wp-json\/wp\/v2\/posts\/2149\/revisions\/2151"}],"wp:featuredmedia":[{"embeddable":true,"href":"https:\/\/odabrano.com\/index.php\/wp-json\/wp\/v2\/media\/2153"}],"wp:attachment":[{"href":"https:\/\/odabrano.com\/index.php\/wp-json\/wp\/v2\/media?parent=2149"}],"wp:term":[{"taxonomy":"category","embeddable":true,"href":"https:\/\/odabrano.com\/index.php\/wp-json\/wp\/v2\/categories?post=2149"},{"taxonomy":"post_tag","embeddable":true,"href":"https:\/\/odabrano.com\/index.php\/wp-json\/wp\/v2\/tags?post=2149"}],"curies":[{"name":"wp","href":"https:\/\/api.w.org\/{rel}","templated":true}]}}