{"id":2132,"date":"2024-04-30T05:32:10","date_gmt":"2024-04-30T03:32:10","guid":{"rendered":"http:\/\/odabrano.com\/?p=2132"},"modified":"2024-04-30T05:32:12","modified_gmt":"2024-04-30T03:32:12","slug":"dp-jos-uvijek-nismo-nista-dogovorili-nastavljamo-hdz-ozracje-je-konstruktivno","status":"publish","type":"post","link":"https:\/\/odabrano.com\/index.php\/2024\/04\/30\/dp-jos-uvijek-nismo-nista-dogovorili-nastavljamo-hdz-ozracje-je-konstruktivno\/","title":{"rendered":"DP: Jo\u0161 uvijek nismo ni\u0161ta dogovorili, nastavljamo; HDZ: Ozra\u010dje je konstruktivno"},"content":{"rendered":"\n<p>Zamjenik predsjednika Domovinskog pokreta Mario Radi\u0107 rekao je u ponedjeljak da s HDZ-om\u00a0jo\u0161 uvijek nisu ni\u0161ta dogovorili i da ovih dana nastavljaju sastanke na temu formiranja parlamentarne ve\u0107ine, a predstojnik ureda predsjednika HDZ-a Marko Mili\u0107 ka\u017ee da je ozra\u010dje\u00a0konstruktivno.<\/p>\n\n\n\n<p>&#8220;Imali smo sastanak pregovara\u010dkih timova na temu formiranja parlamentarne ve\u0107ine, sastanci \u0107e se nastaviti ovih dana. Pribli\u017eavamo neke stavove, da&nbsp;li su se pribli\u017eili ili nisu, o tom-potom&#8221;, izjavio je&nbsp;Radi\u0107 novinarima nakon sastanka dvaju pregovara\u010dkih timova, DP-a i HDZ-a, u Banskim dvorima.<\/p>\n\n\n\n<p>Tako\u0111er je rekao da nije dogovoreno ni\u0161ta ni u vezi sa SDSS-om.<\/p>\n\n\n\n<p>&#8220;Nismo jo\u0161 uvijek ni\u0161ta dogovorili nego nastavljamo sastanke&#8221;, odgovorio je Radi\u0107 na pitanje novinara&nbsp;je li \u0161ta rije\u0161eno u vezi s &#8216;to\u010dkom prijepora&#8217; SDSS-om.<\/p>\n\n\n\n<p>Na pitanje u \u010demu su najvi\u0161e pribli\u017eili stajali\u0161ta, Radi\u0107 je odgovorio da su pribli\u017eili stavove u smislu da se vidi&nbsp;koje su&nbsp;teme&nbsp;koje jedni s drugima trebaju&nbsp;iskomunicirati. &#8220;I to je to&#8221;, kratko je rekao.<\/p>\n\n\n\n<p>Radi\u0107 je kazao&nbsp;i da nisu do\u0161li do razgovora o tome postoji li trenutno ve\u0107ina od&nbsp;76 zastupnika. &#8220;Nismo jo\u0161 do\u0161li do toga&#8221;, odgovorio je.&nbsp;<\/p>\n\n\n\n<p>Upitan je li mu predsjednik HDZ-a Andrej Plenkovi\u0107 \u0161to rekao oko SDSS-a, odgovorio&nbsp;je da o temama pregovora ne\u0107e&nbsp;pri\u010dati&nbsp;jer teme pregovora nisu&nbsp;one koje javnosti treba komunicirati.<\/p>\n\n\n\n<p>Predstojnik ureda predsjednika HDZ-a Marko Mili\u0107 rekao je Hini da je novi krug razgovora s Domovinskim pokretom pro\u0161ao u konstruktivnom ozra\u010dju.<\/p>\n\n\n\n<p>&#8220;Ve\u010deras je u konstruktivnom ozra\u010dju odr\u017ean novi krug razgovora predstavnika Hrvatske demokratske zajednice i Domovinskog pokreta&#8221;, rekao je Mili\u0107.<\/p>\n\n\n\n<p>Predstavnici stranaka su, ka\u017ee, u procesu pribli\u017eavanja stajali\u0161ta u pogledu formiranja stabilne parlamentarne ve\u0107ine i Vlade.<\/p>\n\n\n\n<p>&#8220;Razgovori se nastavljaju tijekom ovog tjedna&#8221;, potvrdio je.<\/p>\n","protected":false},"excerpt":{"rendered":"<p>Zamjenik predsjednika Domovinskog pokreta Mario Radi\u0107 rekao je u ponedjeljak da s HDZ-om\u00a0jo\u0161 uvijek nisu ni\u0161ta dogovorili i da ovih dana nastavljaju sastanke na temu formiranja parlamentarne ve\u0107ine, a predstojnik ureda predsjednika HDZ-a Marko Mili\u0107 ka\u017ee da je ozra\u010dje\u00a0konstruktivno. &#8220;Imali smo sastanak pregovara\u010dkih timova na temu formiranja parlamentarne ve\u0107ine, sastanci \u0107e se nastaviti ovih dana. &hellip;<\/p>\n","protected":false},"author":1,"featured_media":2133,"comment_status":"closed","ping_status":"open","sticky":false,"template":"","format":"standard","meta":{"_monsterinsights_skip_tracking":false,"_monsterinsights_sitenote_active":false,"_monsterinsights_sitenote_note":"","_monsterinsights_sitenote_category":0,"footnotes":""},"categories":[25],"tags":[473,130,159,472],"class_list":["post-2132","post","type-post","status-publish","format-standard","has-post-thumbnail","","category-hrvatska","tag-dogovor","tag-dp","tag-hdz","tag-redic"],"yoast_head":"<!-- This site is optimized with the Yoast SEO plugin v22.1 - https:\/\/yoast.com\/wordpress\/plugins\/seo\/ -->\n<title>DP: Jo\u0161 uvijek nismo ni\u0161ta dogovorili, nastavljamo; HDZ: Ozra\u010dje je konstruktivno - odabrano<\/title>\n<meta name=\"robots\" content=\"index, follow, max-snippet:-1, max-image-preview:large, max-video-preview:-1\" \/>\n<link rel=\"canonical\" href=\"https:\/\/odabrano.com\/index.php\/2024\/04\/30\/dp-jos-uvijek-nismo-nista-dogovorili-nastavljamo-hdz-ozracje-je-konstruktivno\/\" \/>\n<meta property=\"og:locale\" content=\"en_US\" \/>\n<meta property=\"og:type\" content=\"article\" \/>\n<meta property=\"og:title\" content=\"DP: Jo\u0161 uvijek nismo ni\u0161ta dogovorili, nastavljamo; HDZ: Ozra\u010dje je konstruktivno - odabrano\" \/>\n<meta property=\"og:description\" content=\"Zamjenik predsjednika Domovinskog pokreta Mario Radi\u0107 rekao je u ponedjeljak da s HDZ-om\u00a0jo\u0161 uvijek nisu ni\u0161ta dogovorili i da ovih dana nastavljaju sastanke na temu formiranja parlamentarne ve\u0107ine, a predstojnik ureda predsjednika HDZ-a Marko Mili\u0107 ka\u017ee da je ozra\u010dje\u00a0konstruktivno. &#8220;Imali smo sastanak pregovara\u010dkih timova na temu formiranja parlamentarne ve\u0107ine, sastanci \u0107e se nastaviti ovih dana. &hellip;\" \/>\n<meta property=\"og:url\" content=\"https:\/\/odabrano.com\/index.php\/2024\/04\/30\/dp-jos-uvijek-nismo-nista-dogovorili-nastavljamo-hdz-ozracje-je-konstruktivno\/\" \/>\n<meta property=\"og:site_name\" content=\"odabrano\" \/>\n<meta property=\"article:published_time\" content=\"2024-04-30T03:32:10+00:00\" \/>\n<meta property=\"article:modified_time\" content=\"2024-04-30T03:32:12+00:00\" \/>\n<meta property=\"og:image\" content=\"https:\/\/odabrano.com\/wp-content\/uploads\/2024\/04\/radic.jpg\" \/>\n\t<meta property=\"og:image:width\" content=\"800\" \/>\n\t<meta property=\"og:image:height\" content=\"543\" \/>\n\t<meta property=\"og:image:type\" content=\"image\/jpeg\" \/>\n<meta name=\"author\" content=\"admin\" \/>\n<meta name=\"twitter:card\" content=\"summary_large_image\" \/>\n<meta name=\"twitter:label1\" content=\"Written by\" \/>\n\t<meta name=\"twitter:data1\" content=\"admin\" \/>\n\t<meta name=\"twitter:label2\" content=\"Est. reading time\" \/>\n\t<meta name=\"twitter:data2\" content=\"2 minutes\" \/>\n<script type=\"application\/ld+json\" class=\"yoast-schema-graph\">{\"@context\":\"https:\/\/schema.org\",\"@graph\":[{\"@type\":\"Article\",\"@id\":\"https:\/\/odabrano.com\/index.php\/2024\/04\/30\/dp-jos-uvijek-nismo-nista-dogovorili-nastavljamo-hdz-ozracje-je-konstruktivno\/#article\",\"isPartOf\":{\"@id\":\"https:\/\/odabrano.com\/index.php\/2024\/04\/30\/dp-jos-uvijek-nismo-nista-dogovorili-nastavljamo-hdz-ozracje-je-konstruktivno\/\"},\"author\":{\"name\":\"admin\",\"@id\":\"https:\/\/odabrano.com\/#\/schema\/person\/460f2b14657879743f23c4f6a7cd3236\"},\"headline\":\"DP: Jo\u0161 uvijek nismo ni\u0161ta dogovorili, nastavljamo; HDZ: Ozra\u010dje je konstruktivno\",\"datePublished\":\"2024-04-30T03:32:10+00:00\",\"dateModified\":\"2024-04-30T03:32:12+00:00\",\"mainEntityOfPage\":{\"@id\":\"https:\/\/odabrano.com\/index.php\/2024\/04\/30\/dp-jos-uvijek-nismo-nista-dogovorili-nastavljamo-hdz-ozracje-je-konstruktivno\/\"},\"wordCount\":332,\"publisher\":{\"@id\":\"https:\/\/odabrano.com\/#\/schema\/person\/460f2b14657879743f23c4f6a7cd3236\"},\"keywords\":[\"dogovor\",\"dp\",\"hdz\",\"redi\u0107\"],\"articleSection\":[\"Hrvatska\"],\"inLanguage\":\"en-US\"},{\"@type\":\"WebPage\",\"@id\":\"https:\/\/odabrano.com\/index.php\/2024\/04\/30\/dp-jos-uvijek-nismo-nista-dogovorili-nastavljamo-hdz-ozracje-je-konstruktivno\/\",\"url\":\"https:\/\/odabrano.com\/index.php\/2024\/04\/30\/dp-jos-uvijek-nismo-nista-dogovorili-nastavljamo-hdz-ozracje-je-konstruktivno\/\",\"name\":\"DP: Jo\u0161 uvijek nismo ni\u0161ta dogovorili, nastavljamo; HDZ: Ozra\u010dje je konstruktivno - odabrano\",\"isPartOf\":{\"@id\":\"https:\/\/odabrano.com\/#website\"},\"datePublished\":\"2024-04-30T03:32:10+00:00\",\"dateModified\":\"2024-04-30T03:32:12+00:00\",\"breadcrumb\":{\"@id\":\"https:\/\/odabrano.com\/index.php\/2024\/04\/30\/dp-jos-uvijek-nismo-nista-dogovorili-nastavljamo-hdz-ozracje-je-konstruktivno\/#breadcrumb\"},\"inLanguage\":\"en-US\",\"potentialAction\":[{\"@type\":\"ReadAction\",\"target\":[\"https:\/\/odabrano.com\/index.php\/2024\/04\/30\/dp-jos-uvijek-nismo-nista-dogovorili-nastavljamo-hdz-ozracje-je-konstruktivno\/\"]}]},{\"@type\":\"BreadcrumbList\",\"@id\":\"https:\/\/odabrano.com\/index.php\/2024\/04\/30\/dp-jos-uvijek-nismo-nista-dogovorili-nastavljamo-hdz-ozracje-je-konstruktivno\/#breadcrumb\",\"itemListElement\":[{\"@type\":\"ListItem\",\"position\":1,\"name\":\"Home\",\"item\":\"https:\/\/odabrano.com\/\"},{\"@type\":\"ListItem\",\"position\":2,\"name\":\"DP: Jo\u0161 uvijek nismo ni\u0161ta dogovorili, nastavljamo; HDZ: Ozra\u010dje je konstruktivno\"}]},{\"@type\":\"WebSite\",\"@id\":\"https:\/\/odabrano.com\/#website\",\"url\":\"https:\/\/odabrano.com\/\",\"name\":\"odabrano\",\"description\":\"news portal koji nudi odabrane vijesti i informacije\",\"publisher\":{\"@id\":\"https:\/\/odabrano.com\/#\/schema\/person\/460f2b14657879743f23c4f6a7cd3236\"},\"alternateName\":\"vijesti i informacije iz Hrvatske i svijeta\",\"potentialAction\":[{\"@type\":\"SearchAction\",\"target\":{\"@type\":\"EntryPoint\",\"urlTemplate\":\"https:\/\/odabrano.com\/?s={search_term_string}\"},\"query-input\":\"required name=search_term_string\"}],\"inLanguage\":\"en-US\"},{\"@type\":[\"Person\",\"Organization\"],\"@id\":\"https:\/\/odabrano.com\/#\/schema\/person\/460f2b14657879743f23c4f6a7cd3236\",\"name\":\"admin\",\"image\":{\"@type\":\"ImageObject\",\"inLanguage\":\"en-US\",\"@id\":\"https:\/\/odabrano.com\/#\/schema\/person\/image\/\",\"url\":\"https:\/\/odabrano.com\/wp-content\/uploads\/2024\/04\/dolar.jpg\",\"contentUrl\":\"https:\/\/odabrano.com\/wp-content\/uploads\/2024\/04\/dolar.jpg\",\"width\":1216,\"height\":519,\"caption\":\"admin\"},\"logo\":{\"@id\":\"https:\/\/odabrano.com\/#\/schema\/person\/image\/\"},\"sameAs\":[\"http:\/\/odabrano.com\"],\"url\":\"https:\/\/odabrano.com\/index.php\/author\/sokolneno_u3xb387h\/\"}]}<\/script>\n<!-- \/ Yoast SEO plugin. -->","yoast_head_json":{"title":"DP: Jo\u0161 uvijek nismo ni\u0161ta dogovorili, nastavljamo; HDZ: Ozra\u010dje je konstruktivno - odabrano","robots":{"index":"index","follow":"follow","max-snippet":"max-snippet:-1","max-image-preview":"max-image-preview:large","max-video-preview":"max-video-preview:-1"},"canonical":"https:\/\/odabrano.com\/index.php\/2024\/04\/30\/dp-jos-uvijek-nismo-nista-dogovorili-nastavljamo-hdz-ozracje-je-konstruktivno\/","og_locale":"en_US","og_type":"article","og_title":"DP: Jo\u0161 uvijek nismo ni\u0161ta dogovorili, nastavljamo; HDZ: Ozra\u010dje je konstruktivno - odabrano","og_description":"Zamjenik predsjednika Domovinskog pokreta Mario Radi\u0107 rekao je u ponedjeljak da s HDZ-om\u00a0jo\u0161 uvijek nisu ni\u0161ta dogovorili i da ovih dana nastavljaju sastanke na temu formiranja parlamentarne ve\u0107ine, a predstojnik ureda predsjednika HDZ-a Marko Mili\u0107 ka\u017ee da je ozra\u010dje\u00a0konstruktivno. &#8220;Imali smo sastanak pregovara\u010dkih timova na temu formiranja parlamentarne ve\u0107ine, sastanci \u0107e se nastaviti ovih dana. &hellip;","og_url":"https:\/\/odabrano.com\/index.php\/2024\/04\/30\/dp-jos-uvijek-nismo-nista-dogovorili-nastavljamo-hdz-ozracje-je-konstruktivno\/","og_site_name":"odabrano","article_published_time":"2024-04-30T03:32:10+00:00","article_modified_time":"2024-04-30T03:32:12+00:00","og_image":[{"width":800,"height":543,"url":"https:\/\/odabrano.com\/wp-content\/uploads\/2024\/04\/radic.jpg","type":"image\/jpeg"}],"author":"admin","twitter_card":"summary_large_image","twitter_misc":{"Written by":"admin","Est. reading time":"2 minutes"},"schema":{"@context":"https:\/\/schema.org","@graph":[{"@type":"Article","@id":"https:\/\/odabrano.com\/index.php\/2024\/04\/30\/dp-jos-uvijek-nismo-nista-dogovorili-nastavljamo-hdz-ozracje-je-konstruktivno\/#article","isPartOf":{"@id":"https:\/\/odabrano.com\/index.php\/2024\/04\/30\/dp-jos-uvijek-nismo-nista-dogovorili-nastavljamo-hdz-ozracje-je-konstruktivno\/"},"author":{"name":"admin","@id":"https:\/\/odabrano.com\/#\/schema\/person\/460f2b14657879743f23c4f6a7cd3236"},"headline":"DP: Jo\u0161 uvijek nismo ni\u0161ta dogovorili, nastavljamo; HDZ: Ozra\u010dje je konstruktivno","datePublished":"2024-04-30T03:32:10+00:00","dateModified":"2024-04-30T03:32:12+00:00","mainEntityOfPage":{"@id":"https:\/\/odabrano.com\/index.php\/2024\/04\/30\/dp-jos-uvijek-nismo-nista-dogovorili-nastavljamo-hdz-ozracje-je-konstruktivno\/"},"wordCount":332,"publisher":{"@id":"https:\/\/odabrano.com\/#\/schema\/person\/460f2b14657879743f23c4f6a7cd3236"},"keywords":["dogovor","dp","hdz","redi\u0107"],"articleSection":["Hrvatska"],"inLanguage":"en-US"},{"@type":"WebPage","@id":"https:\/\/odabrano.com\/index.php\/2024\/04\/30\/dp-jos-uvijek-nismo-nista-dogovorili-nastavljamo-hdz-ozracje-je-konstruktivno\/","url":"https:\/\/odabrano.com\/index.php\/2024\/04\/30\/dp-jos-uvijek-nismo-nista-dogovorili-nastavljamo-hdz-ozracje-je-konstruktivno\/","name":"DP: Jo\u0161 uvijek nismo ni\u0161ta dogovorili, nastavljamo; HDZ: Ozra\u010dje je konstruktivno - odabrano","isPartOf":{"@id":"https:\/\/odabrano.com\/#website"},"datePublished":"2024-04-30T03:32:10+00:00","dateModified":"2024-04-30T03:32:12+00:00","breadcrumb":{"@id":"https:\/\/odabrano.com\/index.php\/2024\/04\/30\/dp-jos-uvijek-nismo-nista-dogovorili-nastavljamo-hdz-ozracje-je-konstruktivno\/#breadcrumb"},"inLanguage":"en-US","potentialAction":[{"@type":"ReadAction","target":["https:\/\/odabrano.com\/index.php\/2024\/04\/30\/dp-jos-uvijek-nismo-nista-dogovorili-nastavljamo-hdz-ozracje-je-konstruktivno\/"]}]},{"@type":"BreadcrumbList","@id":"https:\/\/odabrano.com\/index.php\/2024\/04\/30\/dp-jos-uvijek-nismo-nista-dogovorili-nastavljamo-hdz-ozracje-je-konstruktivno\/#breadcrumb","itemListElement":[{"@type":"ListItem","position":1,"name":"Home","item":"https:\/\/odabrano.com\/"},{"@type":"ListItem","position":2,"name":"DP: Jo\u0161 uvijek nismo ni\u0161ta dogovorili, nastavljamo; HDZ: Ozra\u010dje je konstruktivno"}]},{"@type":"WebSite","@id":"https:\/\/odabrano.com\/#website","url":"https:\/\/odabrano.com\/","name":"odabrano","description":"news portal koji nudi odabrane vijesti i informacije","publisher":{"@id":"https:\/\/odabrano.com\/#\/schema\/person\/460f2b14657879743f23c4f6a7cd3236"},"alternateName":"vijesti i informacije iz Hrvatske i svijeta","potentialAction":[{"@type":"SearchAction","target":{"@type":"EntryPoint","urlTemplate":"https:\/\/odabrano.com\/?s={search_term_string}"},"query-input":"required name=search_term_string"}],"inLanguage":"en-US"},{"@type":["Person","Organization"],"@id":"https:\/\/odabrano.com\/#\/schema\/person\/460f2b14657879743f23c4f6a7cd3236","name":"admin","image":{"@type":"ImageObject","inLanguage":"en-US","@id":"https:\/\/odabrano.com\/#\/schema\/person\/image\/","url":"https:\/\/odabrano.com\/wp-content\/uploads\/2024\/04\/dolar.jpg","contentUrl":"https:\/\/odabrano.com\/wp-content\/uploads\/2024\/04\/dolar.jpg","width":1216,"height":519,"caption":"admin"},"logo":{"@id":"https:\/\/odabrano.com\/#\/schema\/person\/image\/"},"sameAs":["http:\/\/odabrano.com"],"url":"https:\/\/odabrano.com\/index.php\/author\/sokolneno_u3xb387h\/"}]}},"_links":{"self":[{"href":"https:\/\/odabrano.com\/index.php\/wp-json\/wp\/v2\/posts\/2132","targetHints":{"allow":["GET"]}}],"collection":[{"href":"https:\/\/odabrano.com\/index.php\/wp-json\/wp\/v2\/posts"}],"about":[{"href":"https:\/\/odabrano.com\/index.php\/wp-json\/wp\/v2\/types\/post"}],"author":[{"embeddable":true,"href":"https:\/\/odabrano.com\/index.php\/wp-json\/wp\/v2\/users\/1"}],"replies":[{"embeddable":true,"href":"https:\/\/odabrano.com\/index.php\/wp-json\/wp\/v2\/comments?post=2132"}],"version-history":[{"count":1,"href":"https:\/\/odabrano.com\/index.php\/wp-json\/wp\/v2\/posts\/2132\/revisions"}],"predecessor-version":[{"id":2134,"href":"https:\/\/odabrano.com\/index.php\/wp-json\/wp\/v2\/posts\/2132\/revisions\/2134"}],"wp:featuredmedia":[{"embeddable":true,"href":"https:\/\/odabrano.com\/index.php\/wp-json\/wp\/v2\/media\/2133"}],"wp:attachment":[{"href":"https:\/\/odabrano.com\/index.php\/wp-json\/wp\/v2\/media?parent=2132"}],"wp:term":[{"taxonomy":"category","embeddable":true,"href":"https:\/\/odabrano.com\/index.php\/wp-json\/wp\/v2\/categories?post=2132"},{"taxonomy":"post_tag","embeddable":true,"href":"https:\/\/odabrano.com\/index.php\/wp-json\/wp\/v2\/tags?post=2132"}],"curies":[{"name":"wp","href":"https:\/\/api.w.org\/{rel}","templated":true}]}}