{"id":1978,"date":"2024-04-25T20:59:30","date_gmt":"2024-04-25T18:59:30","guid":{"rendered":"http:\/\/odabrano.com\/?p=1978"},"modified":"2024-04-25T20:59:31","modified_gmt":"2024-04-25T18:59:31","slug":"plenkovic-prozvao-sdp-mozemo-i-most-da-su-korumpirani","status":"publish","type":"post","link":"https:\/\/odabrano.com\/index.php\/2024\/04\/25\/plenkovic-prozvao-sdp-mozemo-i-most-da-su-korumpirani\/","title":{"rendered":"Plenkovi\u0107 prozvao SDP, Mo\u017eemo! i Most da su korumpirani"},"content":{"rendered":"\n<p><strong>Premijer i predsjednik HDZ-a Andrej Plenkovi\u0107\u00a0poru\u010dio je da \u0107e HDZ imati &#8220;dovoljno ruku&#8221; i sastaviti parlamentarnu ve\u0107inu, naglasiv\u0161i da razgovore\u00a0vodi s ozbiljnima i odgovornima, no ne\u0107e s Mostom, Mo\u017eemo! i SDP-om koje je nazvao korumpiranima jer &#8220;\u017eele porobiti neovisne institucije&#8221;.<\/strong><\/p>\n\n\n\n<p>Plenkovi\u0107 je u \u010detvrtak, nakon sve\u010danosti u povodu dolaska prvih \u0161est iz eskadrile borbenih aviona Rafale koje je Hrvatska kupila od Francuske, odgovarao na novinarska pitanja o tijeku pregovora o sastavljanju parlamentarne ve\u0107ine, odnosno prikupljanja potpisa za dobivanje mandata za sastavljanje Vlade te je,&nbsp;me\u0111u inim, rekao da bi HDZ vjerojatno dobio \u0161est mandata vi\u0161e da su parlamentarni izbori bili u nedjelju.<\/p>\n\n\n\n<p>&#8220;Pa bi pregovori bili gotovi, a budu\u0107i da su izbori bili prije dolaska Rafalea imamo odluku hrvatskog naroda koja nam uvjetuje kontekst&#8221;, objasnio&nbsp;je.<\/p>\n\n\n\n<p>U izjavi je u vi\u0161e navrata Most, Mo\u017eemo! te SDP nazvao korumpiranima, poru\u010div\u0161i da \u0107e ih tako opisivati i ubudu\u0107e.&nbsp;&#8220;Imate retoriku koruptivnog SDP-a, koruptivnog Mosta, koruptivnog Mo\u017eemo!, koji rigaju vatru, uvrede, negativizam, divlja\u0161tvo u postizbornom vremenu na HDZ. Od sada \u0107e svaka re\u010denica svih nas po\u010dinjati s korumpirani SDP, Mo\u017eemo!, Most \u2013 da \u010duju&nbsp;kako njima u u\u0161ima zvu\u010de ti epiteti koje vrlo bezobrazno i&nbsp;neopravdano koriste protiv nas&#8221;, objasnio je te poru\u010dio da s&nbsp;takvima ne\u0107e razgovarati o sastavljanju parlamentarne ve\u0107ine.<\/p>\n\n\n\n<p>O parlamentarnoj ve\u0107ini, rekao je, razgovarat \u0107e s onima koji su dobili povjerenje gra\u0111ana,&nbsp;koji su ozbiljni, odgovorni, koji su tu da poka\u017eu kako Hrvatska treba funkcionirati i pokazati politi\u010dku stabilnost.<\/p>\n\n\n\n<p>Ponovio je ocjenu da su parlamentarni izbori odr\u017eani u gotovo neregularnim uvjetima zbog &#8220;konstantnog kr\u0161enja Ustava od strane Zorana Milanovi\u0107a, korumpiranog SDP-a, korumpiranih njihovih partnera&nbsp;i ovih iz Mosta&#8221;&nbsp;te&nbsp;dodao&nbsp;da&nbsp;ne zna &#8220;\u0161to propali lideri SDP-a \u010dekaju&#8221; jer su &#8220;davno trebali dati ostavke&#8221;.<\/p>\n\n\n\n<p><strong>Korumpirana ljevica \u017eeli porobiti institucije<\/strong><\/p>\n\n\n\n<p>Bit cijele politi\u010dke utakmice na parlamentarnim izborima je u tome, ustvrdio je, da &#8220;o\u010dito korumpirana ljevica, jer da nije korumpirana ne bi se toliko borila&#8221;, \u017eeli pobijediti kako bi porobila institucije.<\/p>\n\n\n\n<p>Tu misli prije svega, objasnio je, na &#8220;ideju o stavljanju izvan snage odluke demokratskog Hrvatskog sabora, nakon najtransparentnije procedure, o imenovanju glavnog dr\u017eavnog odvjetnika&#8221;.<\/p>\n\n\n\n<p>&#8220;\u017dele porobiti institucije progona, to je jasno kao dan. Jedini interes na izborima bio im je porobiti institucije koje su u na\u0161em mandatu neovisne, jer da nisu neovisne, ne bi bilo visokoprofilnog slu\u010daja u borbi protiv korupcije&#8221;, objasnio je.<\/p>\n\n\n\n<p>Da je DORH porobljen, da je Uskok porobljen, da je EPPO porobljen, ne bi bilo ni jednog slu\u010daja, dodao je.<\/p>\n\n\n\n<p>&#8220;A oni o\u010dito \u017eele porobiti sve kako bi kontrolirali institucije progona. To je bit cijele ove parlamentarne bitke koja je bila vo\u0111ena u uvjetima te\u0161kog&nbsp;kr\u0161enja Ustava od strane Milanovi\u0107a koji ne zaslu\u017euje biti predsjednik, tu nema nikakve dileme. &nbsp;(\u2026) \u010covjek koji do\u0111e na Glavni odbor SDP-a svrstao se na jednu stranu i ne mo\u017ee biti vi\u0161e predsjednik Republike. On je out, tu nema nikakve dileme&#8221;, rekao je Plenkovi\u0107.<\/p>\n\n\n\n<p>Sad \u0107emo hrvatskom narodu razja\u0161njavati temeljito, ako treba i godinama, tko je&nbsp;korumpiran, a tko nije, dodao je.<\/p>\n\n\n\n<p>Vladu \u0107e u ustavnim rokovima, poru\u010dio je na kraju, &#8220;formirati pobjednici, gubitnici&nbsp;ne\u0107e sigurno&#8221;, dodav\u0161i da \u0107e imati &#8220;dovoljno ruku&#8221;.<\/p>\n\n\n\n<p>Rekao je i da se u razgovorima s&nbsp;Domovinskim pokretom nisu doticali pitanja podjele resora, kao ni kadrovskih rje\u0161enja, upitan za naga\u0111anja o Zlatku Hasanbegovi\u0107u kao ministru kulture.<\/p>\n","protected":false},"excerpt":{"rendered":"<p>Premijer i predsjednik HDZ-a Andrej Plenkovi\u0107\u00a0poru\u010dio je da \u0107e HDZ imati &#8220;dovoljno ruku&#8221; i sastaviti parlamentarnu ve\u0107inu, naglasiv\u0161i da razgovore\u00a0vodi s ozbiljnima i odgovornima, no ne\u0107e s Mostom, Mo\u017eemo! i SDP-om koje je nazvao korumpiranima jer &#8220;\u017eele porobiti neovisne institucije&#8221;. Plenkovi\u0107 je u \u010detvrtak, nakon sve\u010danosti u povodu dolaska prvih \u0161est iz eskadrile borbenih aviona &hellip;<\/p>\n","protected":false},"author":1,"featured_media":1979,"comment_status":"closed","ping_status":"open","sticky":false,"template":"","format":"standard","meta":{"_monsterinsights_skip_tracking":false,"_monsterinsights_sitenote_active":false,"_monsterinsights_sitenote_note":"","_monsterinsights_sitenote_category":0,"footnotes":""},"categories":[25],"tags":[46,217,312,65],"class_list":["post-1978","post","type-post","status-publish","format-standard","has-post-thumbnail","","category-hrvatska","tag-most","tag-mozemo","tag-plenkovic","tag-sdp"],"yoast_head":"<!-- This site is optimized with the Yoast SEO plugin v22.1 - https:\/\/yoast.com\/wordpress\/plugins\/seo\/ -->\n<title>Plenkovi\u0107 prozvao SDP, Mo\u017eemo! i Most da su korumpirani - odabrano<\/title>\n<meta name=\"robots\" content=\"index, follow, max-snippet:-1, max-image-preview:large, max-video-preview:-1\" \/>\n<link rel=\"canonical\" href=\"https:\/\/odabrano.com\/index.php\/2024\/04\/25\/plenkovic-prozvao-sdp-mozemo-i-most-da-su-korumpirani\/\" \/>\n<meta property=\"og:locale\" content=\"en_US\" \/>\n<meta property=\"og:type\" content=\"article\" \/>\n<meta property=\"og:title\" content=\"Plenkovi\u0107 prozvao SDP, Mo\u017eemo! i Most da su korumpirani - odabrano\" \/>\n<meta property=\"og:description\" content=\"Premijer i predsjednik HDZ-a Andrej Plenkovi\u0107\u00a0poru\u010dio je da \u0107e HDZ imati &#8220;dovoljno ruku&#8221; i sastaviti parlamentarnu ve\u0107inu, naglasiv\u0161i da razgovore\u00a0vodi s ozbiljnima i odgovornima, no ne\u0107e s Mostom, Mo\u017eemo! i SDP-om koje je nazvao korumpiranima jer &#8220;\u017eele porobiti neovisne institucije&#8221;. Plenkovi\u0107 je u \u010detvrtak, nakon sve\u010danosti u povodu dolaska prvih \u0161est iz eskadrile borbenih aviona &hellip;\" \/>\n<meta property=\"og:url\" content=\"https:\/\/odabrano.com\/index.php\/2024\/04\/25\/plenkovic-prozvao-sdp-mozemo-i-most-da-su-korumpirani\/\" \/>\n<meta property=\"og:site_name\" content=\"odabrano\" \/>\n<meta property=\"article:published_time\" content=\"2024-04-25T18:59:30+00:00\" \/>\n<meta property=\"article:modified_time\" content=\"2024-04-25T18:59:31+00:00\" \/>\n<meta property=\"og:image\" content=\"https:\/\/odabrano.com\/wp-content\/uploads\/2024\/04\/plenki-1.jpg\" \/>\n\t<meta property=\"og:image:width\" content=\"800\" \/>\n\t<meta property=\"og:image:height\" content=\"533\" \/>\n\t<meta property=\"og:image:type\" content=\"image\/jpeg\" \/>\n<meta name=\"author\" content=\"admin\" \/>\n<meta name=\"twitter:card\" content=\"summary_large_image\" \/>\n<meta name=\"twitter:label1\" content=\"Written by\" \/>\n\t<meta name=\"twitter:data1\" content=\"admin\" \/>\n\t<meta name=\"twitter:label2\" content=\"Est. reading time\" \/>\n\t<meta name=\"twitter:data2\" content=\"3 minutes\" \/>\n<script type=\"application\/ld+json\" class=\"yoast-schema-graph\">{\"@context\":\"https:\/\/schema.org\",\"@graph\":[{\"@type\":\"Article\",\"@id\":\"https:\/\/odabrano.com\/index.php\/2024\/04\/25\/plenkovic-prozvao-sdp-mozemo-i-most-da-su-korumpirani\/#article\",\"isPartOf\":{\"@id\":\"https:\/\/odabrano.com\/index.php\/2024\/04\/25\/plenkovic-prozvao-sdp-mozemo-i-most-da-su-korumpirani\/\"},\"author\":{\"name\":\"admin\",\"@id\":\"https:\/\/odabrano.com\/#\/schema\/person\/460f2b14657879743f23c4f6a7cd3236\"},\"headline\":\"Plenkovi\u0107 prozvao SDP, Mo\u017eemo! i Most da su korumpirani\",\"datePublished\":\"2024-04-25T18:59:30+00:00\",\"dateModified\":\"2024-04-25T18:59:31+00:00\",\"mainEntityOfPage\":{\"@id\":\"https:\/\/odabrano.com\/index.php\/2024\/04\/25\/plenkovic-prozvao-sdp-mozemo-i-most-da-su-korumpirani\/\"},\"wordCount\":620,\"publisher\":{\"@id\":\"https:\/\/odabrano.com\/#\/schema\/person\/460f2b14657879743f23c4f6a7cd3236\"},\"keywords\":[\"most\",\"mo\u017eemo\",\"plenkovi\u0107\",\"sdp\"],\"articleSection\":[\"Hrvatska\"],\"inLanguage\":\"en-US\"},{\"@type\":\"WebPage\",\"@id\":\"https:\/\/odabrano.com\/index.php\/2024\/04\/25\/plenkovic-prozvao-sdp-mozemo-i-most-da-su-korumpirani\/\",\"url\":\"https:\/\/odabrano.com\/index.php\/2024\/04\/25\/plenkovic-prozvao-sdp-mozemo-i-most-da-su-korumpirani\/\",\"name\":\"Plenkovi\u0107 prozvao SDP, Mo\u017eemo! i Most da su korumpirani - odabrano\",\"isPartOf\":{\"@id\":\"https:\/\/odabrano.com\/#website\"},\"datePublished\":\"2024-04-25T18:59:30+00:00\",\"dateModified\":\"2024-04-25T18:59:31+00:00\",\"breadcrumb\":{\"@id\":\"https:\/\/odabrano.com\/index.php\/2024\/04\/25\/plenkovic-prozvao-sdp-mozemo-i-most-da-su-korumpirani\/#breadcrumb\"},\"inLanguage\":\"en-US\",\"potentialAction\":[{\"@type\":\"ReadAction\",\"target\":[\"https:\/\/odabrano.com\/index.php\/2024\/04\/25\/plenkovic-prozvao-sdp-mozemo-i-most-da-su-korumpirani\/\"]}]},{\"@type\":\"BreadcrumbList\",\"@id\":\"https:\/\/odabrano.com\/index.php\/2024\/04\/25\/plenkovic-prozvao-sdp-mozemo-i-most-da-su-korumpirani\/#breadcrumb\",\"itemListElement\":[{\"@type\":\"ListItem\",\"position\":1,\"name\":\"Home\",\"item\":\"https:\/\/odabrano.com\/\"},{\"@type\":\"ListItem\",\"position\":2,\"name\":\"Plenkovi\u0107 prozvao SDP, Mo\u017eemo! i Most da su korumpirani\"}]},{\"@type\":\"WebSite\",\"@id\":\"https:\/\/odabrano.com\/#website\",\"url\":\"https:\/\/odabrano.com\/\",\"name\":\"odabrano\",\"description\":\"news portal koji nudi odabrane vijesti i informacije\",\"publisher\":{\"@id\":\"https:\/\/odabrano.com\/#\/schema\/person\/460f2b14657879743f23c4f6a7cd3236\"},\"alternateName\":\"vijesti i informacije iz Hrvatske i svijeta\",\"potentialAction\":[{\"@type\":\"SearchAction\",\"target\":{\"@type\":\"EntryPoint\",\"urlTemplate\":\"https:\/\/odabrano.com\/?s={search_term_string}\"},\"query-input\":\"required name=search_term_string\"}],\"inLanguage\":\"en-US\"},{\"@type\":[\"Person\",\"Organization\"],\"@id\":\"https:\/\/odabrano.com\/#\/schema\/person\/460f2b14657879743f23c4f6a7cd3236\",\"name\":\"admin\",\"image\":{\"@type\":\"ImageObject\",\"inLanguage\":\"en-US\",\"@id\":\"https:\/\/odabrano.com\/#\/schema\/person\/image\/\",\"url\":\"https:\/\/odabrano.com\/wp-content\/uploads\/2024\/04\/dolar.jpg\",\"contentUrl\":\"https:\/\/odabrano.com\/wp-content\/uploads\/2024\/04\/dolar.jpg\",\"width\":1216,\"height\":519,\"caption\":\"admin\"},\"logo\":{\"@id\":\"https:\/\/odabrano.com\/#\/schema\/person\/image\/\"},\"sameAs\":[\"http:\/\/odabrano.com\"],\"url\":\"https:\/\/odabrano.com\/index.php\/author\/sokolneno_u3xb387h\/\"}]}<\/script>\n<!-- \/ Yoast SEO plugin. -->","yoast_head_json":{"title":"Plenkovi\u0107 prozvao SDP, Mo\u017eemo! i Most da su korumpirani - odabrano","robots":{"index":"index","follow":"follow","max-snippet":"max-snippet:-1","max-image-preview":"max-image-preview:large","max-video-preview":"max-video-preview:-1"},"canonical":"https:\/\/odabrano.com\/index.php\/2024\/04\/25\/plenkovic-prozvao-sdp-mozemo-i-most-da-su-korumpirani\/","og_locale":"en_US","og_type":"article","og_title":"Plenkovi\u0107 prozvao SDP, Mo\u017eemo! i Most da su korumpirani - odabrano","og_description":"Premijer i predsjednik HDZ-a Andrej Plenkovi\u0107\u00a0poru\u010dio je da \u0107e HDZ imati &#8220;dovoljno ruku&#8221; i sastaviti parlamentarnu ve\u0107inu, naglasiv\u0161i da razgovore\u00a0vodi s ozbiljnima i odgovornima, no ne\u0107e s Mostom, Mo\u017eemo! i SDP-om koje je nazvao korumpiranima jer &#8220;\u017eele porobiti neovisne institucije&#8221;. Plenkovi\u0107 je u \u010detvrtak, nakon sve\u010danosti u povodu dolaska prvih \u0161est iz eskadrile borbenih aviona &hellip;","og_url":"https:\/\/odabrano.com\/index.php\/2024\/04\/25\/plenkovic-prozvao-sdp-mozemo-i-most-da-su-korumpirani\/","og_site_name":"odabrano","article_published_time":"2024-04-25T18:59:30+00:00","article_modified_time":"2024-04-25T18:59:31+00:00","og_image":[{"width":800,"height":533,"url":"https:\/\/odabrano.com\/wp-content\/uploads\/2024\/04\/plenki-1.jpg","type":"image\/jpeg"}],"author":"admin","twitter_card":"summary_large_image","twitter_misc":{"Written by":"admin","Est. reading time":"3 minutes"},"schema":{"@context":"https:\/\/schema.org","@graph":[{"@type":"Article","@id":"https:\/\/odabrano.com\/index.php\/2024\/04\/25\/plenkovic-prozvao-sdp-mozemo-i-most-da-su-korumpirani\/#article","isPartOf":{"@id":"https:\/\/odabrano.com\/index.php\/2024\/04\/25\/plenkovic-prozvao-sdp-mozemo-i-most-da-su-korumpirani\/"},"author":{"name":"admin","@id":"https:\/\/odabrano.com\/#\/schema\/person\/460f2b14657879743f23c4f6a7cd3236"},"headline":"Plenkovi\u0107 prozvao SDP, Mo\u017eemo! i Most da su korumpirani","datePublished":"2024-04-25T18:59:30+00:00","dateModified":"2024-04-25T18:59:31+00:00","mainEntityOfPage":{"@id":"https:\/\/odabrano.com\/index.php\/2024\/04\/25\/plenkovic-prozvao-sdp-mozemo-i-most-da-su-korumpirani\/"},"wordCount":620,"publisher":{"@id":"https:\/\/odabrano.com\/#\/schema\/person\/460f2b14657879743f23c4f6a7cd3236"},"keywords":["most","mo\u017eemo","plenkovi\u0107","sdp"],"articleSection":["Hrvatska"],"inLanguage":"en-US"},{"@type":"WebPage","@id":"https:\/\/odabrano.com\/index.php\/2024\/04\/25\/plenkovic-prozvao-sdp-mozemo-i-most-da-su-korumpirani\/","url":"https:\/\/odabrano.com\/index.php\/2024\/04\/25\/plenkovic-prozvao-sdp-mozemo-i-most-da-su-korumpirani\/","name":"Plenkovi\u0107 prozvao SDP, Mo\u017eemo! i Most da su korumpirani - odabrano","isPartOf":{"@id":"https:\/\/odabrano.com\/#website"},"datePublished":"2024-04-25T18:59:30+00:00","dateModified":"2024-04-25T18:59:31+00:00","breadcrumb":{"@id":"https:\/\/odabrano.com\/index.php\/2024\/04\/25\/plenkovic-prozvao-sdp-mozemo-i-most-da-su-korumpirani\/#breadcrumb"},"inLanguage":"en-US","potentialAction":[{"@type":"ReadAction","target":["https:\/\/odabrano.com\/index.php\/2024\/04\/25\/plenkovic-prozvao-sdp-mozemo-i-most-da-su-korumpirani\/"]}]},{"@type":"BreadcrumbList","@id":"https:\/\/odabrano.com\/index.php\/2024\/04\/25\/plenkovic-prozvao-sdp-mozemo-i-most-da-su-korumpirani\/#breadcrumb","itemListElement":[{"@type":"ListItem","position":1,"name":"Home","item":"https:\/\/odabrano.com\/"},{"@type":"ListItem","position":2,"name":"Plenkovi\u0107 prozvao SDP, Mo\u017eemo! i Most da su korumpirani"}]},{"@type":"WebSite","@id":"https:\/\/odabrano.com\/#website","url":"https:\/\/odabrano.com\/","name":"odabrano","description":"news portal koji nudi odabrane vijesti i informacije","publisher":{"@id":"https:\/\/odabrano.com\/#\/schema\/person\/460f2b14657879743f23c4f6a7cd3236"},"alternateName":"vijesti i informacije iz Hrvatske i svijeta","potentialAction":[{"@type":"SearchAction","target":{"@type":"EntryPoint","urlTemplate":"https:\/\/odabrano.com\/?s={search_term_string}"},"query-input":"required name=search_term_string"}],"inLanguage":"en-US"},{"@type":["Person","Organization"],"@id":"https:\/\/odabrano.com\/#\/schema\/person\/460f2b14657879743f23c4f6a7cd3236","name":"admin","image":{"@type":"ImageObject","inLanguage":"en-US","@id":"https:\/\/odabrano.com\/#\/schema\/person\/image\/","url":"https:\/\/odabrano.com\/wp-content\/uploads\/2024\/04\/dolar.jpg","contentUrl":"https:\/\/odabrano.com\/wp-content\/uploads\/2024\/04\/dolar.jpg","width":1216,"height":519,"caption":"admin"},"logo":{"@id":"https:\/\/odabrano.com\/#\/schema\/person\/image\/"},"sameAs":["http:\/\/odabrano.com"],"url":"https:\/\/odabrano.com\/index.php\/author\/sokolneno_u3xb387h\/"}]}},"_links":{"self":[{"href":"https:\/\/odabrano.com\/index.php\/wp-json\/wp\/v2\/posts\/1978","targetHints":{"allow":["GET"]}}],"collection":[{"href":"https:\/\/odabrano.com\/index.php\/wp-json\/wp\/v2\/posts"}],"about":[{"href":"https:\/\/odabrano.com\/index.php\/wp-json\/wp\/v2\/types\/post"}],"author":[{"embeddable":true,"href":"https:\/\/odabrano.com\/index.php\/wp-json\/wp\/v2\/users\/1"}],"replies":[{"embeddable":true,"href":"https:\/\/odabrano.com\/index.php\/wp-json\/wp\/v2\/comments?post=1978"}],"version-history":[{"count":1,"href":"https:\/\/odabrano.com\/index.php\/wp-json\/wp\/v2\/posts\/1978\/revisions"}],"predecessor-version":[{"id":1980,"href":"https:\/\/odabrano.com\/index.php\/wp-json\/wp\/v2\/posts\/1978\/revisions\/1980"}],"wp:featuredmedia":[{"embeddable":true,"href":"https:\/\/odabrano.com\/index.php\/wp-json\/wp\/v2\/media\/1979"}],"wp:attachment":[{"href":"https:\/\/odabrano.com\/index.php\/wp-json\/wp\/v2\/media?parent=1978"}],"wp:term":[{"taxonomy":"category","embeddable":true,"href":"https:\/\/odabrano.com\/index.php\/wp-json\/wp\/v2\/categories?post=1978"},{"taxonomy":"post_tag","embeddable":true,"href":"https:\/\/odabrano.com\/index.php\/wp-json\/wp\/v2\/tags?post=1978"}],"curies":[{"name":"wp","href":"https:\/\/api.w.org\/{rel}","templated":true}]}}