{"id":1801,"date":"2024-04-21T15:58:14","date_gmt":"2024-04-21T13:58:14","guid":{"rendered":"http:\/\/odabrano.com\/?p=1801"},"modified":"2024-04-21T15:58:15","modified_gmt":"2024-04-21T13:58:15","slug":"domovinski-pokret-nismo-trgovci-foteljama","status":"publish","type":"post","link":"https:\/\/odabrano.com\/index.php\/2024\/04\/21\/domovinski-pokret-nismo-trgovci-foteljama\/","title":{"rendered":"Domovinski pokret: Nismo trgovci foteljama"},"content":{"rendered":"\n<p>Domovinski pokret (DP) poru\u010dio je u nedjelju da ih u vezi formiranja nove vlade zovu sa svih strana, ali oni nisu trgovci foteljama i ne\u0107e iznevjeriti svoje bira\u010de ni hrvatski narod.<\/p>\n\n\n\n<p>DP se javio priop\u0107enjem&nbsp;nakon \u0161to su mediji objavili da pregovaraju s HDZ-om o sklapanju&nbsp;nove ve\u0107ine te da tra\u017ee&nbsp;resore kulture, unutarnjih poslova, pravosu\u0111a&nbsp;i regionalnog razvoja.<\/p>\n\n\n\n<p>&#8220;DP&nbsp;priprema klju\u010dne programske to\u010dke koje su uvjet za mogu\u0107e dogovore. Mi nismo trgovci foteljama, takav razgovor ne vodimo i odbacujemo&#8221;, poru\u010duju iz stranke koja je sa 14 mandata zauzela tre\u0107e mjesto iza HDZ-a i SDP-a.<\/p>\n\n\n\n<p>&#8220;To\u010dno je da nas zovu sa svih strana, ali budite sasvim sigurni da mi&nbsp;ni pod koju cijenu ne\u0107emo iznevjeriti ne samo svoje bira\u010de, mi ne\u0107emo iznevjeriti hrvatski narod&#8221;, ka\u017ee DP.<\/p>\n\n\n\n<p>HDZ i DP su, po pisanju Telegrama, na korak do finalnog dogovora o novoj vladi i parlamentarnoj ve\u0107ini.&nbsp;DP je navodno odustao od resora gospodarstva i poljoprivrede, ali tra\u017ee najmanje \u010detiri resora &#8211; kulturu, unutarnje poslove, pravosu\u0111e i regionalni razvoj.<\/p>\n\n\n\n<p>Medijske napise je kao \u0161pekulacije odbacio i predsjednik HDZ-a Andrej Plenkovi\u0107, koji je potvrdio da ve\u0107 postoje kontakti s Domovinskim pokretom, sa \u010dijim \u0107e predstavnicima razgovarati idu\u0107eg tjedna.<\/p>\n\n\n\n<p>Nikakvi razgovori o zahtjevima mogu\u0107ih partnera jo\u0161 nisu po\u010deli, rekao je upitan je li spreman udovoljiti zahtjevu Domovinskog pokreta da se u sklapanje nove ve\u0107ine ide bez SDSS-a.<\/p>\n\n\n\n<p>&#8220;Kad sjednemo za stol, onda \u0107emo vidjeti. Ove sve \u0161pekulacije u medijima, ovo ministarstvo, ovaj uvjet, to ljudi izmi\u0161ljaju i pu\u0161taju spinove, nikakvih sadr\u017eajnih razgovora izme\u0111u dviju stranaka u tom pogledu nije bilo&#8221;, rekao je Plenkovi\u0107 nakon komemoracije u Jasenovcu.<\/p>\n","protected":false},"excerpt":{"rendered":"<p>Domovinski pokret (DP) poru\u010dio je u nedjelju da ih u vezi formiranja nove vlade zovu sa svih strana, ali oni nisu trgovci foteljama i ne\u0107e iznevjeriti svoje bira\u010de ni hrvatski narod. DP se javio priop\u0107enjem&nbsp;nakon \u0161to su mediji objavili da pregovaraju s HDZ-om o sklapanju&nbsp;nove ve\u0107ine te da tra\u017ee&nbsp;resore kulture, unutarnjih poslova, pravosu\u0111a&nbsp;i regionalnog razvoja. &hellip;<\/p>\n","protected":false},"author":1,"featured_media":1802,"comment_status":"closed","ping_status":"open","sticky":false,"template":"","format":"standard","meta":{"_monsterinsights_skip_tracking":false,"_monsterinsights_sitenote_active":false,"_monsterinsights_sitenote_note":"","_monsterinsights_sitenote_category":0,"footnotes":""},"categories":[25],"tags":[130,429],"class_list":["post-1801","post","type-post","status-publish","format-standard","has-post-thumbnail","","category-hrvatska","tag-dp","tag-nova-vlada"],"yoast_head":"<!-- This site is optimized with the Yoast SEO plugin v22.1 - https:\/\/yoast.com\/wordpress\/plugins\/seo\/ -->\n<title>Domovinski pokret: Nismo trgovci foteljama - odabrano<\/title>\n<meta name=\"robots\" content=\"index, follow, max-snippet:-1, max-image-preview:large, max-video-preview:-1\" \/>\n<link rel=\"canonical\" href=\"https:\/\/odabrano.com\/index.php\/2024\/04\/21\/domovinski-pokret-nismo-trgovci-foteljama\/\" \/>\n<meta property=\"og:locale\" content=\"en_US\" \/>\n<meta property=\"og:type\" content=\"article\" \/>\n<meta property=\"og:title\" content=\"Domovinski pokret: Nismo trgovci foteljama - odabrano\" \/>\n<meta property=\"og:description\" content=\"Domovinski pokret (DP) poru\u010dio je u nedjelju da ih u vezi formiranja nove vlade zovu sa svih strana, ali oni nisu trgovci foteljama i ne\u0107e iznevjeriti svoje bira\u010de ni hrvatski narod. DP se javio priop\u0107enjem&nbsp;nakon \u0161to su mediji objavili da pregovaraju s HDZ-om o sklapanju&nbsp;nove ve\u0107ine te da tra\u017ee&nbsp;resore kulture, unutarnjih poslova, pravosu\u0111a&nbsp;i regionalnog razvoja. &hellip;\" \/>\n<meta property=\"og:url\" content=\"https:\/\/odabrano.com\/index.php\/2024\/04\/21\/domovinski-pokret-nismo-trgovci-foteljama\/\" \/>\n<meta property=\"og:site_name\" content=\"odabrano\" \/>\n<meta property=\"article:published_time\" content=\"2024-04-21T13:58:14+00:00\" \/>\n<meta property=\"article:modified_time\" content=\"2024-04-21T13:58:15+00:00\" \/>\n<meta property=\"og:image\" content=\"https:\/\/odabrano.com\/wp-content\/uploads\/2024\/04\/dp.jpg\" \/>\n\t<meta property=\"og:image:width\" content=\"800\" \/>\n\t<meta property=\"og:image:height\" content=\"533\" \/>\n\t<meta property=\"og:image:type\" content=\"image\/jpeg\" \/>\n<meta name=\"author\" content=\"admin\" \/>\n<meta name=\"twitter:card\" content=\"summary_large_image\" \/>\n<meta name=\"twitter:label1\" content=\"Written by\" \/>\n\t<meta name=\"twitter:data1\" content=\"admin\" \/>\n\t<meta name=\"twitter:label2\" content=\"Est. reading time\" \/>\n\t<meta name=\"twitter:data2\" content=\"2 minutes\" \/>\n<script type=\"application\/ld+json\" class=\"yoast-schema-graph\">{\"@context\":\"https:\/\/schema.org\",\"@graph\":[{\"@type\":\"Article\",\"@id\":\"https:\/\/odabrano.com\/index.php\/2024\/04\/21\/domovinski-pokret-nismo-trgovci-foteljama\/#article\",\"isPartOf\":{\"@id\":\"https:\/\/odabrano.com\/index.php\/2024\/04\/21\/domovinski-pokret-nismo-trgovci-foteljama\/\"},\"author\":{\"name\":\"admin\",\"@id\":\"https:\/\/odabrano.com\/#\/schema\/person\/460f2b14657879743f23c4f6a7cd3236\"},\"headline\":\"Domovinski pokret: Nismo trgovci foteljama\",\"datePublished\":\"2024-04-21T13:58:14+00:00\",\"dateModified\":\"2024-04-21T13:58:15+00:00\",\"mainEntityOfPage\":{\"@id\":\"https:\/\/odabrano.com\/index.php\/2024\/04\/21\/domovinski-pokret-nismo-trgovci-foteljama\/\"},\"wordCount\":301,\"publisher\":{\"@id\":\"https:\/\/odabrano.com\/#\/schema\/person\/460f2b14657879743f23c4f6a7cd3236\"},\"keywords\":[\"dp\",\"nova vlada\"],\"articleSection\":[\"Hrvatska\"],\"inLanguage\":\"en-US\"},{\"@type\":\"WebPage\",\"@id\":\"https:\/\/odabrano.com\/index.php\/2024\/04\/21\/domovinski-pokret-nismo-trgovci-foteljama\/\",\"url\":\"https:\/\/odabrano.com\/index.php\/2024\/04\/21\/domovinski-pokret-nismo-trgovci-foteljama\/\",\"name\":\"Domovinski pokret: Nismo trgovci foteljama - odabrano\",\"isPartOf\":{\"@id\":\"https:\/\/odabrano.com\/#website\"},\"datePublished\":\"2024-04-21T13:58:14+00:00\",\"dateModified\":\"2024-04-21T13:58:15+00:00\",\"breadcrumb\":{\"@id\":\"https:\/\/odabrano.com\/index.php\/2024\/04\/21\/domovinski-pokret-nismo-trgovci-foteljama\/#breadcrumb\"},\"inLanguage\":\"en-US\",\"potentialAction\":[{\"@type\":\"ReadAction\",\"target\":[\"https:\/\/odabrano.com\/index.php\/2024\/04\/21\/domovinski-pokret-nismo-trgovci-foteljama\/\"]}]},{\"@type\":\"BreadcrumbList\",\"@id\":\"https:\/\/odabrano.com\/index.php\/2024\/04\/21\/domovinski-pokret-nismo-trgovci-foteljama\/#breadcrumb\",\"itemListElement\":[{\"@type\":\"ListItem\",\"position\":1,\"name\":\"Home\",\"item\":\"https:\/\/odabrano.com\/\"},{\"@type\":\"ListItem\",\"position\":2,\"name\":\"Domovinski pokret: Nismo trgovci foteljama\"}]},{\"@type\":\"WebSite\",\"@id\":\"https:\/\/odabrano.com\/#website\",\"url\":\"https:\/\/odabrano.com\/\",\"name\":\"odabrano\",\"description\":\"news portal koji nudi odabrane vijesti i informacije\",\"publisher\":{\"@id\":\"https:\/\/odabrano.com\/#\/schema\/person\/460f2b14657879743f23c4f6a7cd3236\"},\"alternateName\":\"vijesti i informacije iz Hrvatske i svijeta\",\"potentialAction\":[{\"@type\":\"SearchAction\",\"target\":{\"@type\":\"EntryPoint\",\"urlTemplate\":\"https:\/\/odabrano.com\/?s={search_term_string}\"},\"query-input\":\"required name=search_term_string\"}],\"inLanguage\":\"en-US\"},{\"@type\":[\"Person\",\"Organization\"],\"@id\":\"https:\/\/odabrano.com\/#\/schema\/person\/460f2b14657879743f23c4f6a7cd3236\",\"name\":\"admin\",\"image\":{\"@type\":\"ImageObject\",\"inLanguage\":\"en-US\",\"@id\":\"https:\/\/odabrano.com\/#\/schema\/person\/image\/\",\"url\":\"https:\/\/odabrano.com\/wp-content\/uploads\/2024\/04\/dolar.jpg\",\"contentUrl\":\"https:\/\/odabrano.com\/wp-content\/uploads\/2024\/04\/dolar.jpg\",\"width\":1216,\"height\":519,\"caption\":\"admin\"},\"logo\":{\"@id\":\"https:\/\/odabrano.com\/#\/schema\/person\/image\/\"},\"sameAs\":[\"http:\/\/odabrano.com\"],\"url\":\"https:\/\/odabrano.com\/index.php\/author\/sokolneno_u3xb387h\/\"}]}<\/script>\n<!-- \/ Yoast SEO plugin. -->","yoast_head_json":{"title":"Domovinski pokret: Nismo trgovci foteljama - odabrano","robots":{"index":"index","follow":"follow","max-snippet":"max-snippet:-1","max-image-preview":"max-image-preview:large","max-video-preview":"max-video-preview:-1"},"canonical":"https:\/\/odabrano.com\/index.php\/2024\/04\/21\/domovinski-pokret-nismo-trgovci-foteljama\/","og_locale":"en_US","og_type":"article","og_title":"Domovinski pokret: Nismo trgovci foteljama - odabrano","og_description":"Domovinski pokret (DP) poru\u010dio je u nedjelju da ih u vezi formiranja nove vlade zovu sa svih strana, ali oni nisu trgovci foteljama i ne\u0107e iznevjeriti svoje bira\u010de ni hrvatski narod. DP se javio priop\u0107enjem&nbsp;nakon \u0161to su mediji objavili da pregovaraju s HDZ-om o sklapanju&nbsp;nove ve\u0107ine te da tra\u017ee&nbsp;resore kulture, unutarnjih poslova, pravosu\u0111a&nbsp;i regionalnog razvoja. &hellip;","og_url":"https:\/\/odabrano.com\/index.php\/2024\/04\/21\/domovinski-pokret-nismo-trgovci-foteljama\/","og_site_name":"odabrano","article_published_time":"2024-04-21T13:58:14+00:00","article_modified_time":"2024-04-21T13:58:15+00:00","og_image":[{"width":800,"height":533,"url":"https:\/\/odabrano.com\/wp-content\/uploads\/2024\/04\/dp.jpg","type":"image\/jpeg"}],"author":"admin","twitter_card":"summary_large_image","twitter_misc":{"Written by":"admin","Est. reading time":"2 minutes"},"schema":{"@context":"https:\/\/schema.org","@graph":[{"@type":"Article","@id":"https:\/\/odabrano.com\/index.php\/2024\/04\/21\/domovinski-pokret-nismo-trgovci-foteljama\/#article","isPartOf":{"@id":"https:\/\/odabrano.com\/index.php\/2024\/04\/21\/domovinski-pokret-nismo-trgovci-foteljama\/"},"author":{"name":"admin","@id":"https:\/\/odabrano.com\/#\/schema\/person\/460f2b14657879743f23c4f6a7cd3236"},"headline":"Domovinski pokret: Nismo trgovci foteljama","datePublished":"2024-04-21T13:58:14+00:00","dateModified":"2024-04-21T13:58:15+00:00","mainEntityOfPage":{"@id":"https:\/\/odabrano.com\/index.php\/2024\/04\/21\/domovinski-pokret-nismo-trgovci-foteljama\/"},"wordCount":301,"publisher":{"@id":"https:\/\/odabrano.com\/#\/schema\/person\/460f2b14657879743f23c4f6a7cd3236"},"keywords":["dp","nova vlada"],"articleSection":["Hrvatska"],"inLanguage":"en-US"},{"@type":"WebPage","@id":"https:\/\/odabrano.com\/index.php\/2024\/04\/21\/domovinski-pokret-nismo-trgovci-foteljama\/","url":"https:\/\/odabrano.com\/index.php\/2024\/04\/21\/domovinski-pokret-nismo-trgovci-foteljama\/","name":"Domovinski pokret: Nismo trgovci foteljama - odabrano","isPartOf":{"@id":"https:\/\/odabrano.com\/#website"},"datePublished":"2024-04-21T13:58:14+00:00","dateModified":"2024-04-21T13:58:15+00:00","breadcrumb":{"@id":"https:\/\/odabrano.com\/index.php\/2024\/04\/21\/domovinski-pokret-nismo-trgovci-foteljama\/#breadcrumb"},"inLanguage":"en-US","potentialAction":[{"@type":"ReadAction","target":["https:\/\/odabrano.com\/index.php\/2024\/04\/21\/domovinski-pokret-nismo-trgovci-foteljama\/"]}]},{"@type":"BreadcrumbList","@id":"https:\/\/odabrano.com\/index.php\/2024\/04\/21\/domovinski-pokret-nismo-trgovci-foteljama\/#breadcrumb","itemListElement":[{"@type":"ListItem","position":1,"name":"Home","item":"https:\/\/odabrano.com\/"},{"@type":"ListItem","position":2,"name":"Domovinski pokret: Nismo trgovci foteljama"}]},{"@type":"WebSite","@id":"https:\/\/odabrano.com\/#website","url":"https:\/\/odabrano.com\/","name":"odabrano","description":"news portal koji nudi odabrane vijesti i informacije","publisher":{"@id":"https:\/\/odabrano.com\/#\/schema\/person\/460f2b14657879743f23c4f6a7cd3236"},"alternateName":"vijesti i informacije iz Hrvatske i svijeta","potentialAction":[{"@type":"SearchAction","target":{"@type":"EntryPoint","urlTemplate":"https:\/\/odabrano.com\/?s={search_term_string}"},"query-input":"required name=search_term_string"}],"inLanguage":"en-US"},{"@type":["Person","Organization"],"@id":"https:\/\/odabrano.com\/#\/schema\/person\/460f2b14657879743f23c4f6a7cd3236","name":"admin","image":{"@type":"ImageObject","inLanguage":"en-US","@id":"https:\/\/odabrano.com\/#\/schema\/person\/image\/","url":"https:\/\/odabrano.com\/wp-content\/uploads\/2024\/04\/dolar.jpg","contentUrl":"https:\/\/odabrano.com\/wp-content\/uploads\/2024\/04\/dolar.jpg","width":1216,"height":519,"caption":"admin"},"logo":{"@id":"https:\/\/odabrano.com\/#\/schema\/person\/image\/"},"sameAs":["http:\/\/odabrano.com"],"url":"https:\/\/odabrano.com\/index.php\/author\/sokolneno_u3xb387h\/"}]}},"_links":{"self":[{"href":"https:\/\/odabrano.com\/index.php\/wp-json\/wp\/v2\/posts\/1801","targetHints":{"allow":["GET"]}}],"collection":[{"href":"https:\/\/odabrano.com\/index.php\/wp-json\/wp\/v2\/posts"}],"about":[{"href":"https:\/\/odabrano.com\/index.php\/wp-json\/wp\/v2\/types\/post"}],"author":[{"embeddable":true,"href":"https:\/\/odabrano.com\/index.php\/wp-json\/wp\/v2\/users\/1"}],"replies":[{"embeddable":true,"href":"https:\/\/odabrano.com\/index.php\/wp-json\/wp\/v2\/comments?post=1801"}],"version-history":[{"count":1,"href":"https:\/\/odabrano.com\/index.php\/wp-json\/wp\/v2\/posts\/1801\/revisions"}],"predecessor-version":[{"id":1803,"href":"https:\/\/odabrano.com\/index.php\/wp-json\/wp\/v2\/posts\/1801\/revisions\/1803"}],"wp:featuredmedia":[{"embeddable":true,"href":"https:\/\/odabrano.com\/index.php\/wp-json\/wp\/v2\/media\/1802"}],"wp:attachment":[{"href":"https:\/\/odabrano.com\/index.php\/wp-json\/wp\/v2\/media?parent=1801"}],"wp:term":[{"taxonomy":"category","embeddable":true,"href":"https:\/\/odabrano.com\/index.php\/wp-json\/wp\/v2\/categories?post=1801"},{"taxonomy":"post_tag","embeddable":true,"href":"https:\/\/odabrano.com\/index.php\/wp-json\/wp\/v2\/tags?post=1801"}],"curies":[{"name":"wp","href":"https:\/\/api.w.org\/{rel}","templated":true}]}}