{"id":1671,"date":"2024-04-19T20:57:05","date_gmt":"2024-04-19T18:57:05","guid":{"rendered":"http:\/\/odabrano.com\/?p=1671"},"modified":"2024-04-19T20:57:06","modified_gmt":"2024-04-19T18:57:06","slug":"zasto-vucic-plasi-srbe-ukidanjem-republike-srpske","status":"publish","type":"post","link":"https:\/\/odabrano.com\/index.php\/2024\/04\/19\/zasto-vucic-plasi-srbe-ukidanjem-republike-srpske\/","title":{"rendered":"Za\u0161to Vu\u010di\u0107 pla\u0161i Srbe ukidanjem Republike Srpske?"},"content":{"rendered":"\n<p>Tema najnovijeg Mosta Radija Slobodna Europa bila je velika Uskr\u0161nja skup\u0161tina Srbije i Republike Srpske, koja \u0107e se odr\u017eati 5. i 6. svibnja. Sagovornici su bili Du\u0161an Janji\u0107, predsjednik Foruma za etni\u010dke odnose iz Beograda i \u017darko Papi\u0107, politi\u010dki analiti\u010dar iz Sarajeva.<\/p>\n\n\n\n<p>Bilo je rije\u010di o tome za\u0161to \u0107e se, osim u Beogradu, Sabor odr\u017eati iu drugim gradovima Srbije, ho\u0107e li to biti istovremeno i politi\u010dki i crkveni sabor te ho\u0107e li sudjelovati predstavnici Srba iz svih zemalja regije.<\/p>\n\n\n\n<p>Sugovornici su govorili i o tome je li srpski narod na zapadnom Balkanu ugro\u017een, s obzirom na to da organizatori najavljuju dono\u0161enje va\u017enih odluka o, kako se isti\u010de, opstanku srpskog naroda na svojim ognji\u0161tima, te je li jedan od Cilj organiziranja Sabora je baciti u sjenu \u010dinjenicu da je srbijanski predsjednik Aleksandar Vu\u010di\u0107 svojom pogre\u0161nom politikom definitivno izgubio Kosovo, pa sada ja\u010da veze s Republikom Srpskom kako bi taj gubitak kompenzirao.<\/p>\n\n\n\n<p>Bilo je rije\u010di i o tome za\u0161to Vu\u010di\u0107 najavljuje da \u0107e se Skup\u0161tina oduprijeti poku\u0161ajima ukidanja Republike Srpske kada nitko ne poku\u0161ava ukinuti taj entitet, treba li tu skup\u0161tinu gledati u kontekstu realizacije ideje srpskog svijeta, koliko je Sabor u funkciji predizborne kampanje u Srbiji, kao i je li glavni cilj Uskr\u0161njeg Sabora obrana vladavine Vu\u010di\u0107a u Srbiji i Milorada Dodika u Republici Srpskoj.<\/p>\n\n\n\n<p><em><strong>Omer Karabeg:<\/strong>&nbsp;U najavi Sabora stoji da \u0107e se odr\u017eati u Beogradu i drugim dijelovima Srbije. Zna\u010di li to da \u0107e se, osim u Beogradu, sli\u010dni skupovi u isto vrijeme odr\u017eati iu drugim dijelovima Srbije? Do sada to nije bio slu\u010daj kada je Beograd organizirao sli\u010dne skupove.<\/em><br><br><strong>Du\u0161an Janji\u0107:<\/strong>&nbsp;Ne znam detalje organizacije, ali pretpostavljam da je to ve\u0107 dio kampanje za izbore u Beogradu. a mo\u017eda i u drugim krajevima Srbije.<\/p>\n\n\n\n<p>Kad imate, da tako ka\u017eem, nacionalisti\u010dku crkveno-narodnu koaliciju, ona uklju\u010duje veliki broj zajednica, pa mo\u017ee organizirati vi\u0161e skupova. Ali po mom mi\u0161ljenju imaju problem s mobilizacijom ljudi.<\/p>\n\n\n\n<p>To se pokazalo i na prethodnom skupu, pa sad ne\u0107e riskirati da organiziraju miting ne samo u Beogradu nego i u cijeloj Srbiji, pa \u0107e onda pri\u010dati da je bilo milijun ljudi po cijeloj Srbiji, a mo\u017eda \u0107e u\u0107i i u Republiku Srpsku kao dobro.<\/p>\n\n\n\n<h2 class=\"wp-block-heading\">srpski svet<\/h2>\n\n\n\n<p><em><strong>Omer Karabeg:<\/strong><\/em><em>&nbsp;Ho\u0107e li to biti svesrpski sabor, ho\u0107e li na njemu biti predstavnici Srba iz svih zemalja regiona u kojima \u017eive Srbi?&nbsp;<\/em><strong>\u017darko Papi\u0107:<\/strong>&nbsp;Vidimo iz najave da \u0107e o\u010dito biti tako. Ako se okupe vode\u0107i srpski lideri iz Bosne i Hercegovine, Crne Gore, Hrvatske, Sjeverne Makedonije i, naravno, Srbije, onda to de facto zna\u010di politi\u010dku institucionalizaciju koncepta srpskog svijeta koji se zagovara i forsira.<strong><\/strong><em><\/em><br><br><strong><\/strong><\/p>\n\n\n\n<p>I prije Vu\u010di\u0107a u Republici Srpskoj postojale su strategije koje su otvarale mogu\u0107nost srpskog svijeta koji uvelike nadilazi specijalne odnose Republike Srpske i Srbije koji su mogu\u0107i po Daytonskom sporazumu.<\/p>\n\n\n\n<p>Ono \u0161to me kao Balkanca, Bosanca i biv\u0161eg Beogra\u0111anina jako \u010dudi je, rekao bih, gotovo srednjovjekovni rje\u010dnik i uklju\u010divanje crkve, \u0161to nije primjereno sekularnoj dr\u017eavi. Pazite, pri\u010daju o opstanku Srba na svojim ognji\u0161tima. Pa ho\u0107e li iko shvatiti da Srbi odavno ne \u017eive na ognji\u0161tima. \u017dive kao i svi ostali Europljani. \u017dive normalno, tro\u0161e struju.<\/p>\n\n\n\n<p>Sve to skupa ima svoje predizborne elemente. Govorim o predstoje\u0107im lokalnim izborima u Srbiji i Bosni i Hercegovini. Pokre\u0107u se velike nacionalne teme, a potpuno se zaboravlja od \u010dega ljudi \u017eive. Takvo intenziviranje nacionalisti\u010dkog pristupa nacionalnom pitanju je ne\u0161to \u0161to je u dana\u0161njim geostrate\u0161kim okolnostima vrlo riskantno i vrlo opasno.<\/p>\n\n\n\n<p><strong>Du\u0161an Janji\u0107:<\/strong>&nbsp;Ako su Srbi koji \u0107e se okupiti na Vaskr\u0161njem saboru jedini Srbi, onda smo mi odavno propali, Srbija ne postoji. Rije\u010d je o Srbima koji su na bud\u017eetu, bilo u Beogradu ili Moskvi. \u0160e\u0161elj je to zvao Velika Srbija, to su bili \u0106osi\u0107evi snovi.<\/p>\n\n\n\n<p>Za razliku od prvog Crkveno-narodnog sabora 1990. godine, kada se bavilo situacijom na Kosovu, ovo je o\u010ditovanje povratka u daleku pro\u0161lost. Svi ti ljudi i patrijarh &#8211; \u010dovjek, rekao bih, mlad u godinama, ali ne moderan &#8211; govore jezikom obrane vlasti, to je jezik koji mo\u017ee dovesti do novih napetosti u regiji. To se vidi iz najava.<\/p>\n\n\n\n<p>Vlada Srbije s Vu\u010di\u0107em na \u010delu promijenila je strategiju i uvela pri\u010du o pravu Vojske Srbije da \u0161titi Srbe gdje god oni \u017eive. Ne vidim koja \u0107e vojska to iznijeti, da li ova Vojska Srbije koju je zadnjih godina napustilo 18.000 profesionalaca. Tko onda? Paravojska? Kriminalci? Narkoklanovi? Sudilo se u Banjskoj. Druga je stvar koliko \u0107e to ko\u0161tati Srbiju. Povijesno iskustvo ka\u017ee da na kraju uvijek stigne ra\u010dun.<\/p>\n\n\n\n<p><\/p>\n\n\n\n<p><\/p>\n","protected":false},"excerpt":{"rendered":"<p>Tema najnovijeg Mosta Radija Slobodna Europa bila je velika Uskr\u0161nja skup\u0161tina Srbije i Republike Srpske, koja \u0107e se odr\u017eati 5. i 6. svibnja. Sagovornici su bili Du\u0161an Janji\u0107, predsjednik Foruma za etni\u010dke odnose iz Beograda i \u017darko Papi\u0107, politi\u010dki analiti\u010dar iz Sarajeva. Bilo je rije\u010di o tome za\u0161to \u0107e se, osim u Beogradu, Sabor odr\u017eati &hellip;<\/p>\n","protected":false},"author":1,"featured_media":1672,"comment_status":"closed","ping_status":"open","sticky":false,"template":"","format":"standard","meta":{"_monsterinsights_skip_tracking":false,"_monsterinsights_sitenote_active":false,"_monsterinsights_sitenote_note":"","_monsterinsights_sitenote_category":0,"footnotes":""},"categories":[6],"tags":[420,419,33,178],"class_list":["post-1671","post","type-post","status-publish","format-standard","has-post-thumbnail","","category-istok","tag-otcjepljenje","tag-republika-srpska","tag-srbija","tag-vucic"],"yoast_head":"<!-- This site is optimized with the Yoast SEO plugin v22.1 - https:\/\/yoast.com\/wordpress\/plugins\/seo\/ -->\n<title>Za\u0161to Vu\u010di\u0107 pla\u0161i Srbe ukidanjem Republike Srpske? - odabrano<\/title>\n<meta name=\"robots\" content=\"index, follow, max-snippet:-1, max-image-preview:large, max-video-preview:-1\" \/>\n<link rel=\"canonical\" href=\"https:\/\/odabrano.com\/index.php\/2024\/04\/19\/zasto-vucic-plasi-srbe-ukidanjem-republike-srpske\/\" \/>\n<meta property=\"og:locale\" content=\"en_US\" \/>\n<meta property=\"og:type\" content=\"article\" \/>\n<meta property=\"og:title\" content=\"Za\u0161to Vu\u010di\u0107 pla\u0161i Srbe ukidanjem Republike Srpske? - odabrano\" \/>\n<meta property=\"og:description\" content=\"Tema najnovijeg Mosta Radija Slobodna Europa bila je velika Uskr\u0161nja skup\u0161tina Srbije i Republike Srpske, koja \u0107e se odr\u017eati 5. i 6. svibnja. Sagovornici su bili Du\u0161an Janji\u0107, predsjednik Foruma za etni\u010dke odnose iz Beograda i \u017darko Papi\u0107, politi\u010dki analiti\u010dar iz Sarajeva. Bilo je rije\u010di o tome za\u0161to \u0107e se, osim u Beogradu, Sabor odr\u017eati &hellip;\" \/>\n<meta property=\"og:url\" content=\"https:\/\/odabrano.com\/index.php\/2024\/04\/19\/zasto-vucic-plasi-srbe-ukidanjem-republike-srpske\/\" \/>\n<meta property=\"og:site_name\" content=\"odabrano\" \/>\n<meta property=\"article:published_time\" content=\"2024-04-19T18:57:05+00:00\" \/>\n<meta property=\"article:modified_time\" content=\"2024-04-19T18:57:06+00:00\" \/>\n<meta property=\"og:image\" content=\"https:\/\/odabrano.com\/wp-content\/uploads\/2024\/04\/vucic-1.jpg\" \/>\n\t<meta property=\"og:image:width\" content=\"975\" \/>\n\t<meta property=\"og:image:height\" content=\"528\" \/>\n\t<meta property=\"og:image:type\" content=\"image\/jpeg\" \/>\n<meta name=\"author\" content=\"admin\" \/>\n<meta name=\"twitter:card\" content=\"summary_large_image\" \/>\n<meta name=\"twitter:label1\" content=\"Written by\" \/>\n\t<meta name=\"twitter:data1\" content=\"admin\" \/>\n\t<meta name=\"twitter:label2\" content=\"Est. reading time\" \/>\n\t<meta name=\"twitter:data2\" content=\"4 minutes\" \/>\n<script type=\"application\/ld+json\" class=\"yoast-schema-graph\">{\"@context\":\"https:\/\/schema.org\",\"@graph\":[{\"@type\":\"Article\",\"@id\":\"https:\/\/odabrano.com\/index.php\/2024\/04\/19\/zasto-vucic-plasi-srbe-ukidanjem-republike-srpske\/#article\",\"isPartOf\":{\"@id\":\"https:\/\/odabrano.com\/index.php\/2024\/04\/19\/zasto-vucic-plasi-srbe-ukidanjem-republike-srpske\/\"},\"author\":{\"name\":\"admin\",\"@id\":\"https:\/\/odabrano.com\/#\/schema\/person\/460f2b14657879743f23c4f6a7cd3236\"},\"headline\":\"Za\u0161to Vu\u010di\u0107 pla\u0161i Srbe ukidanjem Republike Srpske?\",\"datePublished\":\"2024-04-19T18:57:05+00:00\",\"dateModified\":\"2024-04-19T18:57:06+00:00\",\"mainEntityOfPage\":{\"@id\":\"https:\/\/odabrano.com\/index.php\/2024\/04\/19\/zasto-vucic-plasi-srbe-ukidanjem-republike-srpske\/\"},\"wordCount\":833,\"publisher\":{\"@id\":\"https:\/\/odabrano.com\/#\/schema\/person\/460f2b14657879743f23c4f6a7cd3236\"},\"keywords\":[\"otcjepljenje\",\"republika srpska\",\"srbija\",\"vu\u010di\u0107\"],\"articleSection\":[\"Istok\"],\"inLanguage\":\"en-US\"},{\"@type\":\"WebPage\",\"@id\":\"https:\/\/odabrano.com\/index.php\/2024\/04\/19\/zasto-vucic-plasi-srbe-ukidanjem-republike-srpske\/\",\"url\":\"https:\/\/odabrano.com\/index.php\/2024\/04\/19\/zasto-vucic-plasi-srbe-ukidanjem-republike-srpske\/\",\"name\":\"Za\u0161to Vu\u010di\u0107 pla\u0161i Srbe ukidanjem Republike Srpske? - odabrano\",\"isPartOf\":{\"@id\":\"https:\/\/odabrano.com\/#website\"},\"datePublished\":\"2024-04-19T18:57:05+00:00\",\"dateModified\":\"2024-04-19T18:57:06+00:00\",\"breadcrumb\":{\"@id\":\"https:\/\/odabrano.com\/index.php\/2024\/04\/19\/zasto-vucic-plasi-srbe-ukidanjem-republike-srpske\/#breadcrumb\"},\"inLanguage\":\"en-US\",\"potentialAction\":[{\"@type\":\"ReadAction\",\"target\":[\"https:\/\/odabrano.com\/index.php\/2024\/04\/19\/zasto-vucic-plasi-srbe-ukidanjem-republike-srpske\/\"]}]},{\"@type\":\"BreadcrumbList\",\"@id\":\"https:\/\/odabrano.com\/index.php\/2024\/04\/19\/zasto-vucic-plasi-srbe-ukidanjem-republike-srpske\/#breadcrumb\",\"itemListElement\":[{\"@type\":\"ListItem\",\"position\":1,\"name\":\"Home\",\"item\":\"https:\/\/odabrano.com\/\"},{\"@type\":\"ListItem\",\"position\":2,\"name\":\"Za\u0161to Vu\u010di\u0107 pla\u0161i Srbe ukidanjem Republike Srpske?\"}]},{\"@type\":\"WebSite\",\"@id\":\"https:\/\/odabrano.com\/#website\",\"url\":\"https:\/\/odabrano.com\/\",\"name\":\"odabrano\",\"description\":\"news portal koji nudi odabrane vijesti i informacije\",\"publisher\":{\"@id\":\"https:\/\/odabrano.com\/#\/schema\/person\/460f2b14657879743f23c4f6a7cd3236\"},\"alternateName\":\"vijesti i informacije iz Hrvatske i svijeta\",\"potentialAction\":[{\"@type\":\"SearchAction\",\"target\":{\"@type\":\"EntryPoint\",\"urlTemplate\":\"https:\/\/odabrano.com\/?s={search_term_string}\"},\"query-input\":\"required name=search_term_string\"}],\"inLanguage\":\"en-US\"},{\"@type\":[\"Person\",\"Organization\"],\"@id\":\"https:\/\/odabrano.com\/#\/schema\/person\/460f2b14657879743f23c4f6a7cd3236\",\"name\":\"admin\",\"image\":{\"@type\":\"ImageObject\",\"inLanguage\":\"en-US\",\"@id\":\"https:\/\/odabrano.com\/#\/schema\/person\/image\/\",\"url\":\"https:\/\/odabrano.com\/wp-content\/uploads\/2024\/04\/dolar.jpg\",\"contentUrl\":\"https:\/\/odabrano.com\/wp-content\/uploads\/2024\/04\/dolar.jpg\",\"width\":1216,\"height\":519,\"caption\":\"admin\"},\"logo\":{\"@id\":\"https:\/\/odabrano.com\/#\/schema\/person\/image\/\"},\"sameAs\":[\"http:\/\/odabrano.com\"],\"url\":\"https:\/\/odabrano.com\/index.php\/author\/sokolneno_u3xb387h\/\"}]}<\/script>\n<!-- \/ Yoast SEO plugin. -->","yoast_head_json":{"title":"Za\u0161to Vu\u010di\u0107 pla\u0161i Srbe ukidanjem Republike Srpske? - odabrano","robots":{"index":"index","follow":"follow","max-snippet":"max-snippet:-1","max-image-preview":"max-image-preview:large","max-video-preview":"max-video-preview:-1"},"canonical":"https:\/\/odabrano.com\/index.php\/2024\/04\/19\/zasto-vucic-plasi-srbe-ukidanjem-republike-srpske\/","og_locale":"en_US","og_type":"article","og_title":"Za\u0161to Vu\u010di\u0107 pla\u0161i Srbe ukidanjem Republike Srpske? - odabrano","og_description":"Tema najnovijeg Mosta Radija Slobodna Europa bila je velika Uskr\u0161nja skup\u0161tina Srbije i Republike Srpske, koja \u0107e se odr\u017eati 5. i 6. svibnja. Sagovornici su bili Du\u0161an Janji\u0107, predsjednik Foruma za etni\u010dke odnose iz Beograda i \u017darko Papi\u0107, politi\u010dki analiti\u010dar iz Sarajeva. Bilo je rije\u010di o tome za\u0161to \u0107e se, osim u Beogradu, Sabor odr\u017eati &hellip;","og_url":"https:\/\/odabrano.com\/index.php\/2024\/04\/19\/zasto-vucic-plasi-srbe-ukidanjem-republike-srpske\/","og_site_name":"odabrano","article_published_time":"2024-04-19T18:57:05+00:00","article_modified_time":"2024-04-19T18:57:06+00:00","og_image":[{"width":975,"height":528,"url":"https:\/\/odabrano.com\/wp-content\/uploads\/2024\/04\/vucic-1.jpg","type":"image\/jpeg"}],"author":"admin","twitter_card":"summary_large_image","twitter_misc":{"Written by":"admin","Est. reading time":"4 minutes"},"schema":{"@context":"https:\/\/schema.org","@graph":[{"@type":"Article","@id":"https:\/\/odabrano.com\/index.php\/2024\/04\/19\/zasto-vucic-plasi-srbe-ukidanjem-republike-srpske\/#article","isPartOf":{"@id":"https:\/\/odabrano.com\/index.php\/2024\/04\/19\/zasto-vucic-plasi-srbe-ukidanjem-republike-srpske\/"},"author":{"name":"admin","@id":"https:\/\/odabrano.com\/#\/schema\/person\/460f2b14657879743f23c4f6a7cd3236"},"headline":"Za\u0161to Vu\u010di\u0107 pla\u0161i Srbe ukidanjem Republike Srpske?","datePublished":"2024-04-19T18:57:05+00:00","dateModified":"2024-04-19T18:57:06+00:00","mainEntityOfPage":{"@id":"https:\/\/odabrano.com\/index.php\/2024\/04\/19\/zasto-vucic-plasi-srbe-ukidanjem-republike-srpske\/"},"wordCount":833,"publisher":{"@id":"https:\/\/odabrano.com\/#\/schema\/person\/460f2b14657879743f23c4f6a7cd3236"},"keywords":["otcjepljenje","republika srpska","srbija","vu\u010di\u0107"],"articleSection":["Istok"],"inLanguage":"en-US"},{"@type":"WebPage","@id":"https:\/\/odabrano.com\/index.php\/2024\/04\/19\/zasto-vucic-plasi-srbe-ukidanjem-republike-srpske\/","url":"https:\/\/odabrano.com\/index.php\/2024\/04\/19\/zasto-vucic-plasi-srbe-ukidanjem-republike-srpske\/","name":"Za\u0161to Vu\u010di\u0107 pla\u0161i Srbe ukidanjem Republike Srpske? - odabrano","isPartOf":{"@id":"https:\/\/odabrano.com\/#website"},"datePublished":"2024-04-19T18:57:05+00:00","dateModified":"2024-04-19T18:57:06+00:00","breadcrumb":{"@id":"https:\/\/odabrano.com\/index.php\/2024\/04\/19\/zasto-vucic-plasi-srbe-ukidanjem-republike-srpske\/#breadcrumb"},"inLanguage":"en-US","potentialAction":[{"@type":"ReadAction","target":["https:\/\/odabrano.com\/index.php\/2024\/04\/19\/zasto-vucic-plasi-srbe-ukidanjem-republike-srpske\/"]}]},{"@type":"BreadcrumbList","@id":"https:\/\/odabrano.com\/index.php\/2024\/04\/19\/zasto-vucic-plasi-srbe-ukidanjem-republike-srpske\/#breadcrumb","itemListElement":[{"@type":"ListItem","position":1,"name":"Home","item":"https:\/\/odabrano.com\/"},{"@type":"ListItem","position":2,"name":"Za\u0161to Vu\u010di\u0107 pla\u0161i Srbe ukidanjem Republike Srpske?"}]},{"@type":"WebSite","@id":"https:\/\/odabrano.com\/#website","url":"https:\/\/odabrano.com\/","name":"odabrano","description":"news portal koji nudi odabrane vijesti i informacije","publisher":{"@id":"https:\/\/odabrano.com\/#\/schema\/person\/460f2b14657879743f23c4f6a7cd3236"},"alternateName":"vijesti i informacije iz Hrvatske i svijeta","potentialAction":[{"@type":"SearchAction","target":{"@type":"EntryPoint","urlTemplate":"https:\/\/odabrano.com\/?s={search_term_string}"},"query-input":"required name=search_term_string"}],"inLanguage":"en-US"},{"@type":["Person","Organization"],"@id":"https:\/\/odabrano.com\/#\/schema\/person\/460f2b14657879743f23c4f6a7cd3236","name":"admin","image":{"@type":"ImageObject","inLanguage":"en-US","@id":"https:\/\/odabrano.com\/#\/schema\/person\/image\/","url":"https:\/\/odabrano.com\/wp-content\/uploads\/2024\/04\/dolar.jpg","contentUrl":"https:\/\/odabrano.com\/wp-content\/uploads\/2024\/04\/dolar.jpg","width":1216,"height":519,"caption":"admin"},"logo":{"@id":"https:\/\/odabrano.com\/#\/schema\/person\/image\/"},"sameAs":["http:\/\/odabrano.com"],"url":"https:\/\/odabrano.com\/index.php\/author\/sokolneno_u3xb387h\/"}]}},"_links":{"self":[{"href":"https:\/\/odabrano.com\/index.php\/wp-json\/wp\/v2\/posts\/1671","targetHints":{"allow":["GET"]}}],"collection":[{"href":"https:\/\/odabrano.com\/index.php\/wp-json\/wp\/v2\/posts"}],"about":[{"href":"https:\/\/odabrano.com\/index.php\/wp-json\/wp\/v2\/types\/post"}],"author":[{"embeddable":true,"href":"https:\/\/odabrano.com\/index.php\/wp-json\/wp\/v2\/users\/1"}],"replies":[{"embeddable":true,"href":"https:\/\/odabrano.com\/index.php\/wp-json\/wp\/v2\/comments?post=1671"}],"version-history":[{"count":1,"href":"https:\/\/odabrano.com\/index.php\/wp-json\/wp\/v2\/posts\/1671\/revisions"}],"predecessor-version":[{"id":1673,"href":"https:\/\/odabrano.com\/index.php\/wp-json\/wp\/v2\/posts\/1671\/revisions\/1673"}],"wp:featuredmedia":[{"embeddable":true,"href":"https:\/\/odabrano.com\/index.php\/wp-json\/wp\/v2\/media\/1672"}],"wp:attachment":[{"href":"https:\/\/odabrano.com\/index.php\/wp-json\/wp\/v2\/media?parent=1671"}],"wp:term":[{"taxonomy":"category","embeddable":true,"href":"https:\/\/odabrano.com\/index.php\/wp-json\/wp\/v2\/categories?post=1671"},{"taxonomy":"post_tag","embeddable":true,"href":"https:\/\/odabrano.com\/index.php\/wp-json\/wp\/v2\/tags?post=1671"}],"curies":[{"name":"wp","href":"https:\/\/api.w.org\/{rel}","templated":true}]}}