{"id":155,"date":"2024-02-26T08:26:21","date_gmt":"2024-02-26T08:26:21","guid":{"rendered":"http:\/\/odabrano.com\/?p=155"},"modified":"2024-04-07T13:12:23","modified_gmt":"2024-04-07T13:12:23","slug":"novi-sukobi-izraela-i-hamasa-u-gazi-medunarodni-posrednici-rade-na-prekidu-vatre","status":"publish","type":"post","link":"https:\/\/odabrano.com\/index.php\/2024\/02\/26\/novi-sukobi-izraela-i-hamasa-u-gazi-medunarodni-posrednici-rade-na-prekidu-vatre\/","title":{"rendered":"Novi sukobi Izraela i Hamasa u Gazi, me\u0111unarodni posrednici rade na prekidu vatre"},"content":{"rendered":"\n<p>IZRAELSKI vojnici i palestinski naoru\u017eani napada\u010di sukobili su se tijekom vikenda u pojasu Gaze, dok me\u0111unarodni posrednici nastoje ubrzati razgovore o prekidu vatre ne bi li se oslobodili Hamasovi taoci te palestinski zatvorenici za vrijeme Ramazana<\/p>\n\n\n\n<p>Dogovor o prekidu vatre nije se \u010dinio&nbsp;izglednim, s obzirom na najave Izraelaca o pro\u0161irenju dometa svojih operacija kako&nbsp;bi uni\u0161tili&nbsp;Hamas, dok je islamisti\u010dka organizacija ostala pri svojim zahtjevima o momentalnom&nbsp;prekidu petomjese\u010dnog rata.&nbsp;<\/p>\n\n\n\n<p>Stanovnici Gaze kazali su da su izraelske snage granatirale vi\u0161e podru\u010dja spomenute enklave, a za to su vrijeme tenkovi u\u0161li u Beit Lahiju. Vojnici i naoru\u017eani napada\u010di vodili su bitke na sjeveru grada Gaze.<\/p>\n\n\n\n<p>Najmanje 86 Palestinaca ubijeno je u izraelskim napadima u zadnja dva dana, prema tvrdnjama medicinskog osoblja. S druge strane, izraelska vojska priop\u0107ila je da su dva vojnika poginula u sukobu na jugu Gaze te da su njezini pripadnici ubili i zato\u010dili skupinu palestinskih naoru\u017eanih napada\u010da.<\/p>\n\n\n\n<p>Izraelski premijer Benjamin Netanyahu u subotu je sazvao sastanak ratnog kabineta na&nbsp;kojem su ih \u010delne osobe u obavje\u0161tajnoj slu\u017ebi izvijestile o ishodu razgovora s katarskim, egipatskim i ameri\u010dkim posrednicima u Parizu, o&nbsp;mogu\u0107em&nbsp;drugom&nbsp;po redu prekidu&nbsp;vatre u Gazi.<\/p>\n\n\n\n<p>Savjetnik za nacionalnu sigurnost u Bijeloj&nbsp;ku\u0107a Jake Sullivan rekao je za CNN da su pregovara\u010di SAD-a, Egipta, Katara i Izraela postigli na\u010delni dogovor o osnovnim elementima sporazuma o pu\u0161tanju taoca u zato\u010deni\u0161tvu Hamasa.<\/p>\n\n\n\n<p>Spomenuti dogovor jo\u0161 uvijek nije zape\u010da\u0107en, dodao je Sullivan, jer se jo\u0161 o\u010dekuju neizravni razgovori izme\u0111u Hamasa s jedne strane te Katara i Egipta s druge.<\/p>\n\n\n\n<p>Netanyahu je za CBS izjavio da jo\u0161 nije sigurno ho\u0107e li razgovori u Parizu uistinu rezultirati kona\u010dnim sporazumom o pu\u0161tanju taoca. Nije htio govoriti o detaljima, ali je zato naglasio da Hamasovi zahtjevi moraju biti razumni.<\/p>\n\n\n\n<p>&#8221;Oni kao da \u017eive na drugom planetu. Ali ako se spuste na Zemlju i vrate u realnost,&nbsp;onda \u0107emo imati dogovor o taocima. Nadam se takvom ishodu&#8221;, rekao je izraelski premijer.<\/p>\n\n\n\n<p>Visoki du\u017enosnik Hamasa Sami Abu Zuhri odgovorio je da Netanyahuovi komentari bacaju sumnju na spremnost Izraela da se postigne&nbsp;dogovor.<\/p>\n\n\n\n<p>&#8220;Netanyahovi komentari pokazuju&nbsp;da ga nije briga za uspje\u0161no okon\u010danje pregovora&#8221;, kazao je Reutersu Abu Zuhri, optu\u017eiv\u0161i pritom izraelskog premijera da \u017eeli&nbsp;&#8220;nastaviti pregovore pod bombardiranjem i krvoproli\u0107em Palestinaca&#8221;.<\/p>\n\n\n\n<h3 class=\"wp-block-heading\">Pregovori ovaj tjedan&nbsp;u&nbsp;Dohi<\/h3>\n\n\n\n<p>Egipatski sigurnosni izvori navode da \u0107e vi\u0161e prilika za razgovore biti ovaj tjedan u Dohi, nakon \u010dega slijedi jo\u0161 jedna runda u Kairu.<\/p>\n\n\n\n<p>Prvi prekid vatre\u00a0izme\u0111u dviju sukobljenih strana nastupio je u studenom pro\u0161le godine, tijekom kojeg je oslobo\u0111ena gotovo polovica od 253 osobe koje je Hamas zato\u010dio nakon napada 7.listopada. Izrael je oslobodio malo manje od 400 palestinskih zatvorenika i dozvolio dolazak\u00a0ve\u0107em broju humanitarnih konvoja.<\/p>\n\n\n\n<p>Izraelski mediji, pozivaju\u0107i se na neimenovane&nbsp;du\u017enosnike, tvrde da se razmatra pu\u0161tanje oko tre\u0107ine od 130 preostalih zatvorenika tijekom \u0161estotjednog primirja koje bi obuhvatilo razdoblje muslimanskog blagdana Ramazana. No, takvi navodi nisu slu\u017ebeno potvr\u0111eni si s jedne strane.&nbsp;&nbsp;<\/p>\n\n\n\n<p>Palestinski du\u017enosnici poru\u010dili su da Hamas inzistira na prekidu izraelske ofenzive i povla\u010denju izraelske vojske ne bi li se postigao dogovor. No, izraelska strana objavila je da namjerava krenuti prema jednom od posljednjih gradova u kojima Hamas ima netaknute snage.<\/p>\n\n\n\n<p>&#8220;Radimo na osloba\u0111anju na\u0161ih otetih, ali isto tako i na eliminaciji Hamasovih bataljuna i Rafahu&#8221;, poru\u010dio je Netanyahu na Facebooku, referiraju\u0107i se na grad na krajnjem jugu Gaze, u blizini granice sa Egiptom.<\/p>\n\n\n\n<p>Ovog \u0107e tjedna, dodao je premijer, izraelski kabinet odobriti vojne planova za Rafah koji uklju\u010duju evakuaciju vi\u0161e od milijun raseljenih palestinskih civila koji su ondje potra\u017eili zaklon i \u010dija sudbina brine svjetske sile.&nbsp;<\/p>\n\n\n\n<p>Spomenute je&nbsp;planove&nbsp;vojni vrh u nedjelju predstavio Netanyahuovom u\u017eem ratnom kabinetu, koji je tako\u0111er&nbsp;odobrio i plan za ulazak humanitarnih&nbsp;konvoja u Gazu, priop\u0107ili su iz ureda izraelskog premijera.&nbsp;<\/p>\n\n\n\n<p>Oko 30 tisu\u0107a Palestinaca ubijeno je od po\u010detak rata,&nbsp; procjenjuju zdravstveni radnici u Gazi, dok je Hamas u napadu 7.listopada 2023.godine ubio 1200 ljudi u Izraelu. Osim njih, Izrael je izgubio 241 vojnika u borbama koje su uslijedile&nbsp;neposredno nakon napada.&nbsp;<\/p>\n","protected":false},"excerpt":{"rendered":"<p>IZRAELSKI vojnici i palestinski naoru\u017eani napada\u010di sukobili su se tijekom vikenda u pojasu Gaze, dok me\u0111unarodni posrednici nastoje ubrzati razgovore o prekidu vatre ne bi li se oslobodili Hamasovi taoci te palestinski zatvorenici za vrijeme Ramazana Dogovor o prekidu vatre nije se \u010dinio&nbsp;izglednim, s obzirom na najave Izraelaca o pro\u0161irenju dometa svojih operacija kako&nbsp;bi uni\u0161tili&nbsp;Hamas, &hellip;<\/p>\n","protected":false},"author":1,"featured_media":156,"comment_status":"closed","ping_status":"open","sticky":false,"template":"","format":"standard","meta":{"_monsterinsights_skip_tracking":false,"_monsterinsights_sitenote_active":false,"_monsterinsights_sitenote_note":"","_monsterinsights_sitenote_category":0,"footnotes":""},"categories":[9],"tags":[],"class_list":["post-155","post","type-post","status-publish","format-standard","has-post-thumbnail","","category-svijet"],"yoast_head":"<!-- This site is optimized with the Yoast SEO plugin v22.1 - https:\/\/yoast.com\/wordpress\/plugins\/seo\/ -->\n<title>Novi sukobi Izraela i Hamasa u Gazi, me\u0111unarodni posrednici rade na prekidu vatre - odabrano<\/title>\n<meta name=\"robots\" content=\"index, follow, max-snippet:-1, max-image-preview:large, max-video-preview:-1\" \/>\n<link rel=\"canonical\" href=\"https:\/\/odabrano.com\/index.php\/2024\/02\/26\/novi-sukobi-izraela-i-hamasa-u-gazi-medunarodni-posrednici-rade-na-prekidu-vatre\/\" \/>\n<meta property=\"og:locale\" content=\"en_US\" \/>\n<meta property=\"og:type\" content=\"article\" \/>\n<meta property=\"og:title\" content=\"Novi sukobi Izraela i Hamasa u Gazi, me\u0111unarodni posrednici rade na prekidu vatre - odabrano\" \/>\n<meta property=\"og:description\" content=\"IZRAELSKI vojnici i palestinski naoru\u017eani napada\u010di sukobili su se tijekom vikenda u pojasu Gaze, dok me\u0111unarodni posrednici nastoje ubrzati razgovore o prekidu vatre ne bi li se oslobodili Hamasovi taoci te palestinski zatvorenici za vrijeme Ramazana Dogovor o prekidu vatre nije se \u010dinio&nbsp;izglednim, s obzirom na najave Izraelaca o pro\u0161irenju dometa svojih operacija kako&nbsp;bi uni\u0161tili&nbsp;Hamas, &hellip;\" \/>\n<meta property=\"og:url\" content=\"https:\/\/odabrano.com\/index.php\/2024\/02\/26\/novi-sukobi-izraela-i-hamasa-u-gazi-medunarodni-posrednici-rade-na-prekidu-vatre\/\" \/>\n<meta property=\"og:site_name\" content=\"odabrano\" \/>\n<meta property=\"article:published_time\" content=\"2024-02-26T08:26:21+00:00\" \/>\n<meta property=\"article:modified_time\" content=\"2024-04-07T13:12:23+00:00\" \/>\n<meta property=\"og:image\" content=\"https:\/\/odabrano.com\/wp-content\/uploads\/2024\/02\/rat.jpg\" \/>\n\t<meta property=\"og:image:width\" content=\"310\" \/>\n\t<meta property=\"og:image:height\" content=\"162\" \/>\n\t<meta property=\"og:image:type\" content=\"image\/jpeg\" \/>\n<meta name=\"author\" content=\"admin\" \/>\n<meta name=\"twitter:card\" content=\"summary_large_image\" \/>\n<meta name=\"twitter:label1\" content=\"Written by\" \/>\n\t<meta name=\"twitter:data1\" content=\"admin\" \/>\n\t<meta name=\"twitter:label2\" content=\"Est. reading time\" \/>\n\t<meta name=\"twitter:data2\" content=\"4 minutes\" \/>\n<script type=\"application\/ld+json\" class=\"yoast-schema-graph\">{\"@context\":\"https:\/\/schema.org\",\"@graph\":[{\"@type\":\"Article\",\"@id\":\"https:\/\/odabrano.com\/index.php\/2024\/02\/26\/novi-sukobi-izraela-i-hamasa-u-gazi-medunarodni-posrednici-rade-na-prekidu-vatre\/#article\",\"isPartOf\":{\"@id\":\"https:\/\/odabrano.com\/index.php\/2024\/02\/26\/novi-sukobi-izraela-i-hamasa-u-gazi-medunarodni-posrednici-rade-na-prekidu-vatre\/\"},\"author\":{\"name\":\"admin\",\"@id\":\"https:\/\/odabrano.com\/#\/schema\/person\/460f2b14657879743f23c4f6a7cd3236\"},\"headline\":\"Novi sukobi Izraela i Hamasa u Gazi, me\u0111unarodni posrednici rade na prekidu vatre\",\"datePublished\":\"2024-02-26T08:26:21+00:00\",\"dateModified\":\"2024-04-07T13:12:23+00:00\",\"mainEntityOfPage\":{\"@id\":\"https:\/\/odabrano.com\/index.php\/2024\/02\/26\/novi-sukobi-izraela-i-hamasa-u-gazi-medunarodni-posrednici-rade-na-prekidu-vatre\/\"},\"wordCount\":757,\"publisher\":{\"@id\":\"https:\/\/odabrano.com\/#\/schema\/person\/460f2b14657879743f23c4f6a7cd3236\"},\"articleSection\":[\"Svijet\"],\"inLanguage\":\"en-US\"},{\"@type\":\"WebPage\",\"@id\":\"https:\/\/odabrano.com\/index.php\/2024\/02\/26\/novi-sukobi-izraela-i-hamasa-u-gazi-medunarodni-posrednici-rade-na-prekidu-vatre\/\",\"url\":\"https:\/\/odabrano.com\/index.php\/2024\/02\/26\/novi-sukobi-izraela-i-hamasa-u-gazi-medunarodni-posrednici-rade-na-prekidu-vatre\/\",\"name\":\"Novi sukobi Izraela i Hamasa u Gazi, me\u0111unarodni posrednici rade na prekidu vatre - odabrano\",\"isPartOf\":{\"@id\":\"https:\/\/odabrano.com\/#website\"},\"datePublished\":\"2024-02-26T08:26:21+00:00\",\"dateModified\":\"2024-04-07T13:12:23+00:00\",\"breadcrumb\":{\"@id\":\"https:\/\/odabrano.com\/index.php\/2024\/02\/26\/novi-sukobi-izraela-i-hamasa-u-gazi-medunarodni-posrednici-rade-na-prekidu-vatre\/#breadcrumb\"},\"inLanguage\":\"en-US\",\"potentialAction\":[{\"@type\":\"ReadAction\",\"target\":[\"https:\/\/odabrano.com\/index.php\/2024\/02\/26\/novi-sukobi-izraela-i-hamasa-u-gazi-medunarodni-posrednici-rade-na-prekidu-vatre\/\"]}]},{\"@type\":\"BreadcrumbList\",\"@id\":\"https:\/\/odabrano.com\/index.php\/2024\/02\/26\/novi-sukobi-izraela-i-hamasa-u-gazi-medunarodni-posrednici-rade-na-prekidu-vatre\/#breadcrumb\",\"itemListElement\":[{\"@type\":\"ListItem\",\"position\":1,\"name\":\"Home\",\"item\":\"https:\/\/odabrano.com\/\"},{\"@type\":\"ListItem\",\"position\":2,\"name\":\"Novi sukobi Izraela i Hamasa u Gazi, me\u0111unarodni posrednici rade na prekidu vatre\"}]},{\"@type\":\"WebSite\",\"@id\":\"https:\/\/odabrano.com\/#website\",\"url\":\"https:\/\/odabrano.com\/\",\"name\":\"odabrano\",\"description\":\"news portal koji nudi odabrane vijesti i informacije\",\"publisher\":{\"@id\":\"https:\/\/odabrano.com\/#\/schema\/person\/460f2b14657879743f23c4f6a7cd3236\"},\"alternateName\":\"vijesti i informacije iz Hrvatske i svijeta\",\"potentialAction\":[{\"@type\":\"SearchAction\",\"target\":{\"@type\":\"EntryPoint\",\"urlTemplate\":\"https:\/\/odabrano.com\/?s={search_term_string}\"},\"query-input\":\"required name=search_term_string\"}],\"inLanguage\":\"en-US\"},{\"@type\":[\"Person\",\"Organization\"],\"@id\":\"https:\/\/odabrano.com\/#\/schema\/person\/460f2b14657879743f23c4f6a7cd3236\",\"name\":\"admin\",\"image\":{\"@type\":\"ImageObject\",\"inLanguage\":\"en-US\",\"@id\":\"https:\/\/odabrano.com\/#\/schema\/person\/image\/\",\"url\":\"https:\/\/odabrano.com\/wp-content\/uploads\/2024\/04\/dolar.jpg\",\"contentUrl\":\"https:\/\/odabrano.com\/wp-content\/uploads\/2024\/04\/dolar.jpg\",\"width\":1216,\"height\":519,\"caption\":\"admin\"},\"logo\":{\"@id\":\"https:\/\/odabrano.com\/#\/schema\/person\/image\/\"},\"sameAs\":[\"http:\/\/odabrano.com\"],\"url\":\"https:\/\/odabrano.com\/index.php\/author\/sokolneno_u3xb387h\/\"}]}<\/script>\n<!-- \/ Yoast SEO plugin. -->","yoast_head_json":{"title":"Novi sukobi Izraela i Hamasa u Gazi, me\u0111unarodni posrednici rade na prekidu vatre - odabrano","robots":{"index":"index","follow":"follow","max-snippet":"max-snippet:-1","max-image-preview":"max-image-preview:large","max-video-preview":"max-video-preview:-1"},"canonical":"https:\/\/odabrano.com\/index.php\/2024\/02\/26\/novi-sukobi-izraela-i-hamasa-u-gazi-medunarodni-posrednici-rade-na-prekidu-vatre\/","og_locale":"en_US","og_type":"article","og_title":"Novi sukobi Izraela i Hamasa u Gazi, me\u0111unarodni posrednici rade na prekidu vatre - odabrano","og_description":"IZRAELSKI vojnici i palestinski naoru\u017eani napada\u010di sukobili su se tijekom vikenda u pojasu Gaze, dok me\u0111unarodni posrednici nastoje ubrzati razgovore o prekidu vatre ne bi li se oslobodili Hamasovi taoci te palestinski zatvorenici za vrijeme Ramazana Dogovor o prekidu vatre nije se \u010dinio&nbsp;izglednim, s obzirom na najave Izraelaca o pro\u0161irenju dometa svojih operacija kako&nbsp;bi uni\u0161tili&nbsp;Hamas, &hellip;","og_url":"https:\/\/odabrano.com\/index.php\/2024\/02\/26\/novi-sukobi-izraela-i-hamasa-u-gazi-medunarodni-posrednici-rade-na-prekidu-vatre\/","og_site_name":"odabrano","article_published_time":"2024-02-26T08:26:21+00:00","article_modified_time":"2024-04-07T13:12:23+00:00","og_image":[{"width":310,"height":162,"url":"https:\/\/odabrano.com\/wp-content\/uploads\/2024\/02\/rat.jpg","type":"image\/jpeg"}],"author":"admin","twitter_card":"summary_large_image","twitter_misc":{"Written by":"admin","Est. reading time":"4 minutes"},"schema":{"@context":"https:\/\/schema.org","@graph":[{"@type":"Article","@id":"https:\/\/odabrano.com\/index.php\/2024\/02\/26\/novi-sukobi-izraela-i-hamasa-u-gazi-medunarodni-posrednici-rade-na-prekidu-vatre\/#article","isPartOf":{"@id":"https:\/\/odabrano.com\/index.php\/2024\/02\/26\/novi-sukobi-izraela-i-hamasa-u-gazi-medunarodni-posrednici-rade-na-prekidu-vatre\/"},"author":{"name":"admin","@id":"https:\/\/odabrano.com\/#\/schema\/person\/460f2b14657879743f23c4f6a7cd3236"},"headline":"Novi sukobi Izraela i Hamasa u Gazi, me\u0111unarodni posrednici rade na prekidu vatre","datePublished":"2024-02-26T08:26:21+00:00","dateModified":"2024-04-07T13:12:23+00:00","mainEntityOfPage":{"@id":"https:\/\/odabrano.com\/index.php\/2024\/02\/26\/novi-sukobi-izraela-i-hamasa-u-gazi-medunarodni-posrednici-rade-na-prekidu-vatre\/"},"wordCount":757,"publisher":{"@id":"https:\/\/odabrano.com\/#\/schema\/person\/460f2b14657879743f23c4f6a7cd3236"},"articleSection":["Svijet"],"inLanguage":"en-US"},{"@type":"WebPage","@id":"https:\/\/odabrano.com\/index.php\/2024\/02\/26\/novi-sukobi-izraela-i-hamasa-u-gazi-medunarodni-posrednici-rade-na-prekidu-vatre\/","url":"https:\/\/odabrano.com\/index.php\/2024\/02\/26\/novi-sukobi-izraela-i-hamasa-u-gazi-medunarodni-posrednici-rade-na-prekidu-vatre\/","name":"Novi sukobi Izraela i Hamasa u Gazi, me\u0111unarodni posrednici rade na prekidu vatre - odabrano","isPartOf":{"@id":"https:\/\/odabrano.com\/#website"},"datePublished":"2024-02-26T08:26:21+00:00","dateModified":"2024-04-07T13:12:23+00:00","breadcrumb":{"@id":"https:\/\/odabrano.com\/index.php\/2024\/02\/26\/novi-sukobi-izraela-i-hamasa-u-gazi-medunarodni-posrednici-rade-na-prekidu-vatre\/#breadcrumb"},"inLanguage":"en-US","potentialAction":[{"@type":"ReadAction","target":["https:\/\/odabrano.com\/index.php\/2024\/02\/26\/novi-sukobi-izraela-i-hamasa-u-gazi-medunarodni-posrednici-rade-na-prekidu-vatre\/"]}]},{"@type":"BreadcrumbList","@id":"https:\/\/odabrano.com\/index.php\/2024\/02\/26\/novi-sukobi-izraela-i-hamasa-u-gazi-medunarodni-posrednici-rade-na-prekidu-vatre\/#breadcrumb","itemListElement":[{"@type":"ListItem","position":1,"name":"Home","item":"https:\/\/odabrano.com\/"},{"@type":"ListItem","position":2,"name":"Novi sukobi Izraela i Hamasa u Gazi, me\u0111unarodni posrednici rade na prekidu vatre"}]},{"@type":"WebSite","@id":"https:\/\/odabrano.com\/#website","url":"https:\/\/odabrano.com\/","name":"odabrano","description":"news portal koji nudi odabrane vijesti i informacije","publisher":{"@id":"https:\/\/odabrano.com\/#\/schema\/person\/460f2b14657879743f23c4f6a7cd3236"},"alternateName":"vijesti i informacije iz Hrvatske i svijeta","potentialAction":[{"@type":"SearchAction","target":{"@type":"EntryPoint","urlTemplate":"https:\/\/odabrano.com\/?s={search_term_string}"},"query-input":"required name=search_term_string"}],"inLanguage":"en-US"},{"@type":["Person","Organization"],"@id":"https:\/\/odabrano.com\/#\/schema\/person\/460f2b14657879743f23c4f6a7cd3236","name":"admin","image":{"@type":"ImageObject","inLanguage":"en-US","@id":"https:\/\/odabrano.com\/#\/schema\/person\/image\/","url":"https:\/\/odabrano.com\/wp-content\/uploads\/2024\/04\/dolar.jpg","contentUrl":"https:\/\/odabrano.com\/wp-content\/uploads\/2024\/04\/dolar.jpg","width":1216,"height":519,"caption":"admin"},"logo":{"@id":"https:\/\/odabrano.com\/#\/schema\/person\/image\/"},"sameAs":["http:\/\/odabrano.com"],"url":"https:\/\/odabrano.com\/index.php\/author\/sokolneno_u3xb387h\/"}]}},"_links":{"self":[{"href":"https:\/\/odabrano.com\/index.php\/wp-json\/wp\/v2\/posts\/155","targetHints":{"allow":["GET"]}}],"collection":[{"href":"https:\/\/odabrano.com\/index.php\/wp-json\/wp\/v2\/posts"}],"about":[{"href":"https:\/\/odabrano.com\/index.php\/wp-json\/wp\/v2\/types\/post"}],"author":[{"embeddable":true,"href":"https:\/\/odabrano.com\/index.php\/wp-json\/wp\/v2\/users\/1"}],"replies":[{"embeddable":true,"href":"https:\/\/odabrano.com\/index.php\/wp-json\/wp\/v2\/comments?post=155"}],"version-history":[{"count":1,"href":"https:\/\/odabrano.com\/index.php\/wp-json\/wp\/v2\/posts\/155\/revisions"}],"predecessor-version":[{"id":157,"href":"https:\/\/odabrano.com\/index.php\/wp-json\/wp\/v2\/posts\/155\/revisions\/157"}],"wp:featuredmedia":[{"embeddable":true,"href":"https:\/\/odabrano.com\/index.php\/wp-json\/wp\/v2\/media\/156"}],"wp:attachment":[{"href":"https:\/\/odabrano.com\/index.php\/wp-json\/wp\/v2\/media?parent=155"}],"wp:term":[{"taxonomy":"category","embeddable":true,"href":"https:\/\/odabrano.com\/index.php\/wp-json\/wp\/v2\/categories?post=155"},{"taxonomy":"post_tag","embeddable":true,"href":"https:\/\/odabrano.com\/index.php\/wp-json\/wp\/v2\/tags?post=155"}],"curies":[{"name":"wp","href":"https:\/\/api.w.org\/{rel}","templated":true}]}}