{"id":1473,"date":"2024-04-17T05:34:30","date_gmt":"2024-04-17T03:34:30","guid":{"rendered":"http:\/\/odabrano.com\/?p=1473"},"modified":"2024-04-17T05:58:46","modified_gmt":"2024-04-17T03:58:46","slug":"grcka-je-postala-prva-europska-zemlja-koja-je-zabranila-kocarenje-u-morskim-parkovima","status":"publish","type":"post","link":"https:\/\/odabrano.com\/index.php\/2024\/04\/17\/grcka-je-postala-prva-europska-zemlja-koja-je-zabranila-kocarenje-u-morskim-parkovima\/","title":{"rendered":"Gr\u010dka je postala prva europska zemlja koja je zabranila ko\u0107arenje u morskim parkovima"},"content":{"rendered":"<div class=\"wp-block-post-date\"><time datetime=\"2024-04-17T05:34:30+02:00\">April 17, 2024<\/time><\/div>\n\n\n<p><strong>Zakon \u0107e stupiti na snagu u nacionalnim parkovima u roku od dvije godine, au svim za\u0161ti\u0107enim morskim podru\u010djima u zemlji do 2030.<\/strong><\/p>\n\n\n\n<p>Gr\u010dka je postala prva zemlja u Europi&nbsp;koja je objavila zabranu ribolova ko\u0107ama u svim svojim nacionalnim morskim parkovima i za\u0161ti\u0107enim podru\u010djima.<\/p>\n\n\n\n<p>Dr\u017eava je rekla da \u0107e potro\u0161iti 780 milijuna eura (666 milijuna funti) kako bi za\u0161titila svoje &#8220;raznolike i jedinstvene morske ekosustave&#8221;.<\/p>\n\n\n\n<p>Gr\u010dki premijer, Kyriakos Mitsotakis, rekao je delegatima na konferenciji Na\u0161 ocean u Ateni u utorak: &#8220;Uspostavili smo dva dodatna morska nacionalna parka, jedan u Jonskom i jedan u Egejskom moru, pove\u0107avaju\u0107i veli\u010dinu na\u0161ih morskih za\u0161ti\u0107enih podru\u010dja za 80% i pokriva jednu tre\u0107inu na\u0161ih morskih teritorijalnih voda.<\/p>\n\n\n\n<p>\u201cZabranit \u0107emo ko\u0107arenje u na\u0161im nacionalnim parkovima do 2026. i u svim za\u0161ti\u0107enim morskim podru\u010djima do 2030.\u201d<\/p>\n\n\n\n<p>Rekao je da \u0107e tako\u0111er uspostaviti najsuvremeniji sustav nadzora, uklju\u010duju\u0107i bespilotne letjelice, kako bi proveo zabranu.<\/p>\n\n\n\n<p>Predlo\u017eeni Jonski morski nacionalni park pokrivat \u0107e gotovo 12% gr\u010dkih teritorijalnih voda, \u0161tite\u0107i morske sisavce kao \u0161to su kitovi sjemena, prugasti dupini i ranjiva sredozemna medvjedica&nbsp;i ju\u017enoegejsko MPA, koje pokriva 6,61% gr\u010dkih teritorijalnih voda.<\/p>\n\n\n\n<p>Me\u0111utim, odluka atenske vlade da krene s izgradnjom dvaju novih morskih parkova u Egejskom i Jonskom moru potaknula je napetosti s povijesnim suparnikom Turskom. Ministarstvo vanjskih poslova Ankare upozorilo je Gr\u010dku pro\u0161log tjedna da se prijedlog u Egejskom moru nalazi u spornom podru\u010dju i da je inicijativa &#8220;politi\u010dki motivirana&#8221;.<\/p>\n\n\n\n<p>Za\u0161titnici prirode pozdravili su najavu i rekli da se nadaju da \u0107e ovaj potez stvoriti &#8220;domino efekt&#8221; da druge zemlje EU u\u010dine isto.<\/p>\n\n\n\n<p>Nicholas Fournier, direktor kampanje za za\u0161titu mora pri me\u0111unarodnoj konzervatorskoj skupini Oceana, rekao je: \u201cSvi su o\u010dekivali da \u0107e Francuska, Njema\u010dka ili \u0160panjolska poja\u010dati djelovanje. \u010cinjenica da se Gr\u010dka zala\u017ee za ovu zabranu ribolova pridnenim ko\u0107ama je iznena\u0111uju\u0107a, ali vrlo dobrodo\u0161la.<\/p>\n\n\n\n<p>\u201cNadamo se da \u0107e ovo stvoriti domino efekt na druge europske zemlje da u\u010dine isto. Pritisak je na Francuskoj jer je ona doma\u0107in UN-ove konferencije o oceanima idu\u0107e godine.\u201d<\/p>\n\n\n\n<p>Vijest je stigla nakon \u0161to su za\u0161titnici prirode Francusku&nbsp;<a href=\"https:\/\/www-theguardian-com.translate.goog\/environment\/2024\/apr\/15\/environment-conservation-france-protest-uk-ban-bottom-trawling-fishing-uk-eu-trade-deal-tca?_x_tr_sl=en&amp;_x_tr_tl=hr&amp;_x_tr_hl=hr&amp;_x_tr_pto=wapp\">optu\u017eili za licemjerje<\/a>&nbsp;zbog spora s Ujedinjenim kraljevstvom nakon Brexita oko prava na ribolov. Zemlja je pokrenula slu\u017ebeni prosvjed nakon \u0161to je Ujedinjeno Kraljevstvo zabranilo ribolov pridnenim ko\u010dama iz dijelova svojih teritorijalnih voda kako bi za\u0161titilo ranjiva morska stani\u0161ta.<\/p>\n\n\n\n<p>Charles Clover, suosniva\u010d Blue Marine Foundationa, organizacije za za\u0161titu prirode sa sjedi\u0161tem u Velikoj Britaniji, rekao je: \u201cOdrasli u Europi doista moraju rije\u0161iti neuobi\u010dajeni kaos izme\u0111u svojih dr\u017eava \u010dlanica oko za\u0161tite mora. Francuska tvrdi da je ve\u0107 za\u0161titila 30% svojih voda \u2013 dok nam njihovi za\u0161titnici prirode ka\u017eu da je manje od 0,1% njenih voda u\u010dinkovito za\u0161ti\u0107eno od ko\u0107arenja.<\/p>\n\n\n\n<p>&#8220;Povrh toga, Francuska \u017eeli sprije\u010diti Britaniju da zabrani ko\u0107arenje u morskim za\u0161ti\u0107enim podru\u010djima u vodama Ujedinjenog Kraljevstva \u2013 \u0161to je potpuno licemjerje, protivno zakonima o stani\u0161tima koji se odnose na nas oboje i neprihvatljivo za UK. Danas imamo Gr\u010dku koja predvodi Europu najavom da \u0107e do 2030. zapravo za\u0161tititi sva svoja MPA od ko\u0107arenja, \u0161to iznosi ogromnih 32% njezinih voda. Zar EU nema zajedni\u010dke standarde?\u201d<\/p>\n\n\n\n<p>Pridneno ko\u0107arenje industrijskim plovilima vrlo je \u0161tetna ribolovna tehnika koja povla\u010di te\u0161ke mre\u017ee po morskom dnu, uni\u0161tavaju\u0107i stani\u0161ta i ispu\u0161taju\u0107i ugljik u more i atmosferu.<\/p>\n\n\n\n<p>Oceana \u2013 zajedno s drugim nevladinim organizacijama, Dru\u0161tvom za o\u010duvanje mora i Ugro\u017eenim morima \u2013 pozvala je EU da poduzme stro\u017ee mjere protiv \u010dlanica koje jo\u0161 uvijek dopu\u0161taju ko\u0107arenje u svojim morskim za\u0161ti\u0107enim podru\u010djima. Izvje\u0161\u0107e&nbsp;u o\u017eujku pokazalo je da se destruktivna praksa jo\u0161 uvijek odvija u 90% svih morskih za\u0161ti\u0107enih podru\u010dja u EU-u&nbsp;<a href=\"https:\/\/translate.google.com\/website?sl=en&amp;tl=hr&amp;hl=hr&amp;client=webapp&amp;u=https:\/\/seas-at-risk.org\/press-releases\/eu-wide-campaign-launched-to-end-destructive-fishing-in-europes-protected-waters-90-of-protected-waters-still-targeted\/\">.<\/a><\/p>\n\n\n\n<p>Trenutno je samo 7-8% oceana za\u0161ti\u0107eno, a samo 3% spada u kategoriju &#8220;visoko za\u0161ti\u0107eno&#8221;.<\/p>\n","protected":false},"excerpt":{"rendered":"<p>April 17, 2024 Zakon \u0107e stupiti na snagu u nacionalnim parkovima u roku od dvije godine, au svim za\u0161ti\u0107enim morskim podru\u010djima u zemlji do 2030. Gr\u010dka je postala prva zemlja u Europi&nbsp;koja je objavila zabranu ribolova ko\u0107ama u svim svojim nacionalnim morskim parkovima i za\u0161ti\u0107enim podru\u010djima. Dr\u017eava je rekla da \u0107e potro\u0161iti 780 milijuna eura &hellip;<\/p>\n","protected":false},"author":1,"featured_media":1474,"comment_status":"closed","ping_status":"open","sticky":false,"template":"","format":"standard","meta":{"_monsterinsights_skip_tracking":false,"_monsterinsights_sitenote_active":false,"_monsterinsights_sitenote_note":"","_monsterinsights_sitenote_category":0,"footnotes":""},"categories":[9],"tags":[229,398,401,400,399],"class_list":["post-1473","post","type-post","status-publish","format-standard","has-post-thumbnail","","category-svijet","tag-eu","tag-grcka","tag-kocarenje","tag-morski-park","tag-zabrana"],"yoast_head":"<!-- This site is optimized with the Yoast SEO plugin v22.1 - https:\/\/yoast.com\/wordpress\/plugins\/seo\/ -->\n<title>Gr\u010dka je postala prva europska zemlja koja je zabranila ko\u0107arenje u morskim parkovima - odabrano<\/title>\n<meta name=\"robots\" content=\"index, follow, max-snippet:-1, max-image-preview:large, max-video-preview:-1\" \/>\n<link rel=\"canonical\" href=\"https:\/\/odabrano.com\/index.php\/2024\/04\/17\/grcka-je-postala-prva-europska-zemlja-koja-je-zabranila-kocarenje-u-morskim-parkovima\/\" \/>\n<meta property=\"og:locale\" content=\"en_US\" \/>\n<meta property=\"og:type\" content=\"article\" \/>\n<meta property=\"og:title\" content=\"Gr\u010dka je postala prva europska zemlja koja je zabranila ko\u0107arenje u morskim parkovima - odabrano\" \/>\n<meta property=\"og:description\" content=\"April 17, 2024 Zakon \u0107e stupiti na snagu u nacionalnim parkovima u roku od dvije godine, au svim za\u0161ti\u0107enim morskim podru\u010djima u zemlji do 2030. Gr\u010dka je postala prva zemlja u Europi&nbsp;koja je objavila zabranu ribolova ko\u0107ama u svim svojim nacionalnim morskim parkovima i za\u0161ti\u0107enim podru\u010djima. Dr\u017eava je rekla da \u0107e potro\u0161iti 780 milijuna eura &hellip;\" \/>\n<meta property=\"og:url\" content=\"https:\/\/odabrano.com\/index.php\/2024\/04\/17\/grcka-je-postala-prva-europska-zemlja-koja-je-zabranila-kocarenje-u-morskim-parkovima\/\" \/>\n<meta property=\"og:site_name\" content=\"odabrano\" \/>\n<meta property=\"article:published_time\" content=\"2024-04-17T03:34:30+00:00\" \/>\n<meta property=\"article:modified_time\" content=\"2024-04-17T03:58:46+00:00\" \/>\n<meta property=\"og:image\" content=\"https:\/\/odabrano.com\/wp-content\/uploads\/2024\/04\/grcka.jpg\" \/>\n\t<meta property=\"og:image:width\" content=\"614\" \/>\n\t<meta property=\"og:image:height\" content=\"369\" \/>\n\t<meta property=\"og:image:type\" content=\"image\/jpeg\" \/>\n<meta name=\"author\" content=\"admin\" \/>\n<meta name=\"twitter:card\" content=\"summary_large_image\" \/>\n<meta name=\"twitter:label1\" content=\"Written by\" \/>\n\t<meta name=\"twitter:data1\" content=\"admin\" \/>\n\t<meta name=\"twitter:label2\" content=\"Est. reading time\" \/>\n\t<meta name=\"twitter:data2\" content=\"3 minutes\" \/>\n<script type=\"application\/ld+json\" class=\"yoast-schema-graph\">{\"@context\":\"https:\/\/schema.org\",\"@graph\":[{\"@type\":\"Article\",\"@id\":\"https:\/\/odabrano.com\/index.php\/2024\/04\/17\/grcka-je-postala-prva-europska-zemlja-koja-je-zabranila-kocarenje-u-morskim-parkovima\/#article\",\"isPartOf\":{\"@id\":\"https:\/\/odabrano.com\/index.php\/2024\/04\/17\/grcka-je-postala-prva-europska-zemlja-koja-je-zabranila-kocarenje-u-morskim-parkovima\/\"},\"author\":{\"name\":\"admin\",\"@id\":\"https:\/\/odabrano.com\/#\/schema\/person\/460f2b14657879743f23c4f6a7cd3236\"},\"headline\":\"Gr\u010dka je postala prva europska zemlja koja je zabranila ko\u0107arenje u morskim parkovima\",\"datePublished\":\"2024-04-17T03:34:30+00:00\",\"dateModified\":\"2024-04-17T03:58:46+00:00\",\"mainEntityOfPage\":{\"@id\":\"https:\/\/odabrano.com\/index.php\/2024\/04\/17\/grcka-je-postala-prva-europska-zemlja-koja-je-zabranila-kocarenje-u-morskim-parkovima\/\"},\"wordCount\":701,\"publisher\":{\"@id\":\"https:\/\/odabrano.com\/#\/schema\/person\/460f2b14657879743f23c4f6a7cd3236\"},\"keywords\":[\"eu\",\"gr\u010dka\",\"ko\u0107arenje\",\"morski park\",\"zabrana\"],\"articleSection\":[\"Svijet\"],\"inLanguage\":\"en-US\"},{\"@type\":\"WebPage\",\"@id\":\"https:\/\/odabrano.com\/index.php\/2024\/04\/17\/grcka-je-postala-prva-europska-zemlja-koja-je-zabranila-kocarenje-u-morskim-parkovima\/\",\"url\":\"https:\/\/odabrano.com\/index.php\/2024\/04\/17\/grcka-je-postala-prva-europska-zemlja-koja-je-zabranila-kocarenje-u-morskim-parkovima\/\",\"name\":\"Gr\u010dka je postala prva europska zemlja koja je zabranila ko\u0107arenje u morskim parkovima - odabrano\",\"isPartOf\":{\"@id\":\"https:\/\/odabrano.com\/#website\"},\"datePublished\":\"2024-04-17T03:34:30+00:00\",\"dateModified\":\"2024-04-17T03:58:46+00:00\",\"breadcrumb\":{\"@id\":\"https:\/\/odabrano.com\/index.php\/2024\/04\/17\/grcka-je-postala-prva-europska-zemlja-koja-je-zabranila-kocarenje-u-morskim-parkovima\/#breadcrumb\"},\"inLanguage\":\"en-US\",\"potentialAction\":[{\"@type\":\"ReadAction\",\"target\":[\"https:\/\/odabrano.com\/index.php\/2024\/04\/17\/grcka-je-postala-prva-europska-zemlja-koja-je-zabranila-kocarenje-u-morskim-parkovima\/\"]}]},{\"@type\":\"BreadcrumbList\",\"@id\":\"https:\/\/odabrano.com\/index.php\/2024\/04\/17\/grcka-je-postala-prva-europska-zemlja-koja-je-zabranila-kocarenje-u-morskim-parkovima\/#breadcrumb\",\"itemListElement\":[{\"@type\":\"ListItem\",\"position\":1,\"name\":\"Home\",\"item\":\"https:\/\/odabrano.com\/\"},{\"@type\":\"ListItem\",\"position\":2,\"name\":\"Gr\u010dka je postala prva europska zemlja koja je zabranila ko\u0107arenje u morskim parkovima\"}]},{\"@type\":\"WebSite\",\"@id\":\"https:\/\/odabrano.com\/#website\",\"url\":\"https:\/\/odabrano.com\/\",\"name\":\"odabrano\",\"description\":\"news portal koji nudi odabrane vijesti i informacije\",\"publisher\":{\"@id\":\"https:\/\/odabrano.com\/#\/schema\/person\/460f2b14657879743f23c4f6a7cd3236\"},\"alternateName\":\"vijesti i informacije iz Hrvatske i svijeta\",\"potentialAction\":[{\"@type\":\"SearchAction\",\"target\":{\"@type\":\"EntryPoint\",\"urlTemplate\":\"https:\/\/odabrano.com\/?s={search_term_string}\"},\"query-input\":\"required name=search_term_string\"}],\"inLanguage\":\"en-US\"},{\"@type\":[\"Person\",\"Organization\"],\"@id\":\"https:\/\/odabrano.com\/#\/schema\/person\/460f2b14657879743f23c4f6a7cd3236\",\"name\":\"admin\",\"image\":{\"@type\":\"ImageObject\",\"inLanguage\":\"en-US\",\"@id\":\"https:\/\/odabrano.com\/#\/schema\/person\/image\/\",\"url\":\"https:\/\/odabrano.com\/wp-content\/uploads\/2024\/04\/dolar.jpg\",\"contentUrl\":\"https:\/\/odabrano.com\/wp-content\/uploads\/2024\/04\/dolar.jpg\",\"width\":1216,\"height\":519,\"caption\":\"admin\"},\"logo\":{\"@id\":\"https:\/\/odabrano.com\/#\/schema\/person\/image\/\"},\"sameAs\":[\"http:\/\/odabrano.com\"],\"url\":\"https:\/\/odabrano.com\/index.php\/author\/sokolneno_u3xb387h\/\"}]}<\/script>\n<!-- \/ Yoast SEO plugin. -->","yoast_head_json":{"title":"Gr\u010dka je postala prva europska zemlja koja je zabranila ko\u0107arenje u morskim parkovima - odabrano","robots":{"index":"index","follow":"follow","max-snippet":"max-snippet:-1","max-image-preview":"max-image-preview:large","max-video-preview":"max-video-preview:-1"},"canonical":"https:\/\/odabrano.com\/index.php\/2024\/04\/17\/grcka-je-postala-prva-europska-zemlja-koja-je-zabranila-kocarenje-u-morskim-parkovima\/","og_locale":"en_US","og_type":"article","og_title":"Gr\u010dka je postala prva europska zemlja koja je zabranila ko\u0107arenje u morskim parkovima - odabrano","og_description":"April 17, 2024 Zakon \u0107e stupiti na snagu u nacionalnim parkovima u roku od dvije godine, au svim za\u0161ti\u0107enim morskim podru\u010djima u zemlji do 2030. Gr\u010dka je postala prva zemlja u Europi&nbsp;koja je objavila zabranu ribolova ko\u0107ama u svim svojim nacionalnim morskim parkovima i za\u0161ti\u0107enim podru\u010djima. Dr\u017eava je rekla da \u0107e potro\u0161iti 780 milijuna eura &hellip;","og_url":"https:\/\/odabrano.com\/index.php\/2024\/04\/17\/grcka-je-postala-prva-europska-zemlja-koja-je-zabranila-kocarenje-u-morskim-parkovima\/","og_site_name":"odabrano","article_published_time":"2024-04-17T03:34:30+00:00","article_modified_time":"2024-04-17T03:58:46+00:00","og_image":[{"width":614,"height":369,"url":"https:\/\/odabrano.com\/wp-content\/uploads\/2024\/04\/grcka.jpg","type":"image\/jpeg"}],"author":"admin","twitter_card":"summary_large_image","twitter_misc":{"Written by":"admin","Est. reading time":"3 minutes"},"schema":{"@context":"https:\/\/schema.org","@graph":[{"@type":"Article","@id":"https:\/\/odabrano.com\/index.php\/2024\/04\/17\/grcka-je-postala-prva-europska-zemlja-koja-je-zabranila-kocarenje-u-morskim-parkovima\/#article","isPartOf":{"@id":"https:\/\/odabrano.com\/index.php\/2024\/04\/17\/grcka-je-postala-prva-europska-zemlja-koja-je-zabranila-kocarenje-u-morskim-parkovima\/"},"author":{"name":"admin","@id":"https:\/\/odabrano.com\/#\/schema\/person\/460f2b14657879743f23c4f6a7cd3236"},"headline":"Gr\u010dka je postala prva europska zemlja koja je zabranila ko\u0107arenje u morskim parkovima","datePublished":"2024-04-17T03:34:30+00:00","dateModified":"2024-04-17T03:58:46+00:00","mainEntityOfPage":{"@id":"https:\/\/odabrano.com\/index.php\/2024\/04\/17\/grcka-je-postala-prva-europska-zemlja-koja-je-zabranila-kocarenje-u-morskim-parkovima\/"},"wordCount":701,"publisher":{"@id":"https:\/\/odabrano.com\/#\/schema\/person\/460f2b14657879743f23c4f6a7cd3236"},"keywords":["eu","gr\u010dka","ko\u0107arenje","morski park","zabrana"],"articleSection":["Svijet"],"inLanguage":"en-US"},{"@type":"WebPage","@id":"https:\/\/odabrano.com\/index.php\/2024\/04\/17\/grcka-je-postala-prva-europska-zemlja-koja-je-zabranila-kocarenje-u-morskim-parkovima\/","url":"https:\/\/odabrano.com\/index.php\/2024\/04\/17\/grcka-je-postala-prva-europska-zemlja-koja-je-zabranila-kocarenje-u-morskim-parkovima\/","name":"Gr\u010dka je postala prva europska zemlja koja je zabranila ko\u0107arenje u morskim parkovima - odabrano","isPartOf":{"@id":"https:\/\/odabrano.com\/#website"},"datePublished":"2024-04-17T03:34:30+00:00","dateModified":"2024-04-17T03:58:46+00:00","breadcrumb":{"@id":"https:\/\/odabrano.com\/index.php\/2024\/04\/17\/grcka-je-postala-prva-europska-zemlja-koja-je-zabranila-kocarenje-u-morskim-parkovima\/#breadcrumb"},"inLanguage":"en-US","potentialAction":[{"@type":"ReadAction","target":["https:\/\/odabrano.com\/index.php\/2024\/04\/17\/grcka-je-postala-prva-europska-zemlja-koja-je-zabranila-kocarenje-u-morskim-parkovima\/"]}]},{"@type":"BreadcrumbList","@id":"https:\/\/odabrano.com\/index.php\/2024\/04\/17\/grcka-je-postala-prva-europska-zemlja-koja-je-zabranila-kocarenje-u-morskim-parkovima\/#breadcrumb","itemListElement":[{"@type":"ListItem","position":1,"name":"Home","item":"https:\/\/odabrano.com\/"},{"@type":"ListItem","position":2,"name":"Gr\u010dka je postala prva europska zemlja koja je zabranila ko\u0107arenje u morskim parkovima"}]},{"@type":"WebSite","@id":"https:\/\/odabrano.com\/#website","url":"https:\/\/odabrano.com\/","name":"odabrano","description":"news portal koji nudi odabrane vijesti i informacije","publisher":{"@id":"https:\/\/odabrano.com\/#\/schema\/person\/460f2b14657879743f23c4f6a7cd3236"},"alternateName":"vijesti i informacije iz Hrvatske i svijeta","potentialAction":[{"@type":"SearchAction","target":{"@type":"EntryPoint","urlTemplate":"https:\/\/odabrano.com\/?s={search_term_string}"},"query-input":"required name=search_term_string"}],"inLanguage":"en-US"},{"@type":["Person","Organization"],"@id":"https:\/\/odabrano.com\/#\/schema\/person\/460f2b14657879743f23c4f6a7cd3236","name":"admin","image":{"@type":"ImageObject","inLanguage":"en-US","@id":"https:\/\/odabrano.com\/#\/schema\/person\/image\/","url":"https:\/\/odabrano.com\/wp-content\/uploads\/2024\/04\/dolar.jpg","contentUrl":"https:\/\/odabrano.com\/wp-content\/uploads\/2024\/04\/dolar.jpg","width":1216,"height":519,"caption":"admin"},"logo":{"@id":"https:\/\/odabrano.com\/#\/schema\/person\/image\/"},"sameAs":["http:\/\/odabrano.com"],"url":"https:\/\/odabrano.com\/index.php\/author\/sokolneno_u3xb387h\/"}]}},"_links":{"self":[{"href":"https:\/\/odabrano.com\/index.php\/wp-json\/wp\/v2\/posts\/1473","targetHints":{"allow":["GET"]}}],"collection":[{"href":"https:\/\/odabrano.com\/index.php\/wp-json\/wp\/v2\/posts"}],"about":[{"href":"https:\/\/odabrano.com\/index.php\/wp-json\/wp\/v2\/types\/post"}],"author":[{"embeddable":true,"href":"https:\/\/odabrano.com\/index.php\/wp-json\/wp\/v2\/users\/1"}],"replies":[{"embeddable":true,"href":"https:\/\/odabrano.com\/index.php\/wp-json\/wp\/v2\/comments?post=1473"}],"version-history":[{"count":2,"href":"https:\/\/odabrano.com\/index.php\/wp-json\/wp\/v2\/posts\/1473\/revisions"}],"predecessor-version":[{"id":1478,"href":"https:\/\/odabrano.com\/index.php\/wp-json\/wp\/v2\/posts\/1473\/revisions\/1478"}],"wp:featuredmedia":[{"embeddable":true,"href":"https:\/\/odabrano.com\/index.php\/wp-json\/wp\/v2\/media\/1474"}],"wp:attachment":[{"href":"https:\/\/odabrano.com\/index.php\/wp-json\/wp\/v2\/media?parent=1473"}],"wp:term":[{"taxonomy":"category","embeddable":true,"href":"https:\/\/odabrano.com\/index.php\/wp-json\/wp\/v2\/categories?post=1473"},{"taxonomy":"post_tag","embeddable":true,"href":"https:\/\/odabrano.com\/index.php\/wp-json\/wp\/v2\/tags?post=1473"}],"curies":[{"name":"wp","href":"https:\/\/api.w.org\/{rel}","templated":true}]}}