{"id":1384,"date":"2024-04-15T14:28:36","date_gmt":"2024-04-15T14:28:36","guid":{"rendered":"http:\/\/odabrano.com\/?p=1384"},"modified":"2024-04-15T20:25:05","modified_gmt":"2024-04-15T20:25:05","slug":"svjetski-mediji-premijer-stabilnosti-protiv-popularnog-predsjednika-ostra-jezika","status":"publish","type":"post","link":"https:\/\/odabrano.com\/index.php\/2024\/04\/15\/svjetski-mediji-premijer-stabilnosti-protiv-popularnog-predsjednika-ostra-jezika\/","title":{"rendered":"Svjetski mediji: Premijer stabilnosti protiv popularnog predsjednika o\u0161tra jezika"},"content":{"rendered":"<div class=\"wp-block-post-date\"><time datetime=\"2024-04-15T14:28:36+02:00\">April 15, 2024<\/time><\/div>\n\n\n<p>Neuobi\u010dajena odluka predsjednika\u00a0<strong>Zorana Milanovi\u0107a<\/strong>\u00a0da izrazi premijerske ambicije na parlamentarnim izborima tema je i svjetskih medija koji ga opisuju kao politi\u010dara \u201eo\u0161tra\u00a0jezika\u201d koji je svojim anga\u017emanom poremetio o\u010dekivanja da na izborima glatko\u00a0pobijedi\u00a0vladaju\u0107a stranka.<\/p>\n\n\n\n<p>Sudjelovanje hrvatskog predsjednika \u201eo\u0161tra&nbsp;jezika\u201d na izborima u srijedu \u201emo\u017eda nije po ustavu\u201d, no svakako je unijelo \u017eivost u ranije predvidljive izbore, pi\u0161e u ponedjeljak BBC.<\/p>\n\n\n\n<p>Britanski medij obja\u0161njava&nbsp;su parlamentarni izbori u Hrvatskoj dosad imali&nbsp;ustaljeni obrazac \u2013 utrku&nbsp;SDP-a i HDZ-a u kojoj je ve\u0107inom pobje\u0111ivala stranka desnog centra radi&nbsp;velikog \u010dlanstva i sna\u017ene organizacije, iako oporbene stranke tvrde da tu prste ima i korupcijsko djelovanje.<\/p>\n\n\n\n<p>\u201eOvi izbori mogli bi biti druga\u010diji. Sve zbog prisutnosti Zorana Milanovi\u0107a\u201d, prenosi BBC, opisuju\u0107i predsjednika kao najpopularnijeg politi\u010dara \u010dija je nesvakida\u0161nja odluka smanjila raniju veliku razliku u anketama izme\u0111u dviju najve\u0107ih stranaka.<\/p>\n\n\n\n<p><strong>Milanovi\u0107eva taktika<\/strong><\/p>\n\n\n\n<p>Mete Milanovi\u0107evog \u201eo\u0161tra\u00a0jezika\u201d bili su stanovnici susjedne Bosne i Hercegovine, ilegalna migracija i vojna pomo\u0107 Ukrajini, ali je\u00a0govorio s divljenjem i o ruskoj vojnoj mo\u0107i, tvrdi britanski medij, progla\u0161avaju\u0107i to \u201eneuobi\u010dajenim\u201d stavovima za politi\u010dara koji navodno pripada lijevom centru.<\/p>\n\n\n\n<p>BBC pi\u0161e kako se dio pripadnika ljevice nada da predsjednik igra \u201elukavu igru\u201d, a da nije rije\u010d o tome da zapravo otkriva svoj pravi karakter. Izjavu BBC-ju dala je&nbsp;<strong>Sandra Ben\u010di\u0107<\/strong>, premijerska kandidatkinja stranke Mo\u017eemo, koja smatra da je rije\u010d o predsjednikovoj \u201etaktici\u201d jer on govore\u0107i o pitanju vojske, sigurnosti ili Hrvata u BiH zapravo preuzima stavove koji su ina\u010de dio HDZ-ove strategije.<\/p>\n\n\n\n<p>Njema\u010dki Deutsche Welle u ponedjeljak, pak, pi\u0161e da njema\u010dkim&nbsp;politi\u010darima \u201eizlazi na vidjelo strah od tektonskih promjena\u201d u Hrvatskoj u slu\u010daju Milanovi\u0107eve pobjede.<\/p>\n\n\n\n<p>Zastupnik Christian Haase iz Kr\u0161\u0107ansko-demokratske unije (CDU), saveznice HDZ-a iz Europske pu\u010dke stranke, za DW govori kako Berlin u premijeru Andreju Plenkovi\u0107u \u201eima pouzdanog partnera\u201d, \u0161to je u \u201enesigurnoj situaciji u kojoj se nalazimo najve\u0107e blago koje mo\u017eete imati\u201d.<\/p>\n\n\n\n<p>Haase isti\u010de kako se \u201eMilanovi\u0107evi stavovi o Rusiji\u201d itekako registriraju u Berlinu te da neke njegove nedavne izjave \u201enisu dostojne jednog predsjednika\u201d.<\/p>\n\n\n\n<p><strong>Hrvatska poput Slova\u010dke?<\/strong><\/p>\n\n\n\n<p>Liberalni zastupnik Bundestaga Oliver Luk\u0161i\u0107 za njema\u010dki medij je rekao kako je \u201e\u010dvrsto opredjeljenje Hrvatske za EU i NATO\u201d od velike va\u017enosti za Berlin, zbog \u010dega vlada zabrinutost od eventualnog premijerskog mandata Milanovi\u0107a.<\/p>\n\n\n\n<p>Luk\u0161i\u0107 je rekao kako su mnogi u Njema\u010dkoj \u201eiziritirani\u201d njegovim izjavama i stavovima poput onih o BiH, EU-u ili ratu u Ukrajini.<\/p>\n\n\n\n<p>Hrvatska bi u slu\u010daju njegove pobjede mogla i\u0107i smjerom Slova\u010dke u kojoj je pobijedio proruski politi\u010dar Robert Fico, tvrdi liberalni zastupnik.<\/p>\n\n\n\n<p>DW pi\u0161e da Milanovi\u0107a kritiziraju i socijaldemokrati iz Bundestaga poput Josipa Juratovi\u0107a koji \u201ene zna za\u0161to se Milanovi\u0107 tako pona\u0161a\u201d iako je \u201einteligentna osoba\u201d. On tvrdi kako su neke predsjednikove protuimigrantske i nacionalisti\u010dke izjave \u201euzdrmale\u201d socijaldemokrate u Berlinu.<\/p>\n\n\n\n<p>Dopisnik njema\u010dke agencija dpa za DW Thomas Brey rekao je kako ni Plenkovi\u0107 ni Milanovi\u0107 \u201ene blistaju svojim stavovima\u201d, jer on i u pona\u0161anju premijera \u201evidi neke antidemokratske tendencije\u201d.<\/p>\n\n\n\n<p>Brey tvrdi kako je dio njema\u010dkih analiti\u010dara \u201epomalo zabrinut\u201d sve autoritarnijim Plenkovi\u0107evim politi\u010dkim stilom te da \u0107e on \u201etim putem nastaviti ako se iznevjere njegove europske politi\u010dke ambicije u kojima on sebe vidi na nekoj va\u017enoj poziciji u Bruxellesu\u201d.<\/p>\n\n\n\n<p><strong>Politi\u010dki sukob u jednoj od siroma\u0161nijih zemalja EU<\/strong><\/p>\n\n\n\n<p>Associated Press u ponedjeljak pi\u0161e o \u201epoliti\u010dkoj krizi\u201d zbog sukoba izme\u0111u aktualnog premijera Plenkovi\u0107a te \u201epopulisti\u010dkog\u201d predsjednika Milanovi\u0107a koji \u201eneformalno\u201d vodi savez lijevih i centristi\u010dkih stranaka.<\/p>\n\n\n\n<p>Ameri\u010dka novinska agencija pi\u0161e da bi ostankom HDZ-a na vlasti Hrvatska zadr\u017eala \u201erelativnu politi\u010dku stabilnost i nastavila prozapadnim kursom\u201d, a da bi prevaga SDP-a potencijalno \u201eotvorila prostor za sna\u017eniji proruski utjecaj\u201d kakav se vidi u Ma\u0111arskoj i Slova\u010dkoj.<\/p>\n\n\n\n<p>AP pi\u0161e kako Milanovi\u0107evo \u201e\u017eivopisno kori\u0161tenje uvreda\u201d protiv protivnika mnoge zgrozila, no da on i dalje ostaje najpopularniji politi\u010dar u anketama jer je vi\u0111en kao netko tko govori otvoreno i koristi se obi\u010dnim jezikom u odnosu na \u201erezerviranijeg\u201d Plenkovi\u0107a.<\/p>\n\n\n\n<p>Euractiv u ponedjeljak pi\u0161e kako se sraz dvojice politi\u010dara doga\u0111a u vrijeme dok je dr\u017eava suo\u010dena s \u201era\u0161irenom korupcijom, kroni\u010dnim nedostatkom radnika, najve\u0107om inflacijom u eurozoni te nepopustljivim ilegalnim migracijama na njezinim granicama\u201d, opisuju\u0107i Hrvatsku kao \u201ejednu od najsiroma\u0161nijih \u010dlanica\u201d EU-a.<\/p>\n","protected":false},"excerpt":{"rendered":"<p>April 15, 2024 Neuobi\u010dajena odluka predsjednika\u00a0Zorana Milanovi\u0107a\u00a0da izrazi premijerske ambicije na parlamentarnim izborima tema je i svjetskih medija koji ga opisuju kao politi\u010dara \u201eo\u0161tra\u00a0jezika\u201d koji je svojim anga\u017emanom poremetio o\u010dekivanja da na izborima glatko\u00a0pobijedi\u00a0vladaju\u0107a stranka. Sudjelovanje hrvatskog predsjednika \u201eo\u0161tra&nbsp;jezika\u201d na izborima u srijedu \u201emo\u017eda nije po ustavu\u201d, no svakako je unijelo \u017eivost u ranije predvidljive &hellip;<\/p>\n","protected":false},"author":1,"featured_media":1385,"comment_status":"closed","ping_status":"open","sticky":false,"template":"","format":"standard","meta":{"_monsterinsights_skip_tracking":false,"_monsterinsights_sitenote_active":false,"_monsterinsights_sitenote_note":"","_monsterinsights_sitenote_category":0,"footnotes":""},"categories":[25],"tags":[376,88,372,373,375,374],"class_list":["post-1384","post","type-post","status-publish","format-standard","has-post-thumbnail","","category-hrvatska","tag-hrvatska","tag-izbori","tag-milanovic-2","tag-plenkovic-2","tag-predsjednik","tag-premijer"],"yoast_head":"<!-- This site is optimized with the Yoast SEO plugin v22.1 - https:\/\/yoast.com\/wordpress\/plugins\/seo\/ -->\n<title>Svjetski mediji: Premijer stabilnosti protiv popularnog predsjednika o\u0161tra jezika - odabrano<\/title>\n<meta name=\"robots\" content=\"index, follow, max-snippet:-1, max-image-preview:large, max-video-preview:-1\" \/>\n<link rel=\"canonical\" href=\"https:\/\/odabrano.com\/index.php\/2024\/04\/15\/svjetski-mediji-premijer-stabilnosti-protiv-popularnog-predsjednika-ostra-jezika\/\" \/>\n<meta property=\"og:locale\" content=\"en_US\" \/>\n<meta property=\"og:type\" content=\"article\" \/>\n<meta property=\"og:title\" content=\"Svjetski mediji: Premijer stabilnosti protiv popularnog predsjednika o\u0161tra jezika - odabrano\" \/>\n<meta property=\"og:description\" content=\"April 15, 2024 Neuobi\u010dajena odluka predsjednika\u00a0Zorana Milanovi\u0107a\u00a0da izrazi premijerske ambicije na parlamentarnim izborima tema je i svjetskih medija koji ga opisuju kao politi\u010dara \u201eo\u0161tra\u00a0jezika\u201d koji je svojim anga\u017emanom poremetio o\u010dekivanja da na izborima glatko\u00a0pobijedi\u00a0vladaju\u0107a stranka. Sudjelovanje hrvatskog predsjednika \u201eo\u0161tra&nbsp;jezika\u201d na izborima u srijedu \u201emo\u017eda nije po ustavu\u201d, no svakako je unijelo \u017eivost u ranije predvidljive &hellip;\" \/>\n<meta property=\"og:url\" content=\"https:\/\/odabrano.com\/index.php\/2024\/04\/15\/svjetski-mediji-premijer-stabilnosti-protiv-popularnog-predsjednika-ostra-jezika\/\" \/>\n<meta property=\"og:site_name\" content=\"odabrano\" \/>\n<meta property=\"article:published_time\" content=\"2024-04-15T14:28:36+00:00\" \/>\n<meta property=\"article:modified_time\" content=\"2024-04-15T20:25:05+00:00\" \/>\n<meta property=\"og:image\" content=\"https:\/\/odabrano.com\/wp-content\/uploads\/2024\/04\/njidva.jpg\" \/>\n\t<meta property=\"og:image:width\" content=\"717\" \/>\n\t<meta property=\"og:image:height\" content=\"478\" \/>\n\t<meta property=\"og:image:type\" content=\"image\/jpeg\" \/>\n<meta name=\"author\" content=\"admin\" \/>\n<meta name=\"twitter:card\" content=\"summary_large_image\" \/>\n<meta name=\"twitter:label1\" content=\"Written by\" \/>\n\t<meta name=\"twitter:data1\" content=\"admin\" \/>\n\t<meta name=\"twitter:label2\" content=\"Est. reading time\" \/>\n\t<meta name=\"twitter:data2\" content=\"4 minutes\" \/>\n<script type=\"application\/ld+json\" class=\"yoast-schema-graph\">{\"@context\":\"https:\/\/schema.org\",\"@graph\":[{\"@type\":\"Article\",\"@id\":\"https:\/\/odabrano.com\/index.php\/2024\/04\/15\/svjetski-mediji-premijer-stabilnosti-protiv-popularnog-predsjednika-ostra-jezika\/#article\",\"isPartOf\":{\"@id\":\"https:\/\/odabrano.com\/index.php\/2024\/04\/15\/svjetski-mediji-premijer-stabilnosti-protiv-popularnog-predsjednika-ostra-jezika\/\"},\"author\":{\"name\":\"admin\",\"@id\":\"https:\/\/odabrano.com\/#\/schema\/person\/460f2b14657879743f23c4f6a7cd3236\"},\"headline\":\"Svjetski mediji: Premijer stabilnosti protiv popularnog predsjednika o\u0161tra jezika\",\"datePublished\":\"2024-04-15T14:28:36+00:00\",\"dateModified\":\"2024-04-15T20:25:05+00:00\",\"mainEntityOfPage\":{\"@id\":\"https:\/\/odabrano.com\/index.php\/2024\/04\/15\/svjetski-mediji-premijer-stabilnosti-protiv-popularnog-predsjednika-ostra-jezika\/\"},\"wordCount\":785,\"publisher\":{\"@id\":\"https:\/\/odabrano.com\/#\/schema\/person\/460f2b14657879743f23c4f6a7cd3236\"},\"keywords\":[\"hrvatska\",\"izbori\",\"milanovi\u010d\",\"plenkovi\u010d\",\"predsjednik\",\"premijer\"],\"articleSection\":[\"Hrvatska\"],\"inLanguage\":\"en-US\"},{\"@type\":\"WebPage\",\"@id\":\"https:\/\/odabrano.com\/index.php\/2024\/04\/15\/svjetski-mediji-premijer-stabilnosti-protiv-popularnog-predsjednika-ostra-jezika\/\",\"url\":\"https:\/\/odabrano.com\/index.php\/2024\/04\/15\/svjetski-mediji-premijer-stabilnosti-protiv-popularnog-predsjednika-ostra-jezika\/\",\"name\":\"Svjetski mediji: Premijer stabilnosti protiv popularnog predsjednika o\u0161tra jezika - odabrano\",\"isPartOf\":{\"@id\":\"https:\/\/odabrano.com\/#website\"},\"datePublished\":\"2024-04-15T14:28:36+00:00\",\"dateModified\":\"2024-04-15T20:25:05+00:00\",\"breadcrumb\":{\"@id\":\"https:\/\/odabrano.com\/index.php\/2024\/04\/15\/svjetski-mediji-premijer-stabilnosti-protiv-popularnog-predsjednika-ostra-jezika\/#breadcrumb\"},\"inLanguage\":\"en-US\",\"potentialAction\":[{\"@type\":\"ReadAction\",\"target\":[\"https:\/\/odabrano.com\/index.php\/2024\/04\/15\/svjetski-mediji-premijer-stabilnosti-protiv-popularnog-predsjednika-ostra-jezika\/\"]}]},{\"@type\":\"BreadcrumbList\",\"@id\":\"https:\/\/odabrano.com\/index.php\/2024\/04\/15\/svjetski-mediji-premijer-stabilnosti-protiv-popularnog-predsjednika-ostra-jezika\/#breadcrumb\",\"itemListElement\":[{\"@type\":\"ListItem\",\"position\":1,\"name\":\"Home\",\"item\":\"https:\/\/odabrano.com\/\"},{\"@type\":\"ListItem\",\"position\":2,\"name\":\"Svjetski mediji: Premijer stabilnosti protiv popularnog predsjednika o\u0161tra jezika\"}]},{\"@type\":\"WebSite\",\"@id\":\"https:\/\/odabrano.com\/#website\",\"url\":\"https:\/\/odabrano.com\/\",\"name\":\"odabrano\",\"description\":\"news portal koji nudi odabrane vijesti i informacije\",\"publisher\":{\"@id\":\"https:\/\/odabrano.com\/#\/schema\/person\/460f2b14657879743f23c4f6a7cd3236\"},\"alternateName\":\"vijesti i informacije iz Hrvatske i svijeta\",\"potentialAction\":[{\"@type\":\"SearchAction\",\"target\":{\"@type\":\"EntryPoint\",\"urlTemplate\":\"https:\/\/odabrano.com\/?s={search_term_string}\"},\"query-input\":\"required name=search_term_string\"}],\"inLanguage\":\"en-US\"},{\"@type\":[\"Person\",\"Organization\"],\"@id\":\"https:\/\/odabrano.com\/#\/schema\/person\/460f2b14657879743f23c4f6a7cd3236\",\"name\":\"admin\",\"image\":{\"@type\":\"ImageObject\",\"inLanguage\":\"en-US\",\"@id\":\"https:\/\/odabrano.com\/#\/schema\/person\/image\/\",\"url\":\"https:\/\/odabrano.com\/wp-content\/uploads\/2024\/04\/dolar.jpg\",\"contentUrl\":\"https:\/\/odabrano.com\/wp-content\/uploads\/2024\/04\/dolar.jpg\",\"width\":1216,\"height\":519,\"caption\":\"admin\"},\"logo\":{\"@id\":\"https:\/\/odabrano.com\/#\/schema\/person\/image\/\"},\"sameAs\":[\"http:\/\/odabrano.com\"],\"url\":\"https:\/\/odabrano.com\/index.php\/author\/sokolneno_u3xb387h\/\"}]}<\/script>\n<!-- \/ Yoast SEO plugin. -->","yoast_head_json":{"title":"Svjetski mediji: Premijer stabilnosti protiv popularnog predsjednika o\u0161tra jezika - odabrano","robots":{"index":"index","follow":"follow","max-snippet":"max-snippet:-1","max-image-preview":"max-image-preview:large","max-video-preview":"max-video-preview:-1"},"canonical":"https:\/\/odabrano.com\/index.php\/2024\/04\/15\/svjetski-mediji-premijer-stabilnosti-protiv-popularnog-predsjednika-ostra-jezika\/","og_locale":"en_US","og_type":"article","og_title":"Svjetski mediji: Premijer stabilnosti protiv popularnog predsjednika o\u0161tra jezika - odabrano","og_description":"April 15, 2024 Neuobi\u010dajena odluka predsjednika\u00a0Zorana Milanovi\u0107a\u00a0da izrazi premijerske ambicije na parlamentarnim izborima tema je i svjetskih medija koji ga opisuju kao politi\u010dara \u201eo\u0161tra\u00a0jezika\u201d koji je svojim anga\u017emanom poremetio o\u010dekivanja da na izborima glatko\u00a0pobijedi\u00a0vladaju\u0107a stranka. Sudjelovanje hrvatskog predsjednika \u201eo\u0161tra&nbsp;jezika\u201d na izborima u srijedu \u201emo\u017eda nije po ustavu\u201d, no svakako je unijelo \u017eivost u ranije predvidljive &hellip;","og_url":"https:\/\/odabrano.com\/index.php\/2024\/04\/15\/svjetski-mediji-premijer-stabilnosti-protiv-popularnog-predsjednika-ostra-jezika\/","og_site_name":"odabrano","article_published_time":"2024-04-15T14:28:36+00:00","article_modified_time":"2024-04-15T20:25:05+00:00","og_image":[{"width":717,"height":478,"url":"https:\/\/odabrano.com\/wp-content\/uploads\/2024\/04\/njidva.jpg","type":"image\/jpeg"}],"author":"admin","twitter_card":"summary_large_image","twitter_misc":{"Written by":"admin","Est. reading time":"4 minutes"},"schema":{"@context":"https:\/\/schema.org","@graph":[{"@type":"Article","@id":"https:\/\/odabrano.com\/index.php\/2024\/04\/15\/svjetski-mediji-premijer-stabilnosti-protiv-popularnog-predsjednika-ostra-jezika\/#article","isPartOf":{"@id":"https:\/\/odabrano.com\/index.php\/2024\/04\/15\/svjetski-mediji-premijer-stabilnosti-protiv-popularnog-predsjednika-ostra-jezika\/"},"author":{"name":"admin","@id":"https:\/\/odabrano.com\/#\/schema\/person\/460f2b14657879743f23c4f6a7cd3236"},"headline":"Svjetski mediji: Premijer stabilnosti protiv popularnog predsjednika o\u0161tra jezika","datePublished":"2024-04-15T14:28:36+00:00","dateModified":"2024-04-15T20:25:05+00:00","mainEntityOfPage":{"@id":"https:\/\/odabrano.com\/index.php\/2024\/04\/15\/svjetski-mediji-premijer-stabilnosti-protiv-popularnog-predsjednika-ostra-jezika\/"},"wordCount":785,"publisher":{"@id":"https:\/\/odabrano.com\/#\/schema\/person\/460f2b14657879743f23c4f6a7cd3236"},"keywords":["hrvatska","izbori","milanovi\u010d","plenkovi\u010d","predsjednik","premijer"],"articleSection":["Hrvatska"],"inLanguage":"en-US"},{"@type":"WebPage","@id":"https:\/\/odabrano.com\/index.php\/2024\/04\/15\/svjetski-mediji-premijer-stabilnosti-protiv-popularnog-predsjednika-ostra-jezika\/","url":"https:\/\/odabrano.com\/index.php\/2024\/04\/15\/svjetski-mediji-premijer-stabilnosti-protiv-popularnog-predsjednika-ostra-jezika\/","name":"Svjetski mediji: Premijer stabilnosti protiv popularnog predsjednika o\u0161tra jezika - odabrano","isPartOf":{"@id":"https:\/\/odabrano.com\/#website"},"datePublished":"2024-04-15T14:28:36+00:00","dateModified":"2024-04-15T20:25:05+00:00","breadcrumb":{"@id":"https:\/\/odabrano.com\/index.php\/2024\/04\/15\/svjetski-mediji-premijer-stabilnosti-protiv-popularnog-predsjednika-ostra-jezika\/#breadcrumb"},"inLanguage":"en-US","potentialAction":[{"@type":"ReadAction","target":["https:\/\/odabrano.com\/index.php\/2024\/04\/15\/svjetski-mediji-premijer-stabilnosti-protiv-popularnog-predsjednika-ostra-jezika\/"]}]},{"@type":"BreadcrumbList","@id":"https:\/\/odabrano.com\/index.php\/2024\/04\/15\/svjetski-mediji-premijer-stabilnosti-protiv-popularnog-predsjednika-ostra-jezika\/#breadcrumb","itemListElement":[{"@type":"ListItem","position":1,"name":"Home","item":"https:\/\/odabrano.com\/"},{"@type":"ListItem","position":2,"name":"Svjetski mediji: Premijer stabilnosti protiv popularnog predsjednika o\u0161tra jezika"}]},{"@type":"WebSite","@id":"https:\/\/odabrano.com\/#website","url":"https:\/\/odabrano.com\/","name":"odabrano","description":"news portal koji nudi odabrane vijesti i informacije","publisher":{"@id":"https:\/\/odabrano.com\/#\/schema\/person\/460f2b14657879743f23c4f6a7cd3236"},"alternateName":"vijesti i informacije iz Hrvatske i svijeta","potentialAction":[{"@type":"SearchAction","target":{"@type":"EntryPoint","urlTemplate":"https:\/\/odabrano.com\/?s={search_term_string}"},"query-input":"required name=search_term_string"}],"inLanguage":"en-US"},{"@type":["Person","Organization"],"@id":"https:\/\/odabrano.com\/#\/schema\/person\/460f2b14657879743f23c4f6a7cd3236","name":"admin","image":{"@type":"ImageObject","inLanguage":"en-US","@id":"https:\/\/odabrano.com\/#\/schema\/person\/image\/","url":"https:\/\/odabrano.com\/wp-content\/uploads\/2024\/04\/dolar.jpg","contentUrl":"https:\/\/odabrano.com\/wp-content\/uploads\/2024\/04\/dolar.jpg","width":1216,"height":519,"caption":"admin"},"logo":{"@id":"https:\/\/odabrano.com\/#\/schema\/person\/image\/"},"sameAs":["http:\/\/odabrano.com"],"url":"https:\/\/odabrano.com\/index.php\/author\/sokolneno_u3xb387h\/"}]}},"_links":{"self":[{"href":"https:\/\/odabrano.com\/index.php\/wp-json\/wp\/v2\/posts\/1384","targetHints":{"allow":["GET"]}}],"collection":[{"href":"https:\/\/odabrano.com\/index.php\/wp-json\/wp\/v2\/posts"}],"about":[{"href":"https:\/\/odabrano.com\/index.php\/wp-json\/wp\/v2\/types\/post"}],"author":[{"embeddable":true,"href":"https:\/\/odabrano.com\/index.php\/wp-json\/wp\/v2\/users\/1"}],"replies":[{"embeddable":true,"href":"https:\/\/odabrano.com\/index.php\/wp-json\/wp\/v2\/comments?post=1384"}],"version-history":[{"count":4,"href":"https:\/\/odabrano.com\/index.php\/wp-json\/wp\/v2\/posts\/1384\/revisions"}],"predecessor-version":[{"id":1407,"href":"https:\/\/odabrano.com\/index.php\/wp-json\/wp\/v2\/posts\/1384\/revisions\/1407"}],"wp:featuredmedia":[{"embeddable":true,"href":"https:\/\/odabrano.com\/index.php\/wp-json\/wp\/v2\/media\/1385"}],"wp:attachment":[{"href":"https:\/\/odabrano.com\/index.php\/wp-json\/wp\/v2\/media?parent=1384"}],"wp:term":[{"taxonomy":"category","embeddable":true,"href":"https:\/\/odabrano.com\/index.php\/wp-json\/wp\/v2\/categories?post=1384"},{"taxonomy":"post_tag","embeddable":true,"href":"https:\/\/odabrano.com\/index.php\/wp-json\/wp\/v2\/tags?post=1384"}],"curies":[{"name":"wp","href":"https:\/\/api.w.org\/{rel}","templated":true}]}}