{"id":115,"date":"2024-02-24T07:15:17","date_gmt":"2024-02-24T07:15:17","guid":{"rendered":"http:\/\/odabrano.com\/?p=115"},"modified":"2024-04-07T13:11:35","modified_gmt":"2024-04-07T13:11:35","slug":"mladic-22-ubijen-u-splitu-napala-ga-trojica-brace-jedan-otisao-po-noz-i-izbo-ga","status":"publish","type":"post","link":"https:\/\/odabrano.com\/index.php\/2024\/02\/24\/mladic-22-ubijen-u-splitu-napala-ga-trojica-brace-jedan-otisao-po-noz-i-izbo-ga\/","title":{"rendered":"Mladi\u0107 (22) ubijen u Splitu. Napala ga trojica bra\u0107e, jedan oti\u0161ao po no\u017e i izbo ga"},"content":{"rendered":"\n<p>22-GODI\u0160NJI mladi\u0107 preminuo je od posljedica ranjavanja no\u017eem u Splitu, priop\u0107ila je Policijska uprava splitsko-dalmatinska. Oko 55 minuta poslije pono\u0107i, u Ulici Domovinskog rata u Splitu do\u0161lo je do naguravanja vi\u0161e osoba, pri \u010demu je 22-godi\u0161njak uboden no\u017eem.<\/p>\n\n\n\n<p>Ozlije\u0111eni mladi\u0107 je hitno preba\u010den u splitsku bolnicu, ali je u 1:20 sati preminuo od zadobivenih ozljeda. Policija je privela tri mu\u0161ke osobe koje se dovode u vezu s navedenim doga\u0111ajem.&nbsp;<\/p>\n\n\n\n<h3 class=\"wp-block-heading\">Bra\u0107a se sukobila s mladi\u0107em na ulici, najstariji oti\u0161ao u stan po no\u017e i ubio ga<\/h3>\n\n\n\n<p>Kako javlja\u00a0<a href=\"https:\/\/slobodnadalmacija.hr\/vijesti\/crna-kronika\/braca-se-sukobila-s-mladicem-na-ulici-najstariji-otisao-u-stan-po-noz-i-ubio-ga-susjedi-stalno-na-ulici-gnjave-ljude-1366672\" target=\"_blank\" rel=\"noreferrer noopener\">Slobodna Dalmacija<\/a>, uhi\u0107ena su trojica bra\u0107e, navodno ovisnici o drogi. Napad se dogodio ispred zgrade u kojoj \u017eive,<\/p>\n\n\n\n<p>Prema neslu\u017ebenim informacijama, sva trojica su se sukobila s 22-godi\u0161njakom. U jednom trenutku najstariji brat je oti\u0161ao po no\u017e u stan u kojem \u017eive. Njime je zadao vi\u0161e te\u0161kih rana mladi\u0107u koji im je podlegao. Po dolasku policije se opirao uhi\u0107enju. Kada je uveden u slu\u017ebeno vozilo, glavom je udarao u \u017ei\u010danu pregradu unutar vozila i urlao na sav glas.&nbsp;<\/p>\n\n\n\n<p>&#8220;Ne znam jesu li i prije nekog napali, ali znaju ulazit u du\u0107ane, pe\u010denjare i kafi\u0107e i \u017eicat pare. Nisam vidio da su agresivni. Nisam ni\u0161ta \u010duo dok nije do\u0161la Hitna i policija sa sirenama. Tko zna za\u0161to su napali jadnog momka, i jo\u0161 njih tri na jednoga&#8221;, ispri\u010dao je za Slobodnu stanar obli\u017enje zgrade.<\/p>\n\n\n\n<p>Vi\u0161e informacija trebalo bi biti poznato nakon o\u010devida.<\/p>\n","protected":false},"excerpt":{"rendered":"<p>22-GODI\u0160NJI mladi\u0107 preminuo je od posljedica ranjavanja no\u017eem u Splitu, priop\u0107ila je Policijska uprava splitsko-dalmatinska. Oko 55 minuta poslije pono\u0107i, u Ulici Domovinskog rata u Splitu do\u0161lo je do naguravanja vi\u0161e osoba, pri \u010demu je 22-godi\u0161njak uboden no\u017eem. Ozlije\u0111eni mladi\u0107 je hitno preba\u010den u splitsku bolnicu, ali je u 1:20 sati preminuo od zadobivenih ozljeda. &hellip;<\/p>\n","protected":false},"author":1,"featured_media":117,"comment_status":"closed","ping_status":"open","sticky":false,"template":"","format":"standard","meta":{"_monsterinsights_skip_tracking":false,"_monsterinsights_sitenote_active":false,"_monsterinsights_sitenote_note":"","_monsterinsights_sitenote_category":0,"footnotes":""},"categories":[25],"tags":[10,11],"class_list":["post-115","post","type-post","status-publish","format-standard","has-post-thumbnail","","category-hrvatska","tag-split","tag-ubojstvo"],"yoast_head":"<!-- This site is optimized with the Yoast SEO plugin v22.1 - https:\/\/yoast.com\/wordpress\/plugins\/seo\/ -->\n<title>Mladi\u0107 (22) ubijen u Splitu. Napala ga trojica bra\u0107e, jedan oti\u0161ao po no\u017e i izbo ga - odabrano<\/title>\n<meta name=\"robots\" content=\"index, follow, max-snippet:-1, max-image-preview:large, max-video-preview:-1\" \/>\n<link rel=\"canonical\" href=\"https:\/\/odabrano.com\/index.php\/2024\/02\/24\/mladic-22-ubijen-u-splitu-napala-ga-trojica-brace-jedan-otisao-po-noz-i-izbo-ga\/\" \/>\n<meta property=\"og:locale\" content=\"en_US\" \/>\n<meta property=\"og:type\" content=\"article\" \/>\n<meta property=\"og:title\" content=\"Mladi\u0107 (22) ubijen u Splitu. Napala ga trojica bra\u0107e, jedan oti\u0161ao po no\u017e i izbo ga - odabrano\" \/>\n<meta property=\"og:description\" content=\"22-GODI\u0160NJI mladi\u0107 preminuo je od posljedica ranjavanja no\u017eem u Splitu, priop\u0107ila je Policijska uprava splitsko-dalmatinska. Oko 55 minuta poslije pono\u0107i, u Ulici Domovinskog rata u Splitu do\u0161lo je do naguravanja vi\u0161e osoba, pri \u010demu je 22-godi\u0161njak uboden no\u017eem. Ozlije\u0111eni mladi\u0107 je hitno preba\u010den u splitsku bolnicu, ali je u 1:20 sati preminuo od zadobivenih ozljeda. &hellip;\" \/>\n<meta property=\"og:url\" content=\"https:\/\/odabrano.com\/index.php\/2024\/02\/24\/mladic-22-ubijen-u-splitu-napala-ga-trojica-brace-jedan-otisao-po-noz-i-izbo-ga\/\" \/>\n<meta property=\"og:site_name\" content=\"odabrano\" \/>\n<meta property=\"article:published_time\" content=\"2024-02-24T07:15:17+00:00\" \/>\n<meta property=\"article:modified_time\" content=\"2024-04-07T13:11:35+00:00\" \/>\n<meta property=\"og:image\" content=\"https:\/\/odabrano.com\/wp-content\/uploads\/2024\/02\/nozz.jpg\" \/>\n\t<meta property=\"og:image:width\" content=\"1920\" \/>\n\t<meta property=\"og:image:height\" content=\"1131\" \/>\n\t<meta property=\"og:image:type\" content=\"image\/jpeg\" \/>\n<meta name=\"author\" content=\"admin\" \/>\n<meta name=\"twitter:card\" content=\"summary_large_image\" \/>\n<meta name=\"twitter:label1\" content=\"Written by\" \/>\n\t<meta name=\"twitter:data1\" content=\"admin\" \/>\n\t<meta name=\"twitter:label2\" content=\"Est. reading time\" \/>\n\t<meta name=\"twitter:data2\" content=\"2 minutes\" \/>\n<script type=\"application\/ld+json\" class=\"yoast-schema-graph\">{\"@context\":\"https:\/\/schema.org\",\"@graph\":[{\"@type\":\"Article\",\"@id\":\"https:\/\/odabrano.com\/index.php\/2024\/02\/24\/mladic-22-ubijen-u-splitu-napala-ga-trojica-brace-jedan-otisao-po-noz-i-izbo-ga\/#article\",\"isPartOf\":{\"@id\":\"https:\/\/odabrano.com\/index.php\/2024\/02\/24\/mladic-22-ubijen-u-splitu-napala-ga-trojica-brace-jedan-otisao-po-noz-i-izbo-ga\/\"},\"author\":{\"name\":\"admin\",\"@id\":\"https:\/\/odabrano.com\/#\/schema\/person\/460f2b14657879743f23c4f6a7cd3236\"},\"headline\":\"Mladi\u0107 (22) ubijen u Splitu. Napala ga trojica bra\u0107e, jedan oti\u0161ao po no\u017e i izbo ga\",\"datePublished\":\"2024-02-24T07:15:17+00:00\",\"dateModified\":\"2024-04-07T13:11:35+00:00\",\"mainEntityOfPage\":{\"@id\":\"https:\/\/odabrano.com\/index.php\/2024\/02\/24\/mladic-22-ubijen-u-splitu-napala-ga-trojica-brace-jedan-otisao-po-noz-i-izbo-ga\/\"},\"wordCount\":281,\"publisher\":{\"@id\":\"https:\/\/odabrano.com\/#\/schema\/person\/460f2b14657879743f23c4f6a7cd3236\"},\"keywords\":[\"split\",\"ubojstvo\"],\"articleSection\":[\"Hrvatska\"],\"inLanguage\":\"en-US\"},{\"@type\":\"WebPage\",\"@id\":\"https:\/\/odabrano.com\/index.php\/2024\/02\/24\/mladic-22-ubijen-u-splitu-napala-ga-trojica-brace-jedan-otisao-po-noz-i-izbo-ga\/\",\"url\":\"https:\/\/odabrano.com\/index.php\/2024\/02\/24\/mladic-22-ubijen-u-splitu-napala-ga-trojica-brace-jedan-otisao-po-noz-i-izbo-ga\/\",\"name\":\"Mladi\u0107 (22) ubijen u Splitu. Napala ga trojica bra\u0107e, jedan oti\u0161ao po no\u017e i izbo ga - odabrano\",\"isPartOf\":{\"@id\":\"https:\/\/odabrano.com\/#website\"},\"datePublished\":\"2024-02-24T07:15:17+00:00\",\"dateModified\":\"2024-04-07T13:11:35+00:00\",\"breadcrumb\":{\"@id\":\"https:\/\/odabrano.com\/index.php\/2024\/02\/24\/mladic-22-ubijen-u-splitu-napala-ga-trojica-brace-jedan-otisao-po-noz-i-izbo-ga\/#breadcrumb\"},\"inLanguage\":\"en-US\",\"potentialAction\":[{\"@type\":\"ReadAction\",\"target\":[\"https:\/\/odabrano.com\/index.php\/2024\/02\/24\/mladic-22-ubijen-u-splitu-napala-ga-trojica-brace-jedan-otisao-po-noz-i-izbo-ga\/\"]}]},{\"@type\":\"BreadcrumbList\",\"@id\":\"https:\/\/odabrano.com\/index.php\/2024\/02\/24\/mladic-22-ubijen-u-splitu-napala-ga-trojica-brace-jedan-otisao-po-noz-i-izbo-ga\/#breadcrumb\",\"itemListElement\":[{\"@type\":\"ListItem\",\"position\":1,\"name\":\"Home\",\"item\":\"https:\/\/odabrano.com\/\"},{\"@type\":\"ListItem\",\"position\":2,\"name\":\"Mladi\u0107 (22) ubijen u Splitu. Napala ga trojica bra\u0107e, jedan oti\u0161ao po no\u017e i izbo ga\"}]},{\"@type\":\"WebSite\",\"@id\":\"https:\/\/odabrano.com\/#website\",\"url\":\"https:\/\/odabrano.com\/\",\"name\":\"odabrano\",\"description\":\"news portal koji nudi odabrane vijesti i informacije\",\"publisher\":{\"@id\":\"https:\/\/odabrano.com\/#\/schema\/person\/460f2b14657879743f23c4f6a7cd3236\"},\"alternateName\":\"vijesti i informacije iz Hrvatske i svijeta\",\"potentialAction\":[{\"@type\":\"SearchAction\",\"target\":{\"@type\":\"EntryPoint\",\"urlTemplate\":\"https:\/\/odabrano.com\/?s={search_term_string}\"},\"query-input\":\"required name=search_term_string\"}],\"inLanguage\":\"en-US\"},{\"@type\":[\"Person\",\"Organization\"],\"@id\":\"https:\/\/odabrano.com\/#\/schema\/person\/460f2b14657879743f23c4f6a7cd3236\",\"name\":\"admin\",\"image\":{\"@type\":\"ImageObject\",\"inLanguage\":\"en-US\",\"@id\":\"https:\/\/odabrano.com\/#\/schema\/person\/image\/\",\"url\":\"https:\/\/odabrano.com\/wp-content\/uploads\/2024\/04\/dolar.jpg\",\"contentUrl\":\"https:\/\/odabrano.com\/wp-content\/uploads\/2024\/04\/dolar.jpg\",\"width\":1216,\"height\":519,\"caption\":\"admin\"},\"logo\":{\"@id\":\"https:\/\/odabrano.com\/#\/schema\/person\/image\/\"},\"sameAs\":[\"http:\/\/odabrano.com\"],\"url\":\"https:\/\/odabrano.com\/index.php\/author\/sokolneno_u3xb387h\/\"}]}<\/script>\n<!-- \/ Yoast SEO plugin. -->","yoast_head_json":{"title":"Mladi\u0107 (22) ubijen u Splitu. Napala ga trojica bra\u0107e, jedan oti\u0161ao po no\u017e i izbo ga - odabrano","robots":{"index":"index","follow":"follow","max-snippet":"max-snippet:-1","max-image-preview":"max-image-preview:large","max-video-preview":"max-video-preview:-1"},"canonical":"https:\/\/odabrano.com\/index.php\/2024\/02\/24\/mladic-22-ubijen-u-splitu-napala-ga-trojica-brace-jedan-otisao-po-noz-i-izbo-ga\/","og_locale":"en_US","og_type":"article","og_title":"Mladi\u0107 (22) ubijen u Splitu. Napala ga trojica bra\u0107e, jedan oti\u0161ao po no\u017e i izbo ga - odabrano","og_description":"22-GODI\u0160NJI mladi\u0107 preminuo je od posljedica ranjavanja no\u017eem u Splitu, priop\u0107ila je Policijska uprava splitsko-dalmatinska. Oko 55 minuta poslije pono\u0107i, u Ulici Domovinskog rata u Splitu do\u0161lo je do naguravanja vi\u0161e osoba, pri \u010demu je 22-godi\u0161njak uboden no\u017eem. Ozlije\u0111eni mladi\u0107 je hitno preba\u010den u splitsku bolnicu, ali je u 1:20 sati preminuo od zadobivenih ozljeda. &hellip;","og_url":"https:\/\/odabrano.com\/index.php\/2024\/02\/24\/mladic-22-ubijen-u-splitu-napala-ga-trojica-brace-jedan-otisao-po-noz-i-izbo-ga\/","og_site_name":"odabrano","article_published_time":"2024-02-24T07:15:17+00:00","article_modified_time":"2024-04-07T13:11:35+00:00","og_image":[{"width":1920,"height":1131,"url":"https:\/\/odabrano.com\/wp-content\/uploads\/2024\/02\/nozz.jpg","type":"image\/jpeg"}],"author":"admin","twitter_card":"summary_large_image","twitter_misc":{"Written by":"admin","Est. reading time":"2 minutes"},"schema":{"@context":"https:\/\/schema.org","@graph":[{"@type":"Article","@id":"https:\/\/odabrano.com\/index.php\/2024\/02\/24\/mladic-22-ubijen-u-splitu-napala-ga-trojica-brace-jedan-otisao-po-noz-i-izbo-ga\/#article","isPartOf":{"@id":"https:\/\/odabrano.com\/index.php\/2024\/02\/24\/mladic-22-ubijen-u-splitu-napala-ga-trojica-brace-jedan-otisao-po-noz-i-izbo-ga\/"},"author":{"name":"admin","@id":"https:\/\/odabrano.com\/#\/schema\/person\/460f2b14657879743f23c4f6a7cd3236"},"headline":"Mladi\u0107 (22) ubijen u Splitu. Napala ga trojica bra\u0107e, jedan oti\u0161ao po no\u017e i izbo ga","datePublished":"2024-02-24T07:15:17+00:00","dateModified":"2024-04-07T13:11:35+00:00","mainEntityOfPage":{"@id":"https:\/\/odabrano.com\/index.php\/2024\/02\/24\/mladic-22-ubijen-u-splitu-napala-ga-trojica-brace-jedan-otisao-po-noz-i-izbo-ga\/"},"wordCount":281,"publisher":{"@id":"https:\/\/odabrano.com\/#\/schema\/person\/460f2b14657879743f23c4f6a7cd3236"},"keywords":["split","ubojstvo"],"articleSection":["Hrvatska"],"inLanguage":"en-US"},{"@type":"WebPage","@id":"https:\/\/odabrano.com\/index.php\/2024\/02\/24\/mladic-22-ubijen-u-splitu-napala-ga-trojica-brace-jedan-otisao-po-noz-i-izbo-ga\/","url":"https:\/\/odabrano.com\/index.php\/2024\/02\/24\/mladic-22-ubijen-u-splitu-napala-ga-trojica-brace-jedan-otisao-po-noz-i-izbo-ga\/","name":"Mladi\u0107 (22) ubijen u Splitu. Napala ga trojica bra\u0107e, jedan oti\u0161ao po no\u017e i izbo ga - odabrano","isPartOf":{"@id":"https:\/\/odabrano.com\/#website"},"datePublished":"2024-02-24T07:15:17+00:00","dateModified":"2024-04-07T13:11:35+00:00","breadcrumb":{"@id":"https:\/\/odabrano.com\/index.php\/2024\/02\/24\/mladic-22-ubijen-u-splitu-napala-ga-trojica-brace-jedan-otisao-po-noz-i-izbo-ga\/#breadcrumb"},"inLanguage":"en-US","potentialAction":[{"@type":"ReadAction","target":["https:\/\/odabrano.com\/index.php\/2024\/02\/24\/mladic-22-ubijen-u-splitu-napala-ga-trojica-brace-jedan-otisao-po-noz-i-izbo-ga\/"]}]},{"@type":"BreadcrumbList","@id":"https:\/\/odabrano.com\/index.php\/2024\/02\/24\/mladic-22-ubijen-u-splitu-napala-ga-trojica-brace-jedan-otisao-po-noz-i-izbo-ga\/#breadcrumb","itemListElement":[{"@type":"ListItem","position":1,"name":"Home","item":"https:\/\/odabrano.com\/"},{"@type":"ListItem","position":2,"name":"Mladi\u0107 (22) ubijen u Splitu. Napala ga trojica bra\u0107e, jedan oti\u0161ao po no\u017e i izbo ga"}]},{"@type":"WebSite","@id":"https:\/\/odabrano.com\/#website","url":"https:\/\/odabrano.com\/","name":"odabrano","description":"news portal koji nudi odabrane vijesti i informacije","publisher":{"@id":"https:\/\/odabrano.com\/#\/schema\/person\/460f2b14657879743f23c4f6a7cd3236"},"alternateName":"vijesti i informacije iz Hrvatske i svijeta","potentialAction":[{"@type":"SearchAction","target":{"@type":"EntryPoint","urlTemplate":"https:\/\/odabrano.com\/?s={search_term_string}"},"query-input":"required name=search_term_string"}],"inLanguage":"en-US"},{"@type":["Person","Organization"],"@id":"https:\/\/odabrano.com\/#\/schema\/person\/460f2b14657879743f23c4f6a7cd3236","name":"admin","image":{"@type":"ImageObject","inLanguage":"en-US","@id":"https:\/\/odabrano.com\/#\/schema\/person\/image\/","url":"https:\/\/odabrano.com\/wp-content\/uploads\/2024\/04\/dolar.jpg","contentUrl":"https:\/\/odabrano.com\/wp-content\/uploads\/2024\/04\/dolar.jpg","width":1216,"height":519,"caption":"admin"},"logo":{"@id":"https:\/\/odabrano.com\/#\/schema\/person\/image\/"},"sameAs":["http:\/\/odabrano.com"],"url":"https:\/\/odabrano.com\/index.php\/author\/sokolneno_u3xb387h\/"}]}},"_links":{"self":[{"href":"https:\/\/odabrano.com\/index.php\/wp-json\/wp\/v2\/posts\/115","targetHints":{"allow":["GET"]}}],"collection":[{"href":"https:\/\/odabrano.com\/index.php\/wp-json\/wp\/v2\/posts"}],"about":[{"href":"https:\/\/odabrano.com\/index.php\/wp-json\/wp\/v2\/types\/post"}],"author":[{"embeddable":true,"href":"https:\/\/odabrano.com\/index.php\/wp-json\/wp\/v2\/users\/1"}],"replies":[{"embeddable":true,"href":"https:\/\/odabrano.com\/index.php\/wp-json\/wp\/v2\/comments?post=115"}],"version-history":[{"count":1,"href":"https:\/\/odabrano.com\/index.php\/wp-json\/wp\/v2\/posts\/115\/revisions"}],"predecessor-version":[{"id":116,"href":"https:\/\/odabrano.com\/index.php\/wp-json\/wp\/v2\/posts\/115\/revisions\/116"}],"wp:featuredmedia":[{"embeddable":true,"href":"https:\/\/odabrano.com\/index.php\/wp-json\/wp\/v2\/media\/117"}],"wp:attachment":[{"href":"https:\/\/odabrano.com\/index.php\/wp-json\/wp\/v2\/media?parent=115"}],"wp:term":[{"taxonomy":"category","embeddable":true,"href":"https:\/\/odabrano.com\/index.php\/wp-json\/wp\/v2\/categories?post=115"},{"taxonomy":"post_tag","embeddable":true,"href":"https:\/\/odabrano.com\/index.php\/wp-json\/wp\/v2\/tags?post=115"}],"curies":[{"name":"wp","href":"https:\/\/api.w.org\/{rel}","templated":true}]}}