{"id":108,"date":"2024-02-23T16:44:59","date_gmt":"2024-02-23T16:44:59","guid":{"rendered":"http:\/\/odabrano.com\/?p=108"},"modified":"2024-04-07T13:16:25","modified_gmt":"2024-04-07T13:16:25","slug":"zestoka-pobuna-u-kastelima-pale-su-teske-rijeci-tunel-kroz-kozjak-ne-treba-splicanima-opet-ce-zapinjati-u-guzvama","status":"publish","type":"post","link":"https:\/\/odabrano.com\/index.php\/2024\/02\/23\/zestoka-pobuna-u-kastelima-pale-su-teske-rijeci-tunel-kroz-kozjak-ne-treba-splicanima-opet-ce-zapinjati-u-guzvama\/","title":{"rendered":"\u017destoka pobuna u Ka\u0161telima, pale su te\u0161ke rije\u010di: \u2018Tunel kroz Kozjak ne treba Spli\u0107anima, opet \u0107e zapinjati u gu\u017evama!\u2018"},"content":{"rendered":"\n<p>&#8220;\u010culi smo razli\u010dita mi\u0161ljenja, po\u0161tujmo sva\u010dije mi\u0161ljenje, ali borimo se protiv ovog zaga\u0111enja i davljenja. Svatko od nas pojedina\u010dno je du\u017ean djelovati protiv nepotrebnog zaga\u0111enja i protiv nepotrebnog \u2018davljenja\u2018 grada Ka\u0161tela.&#8221;<\/p>\n\n\n\n<p>Zaklju\u010dak je to javne tribine na temu projekta izgradnje tunela &#8220;Kozjak&#8221; i spojne ceste duge 4,3 kilometra koja bi vodila do spoja s Jadranskom magistralom u Kambelovcu, odr\u017eane u organizaciji Mjesnog odbora Ka\u0161tel Kambelovac.<\/p>\n\n\n\n<p>U zaklju\u010dku se jo\u0161 navodi:<\/p>\n\n\n\n<p>&#8220;Trebamo \u0161iriti informacije u svojim obiteljima i me\u0111u prijateljima jer je ogroman broj inertnih ljudi, ljudi koji nisu svjesni \u0161to se doga\u0111a. Sigurno \u0107emo se bolje osje\u0107at kad \u010dinimo ne\u0161to za na\u0161e bolje sutra.<\/p>\n\n\n\n<p>Daljnji koraci koje \u0107emo poduzeti bit \u0107e u okvirima zakona. Dogovorit \u0107emo sastanak s gradona\u010delnikom&nbsp;<strong>Denisom Ivanovi\u0107em<\/strong>&nbsp;(HDZ, op.a.) i s predstavnicima Hrvatskih cesta. Organizirat \u0107emo prosvjede ispred gradske uprave i \u017dupanije, blokirat \u0107emo ka\u0161telanske prometnice na odre\u0111eno vrijeme i samim time pokazat kako \u0107e sve to izgledati ako se promet spusti s autoceste na Magistralu.<\/p>\n\n\n\n<p>Radimo na potpisivanju peticije u svim Ka\u0161telima, a ona \u0107e biti protiv zaga\u0111enja, protiv prometnog kolapsa u Ka\u0161telima, protiv razaranja Kozjaka. Planiramo dovesti neovisne prometne stru\u010dnjake i nastaviti s tribinama gdje \u0107e nam neovisni&nbsp;prometni stru\u010dnjaci, a ne ovi podobni, objasniti \u0161tetnosti trenutnog projekta&#8221;.<br><br><\/p>\n\n\n\n<figure class=\"wp-block-image size-large\"><img loading=\"lazy\" decoding=\"async\" width=\"1024\" height=\"684\" src=\"http:\/\/odabrano.com\/wp-content\/uploads\/2024\/02\/cuto-u-kanbelovcu-1024x684.jpg\" alt=\"\" class=\"wp-image-112\" srcset=\"https:\/\/odabrano.com\/wp-content\/uploads\/2024\/02\/cuto-u-kanbelovcu-1024x684.jpg 1024w, https:\/\/odabrano.com\/wp-content\/uploads\/2024\/02\/cuto-u-kanbelovcu-300x200.jpg 300w, https:\/\/odabrano.com\/wp-content\/uploads\/2024\/02\/cuto-u-kanbelovcu-768x513.jpg 768w, https:\/\/odabrano.com\/wp-content\/uploads\/2024\/02\/cuto-u-kanbelovcu.jpg 1200w\" sizes=\"auto, (max-width: 1024px) 100vw, 1024px\" \/><\/figure>\n\n\n\n<p>Prostor u Bratskoj ku\u0107i na Brcu, sredi\u0161njem kambelovskom trgu, u kojoj su prema rije\u010dima&nbsp;<strong>Ante Garbatija<\/strong>, predsjednika Vije\u0107a Mjesnog odbora<strong>,&nbsp;<\/strong>nekad njihovi pradidovi raspravljali o va\u017enim pitanjima za Ka\u0161tela, bio je dupkom pun i premalen da primi sve zainteresirane pa su mnogi ostali ispred dvorane.<\/p>\n\n\n\n<p>Sude\u0107i po sudjelovanju u raspravi i odazivu, sporna spojna cesta nije problem samo vlasnika dvjestotinjak privatnih parcela preko kojih \u0107e prolaziti trasa prometnice i na taj ih na\u010din devastirati, nego svih Ka\u0161telana. Me\u0111u onima koji su im do\u0161li dati podr\u0161ku i iznijeti svoje stajali\u0161te bio je i&nbsp;<strong>Tomislav Tadin<\/strong>.<\/p>\n\n\n\n<p>&#8211; Kao stanovnik Kambelovca i Ka\u0161tela kao i svi normalni gra\u0111ani trebam biti zainteresiran, jer nam se u srce na\u0161ega grada dovodi nepotrebni tranzitni promet, na na\u0161e ceste koje su ve\u0107 debelo zagu\u0161ene. Ovo nema smisla ni za same Spli\u0107ane jer \u0107e na putu do autoceste zapeti u Ka\u0161telima \u2013 kazao je Tadin.<br><br><\/p>\n\n\n\n<figure class=\"wp-block-image size-large\"><img loading=\"lazy\" decoding=\"async\" width=\"1024\" height=\"684\" src=\"http:\/\/odabrano.com\/wp-content\/uploads\/2024\/02\/cuto-u-kanbel-1024x684.jpg\" alt=\"\" class=\"wp-image-113\" srcset=\"https:\/\/odabrano.com\/wp-content\/uploads\/2024\/02\/cuto-u-kanbel-1024x684.jpg 1024w, https:\/\/odabrano.com\/wp-content\/uploads\/2024\/02\/cuto-u-kanbel-300x200.jpg 300w, https:\/\/odabrano.com\/wp-content\/uploads\/2024\/02\/cuto-u-kanbel-768x513.jpg 768w, https:\/\/odabrano.com\/wp-content\/uploads\/2024\/02\/cuto-u-kanbel.jpg 1200w\" sizes=\"auto, (max-width: 1024px) 100vw, 1024px\" \/><\/figure>\n\n\n\n<p><strong>Teo Kapov<\/strong>&nbsp;je podsjetio da je ovo prva javna rasprava o problemu tunela i ceste u Ka\u0161telima i na razini \u017dupanije.<\/p>\n\n\n\n<p>&#8211; Grad je raspravu trebao organizirati puno ranije, \u0161to je, kao i \u017dupanija, du\u017ean u\u010diniti po zakonu. Busaju se u prsa da je sve po zakonu, a pali su na prvoj skalini, gurali su ispod stola ne\u0161to \u0161to nisu smjeli.<br><br><\/p>\n\n\n\n<p>Dosta me je svita zaustavilo i pitalo &#8220;o\u0107e li do\u0107i tko od glave\u0161ina ve\u010deras&#8221;? Ne trebaju nam. \u0160to misle o nama dokazali su nekidan na onoj klupi ispred. Do sad smo mi slu\u0161ali njih, a od danas \u0107e oni slu\u0161ati nas \u2013 poru\u010dio je Kapov.<\/p>\n\n\n\n<p><strong>Jure Tadin<\/strong>&nbsp;je za po\u010detak upozorio kako je u ovom projektu naprije trebalo izgraditi most preko Ka\u0161telanskog zaljeva, onda tunel i spojnu cestu, jer bi se samo tako izbjegle prometne gu\u017eve, ali oni rade kako \u017eele.<\/p>\n\n\n\n<p>Tko su oni, dodao je, ne smije im re\u0107i imena, jer je predsjednik Vije\u0107a Mjesnog odbora rekao da se ne smiju spominjati, ali se Tadin dosjetio funkcije.<br><br><\/p>\n\n\n\n<p>&#8211; Dana\u0161nji \u017eupan i biv\u0161i \u017eupan, to je njihovo maslo. Onaj veliki ministar&nbsp;<strong>Butkovi\u0107<\/strong>&nbsp;(HDZ, op.a.) on ne\u0107e dozvoliti da mu pro\u0111e autocesta Rijeka \u2013 \u017duta Lokva preko njegova Novog Vinodolskog, nego ide iza grada, \u0161to je logi\u010dno, a nama spu\u0161ta dolje cijeli promet \u2013 kazao je Tadin \u010diji je nastup popra\u0107en pljeskom.<\/p>\n\n\n\n<p><strong>Jasenka Peri\u0161in<\/strong>, ina\u010de turisti\u010dki vodi\u0107, podsjetila je prisutne na bogatu povijest i va\u017enu ulogu Ka\u0161tela isti\u010du\u0107i, me\u0111u ostalim, da su po\u010deci hrvatske srednjovjekovne dr\u017eave upravo tu zbog \u010dega se Ka\u0161telanski zaljev i padine Kozjaka zovu kolijevka hrvatske dr\u017eavnosti.<\/p>\n\n\n\n<p>S va\u017enosti ovog podru\u010dja, kazala je, upoznaje brojne turiste kroz izlete i obilaske povijesnih znamenitosti.<br><br><\/p>\n\n\n\n<p>&#8211; Ne\u0107u ulaziti u elaborate, nisam stru\u010dnjakinja, ali \u010dinjenica je da jedini dio Kozjaka koji je ostao \u010dist, netaknut i sada ga treba uni\u0161titi. Ja se ina\u010de bavim vinarstvom, i nisam jedini, za\u0161to je sramota re\u0107i da si napredan ako \u017eeli\u0161 orati i kopati.<\/p>\n\n\n\n<p>Ja \u017eelim \u017eivjeti od svoga rada. Koliko \u0107e oni meni dat za taj vinograd? Meni je on moja banka &#8211; kazao je&nbsp;<strong>Ivan Kova\u010d Matela<\/strong>, prekidan u svom govoru burnim odobravanjem.<\/p>\n\n\n\n<p>Vi\u0161e od sat vremena smjenjivali su se govornici, uglavnom se pridr\u017eavaju\u0107i u startu dogovorenih pravila organizatora: svatko smije govoriti dvije minute, a istupati ne smiju politi\u010dki aktivne osobe, gradski vije\u0107nici i ostali jer imaju dovoljno medijskog prostora za iskazivanje svojih stajali\u0161ta. Naravno, podrazumijevalo se da nisu dopu\u0161tene uvrede.<\/p>\n\n\n\n<p>Sudionici su se uglavnom pridr\u017eavali pravila. Iznimka je bilo pismo&nbsp;<strong>Josipa<\/strong>&nbsp;<strong>Bedalova<\/strong>, krajobraznog arhitekta koji \u017eivi u Zagrebu, koje je uputio nazo\u010dnima, a pro\u010ditao ga je njegov ne\u0107ak&nbsp;<strong>Anton Jujnovi\u0107<\/strong>.<\/p>\n\n\n\n<p>Bedalov u pismu upozorava da i sami Ka\u0161telani nisu dovoljno vodili ra\u010duna o padinama Kozjaka, jer su dopustili da dobrim dijelom budu zapu\u0161tene, ali i nagla\u0161ava da gra\u0111ani imaju svako pravo buniti se protiv spojne ceste.<br><br><\/p>\n\n\n\n<p>&#8220;Palo&#8221; je i drugo pravilo kad je&nbsp;<strong>Josipu Berketu<\/strong>&nbsp;(nezavisni), biv\u0161em gradona\u010delniku, a sada lokalnom vije\u0107niku dopu\u0161teno da govori, a onda su priliku da se obrate nazo\u010dnima dobile i gradska i \u017eupanijska vije\u0107nica&nbsp;<strong>Milija Baldi\u0107 Luk\u0161i\u0107<\/strong>&nbsp;(Most) te predsjednica ka\u0161telanskog SDP-a&nbsp;<strong>Ivana Peri\u0161in<\/strong>.<\/p>\n\n\n\n<p>U svakom slu\u010daju sam doga\u0111aj protekao je u atmosferi zalaganja za zajedni\u010dki interes svih sedam Ka\u0161tela i slanja poruke nadle\u017enima da, kako su naveli, ne\u0107e dopustiti da projekt tunela i ceste bude &#8220;kukavi\u010dje jaje&#8221; oko kojega \u0107e se Ka\u0161telani me\u0111usobno sporiti i optu\u017eivati. A ne\u0107e, \u010dulo se, ni odustati od poku\u0161aja da se, ako treba, pomakne i trasa tunela, jer svakako &#8220;gore&#8221; nisu ni\u0161ta napravili ni po\u010deli s bu\u0161enjem.<\/p>\n","protected":false},"excerpt":{"rendered":"<p>&#8220;\u010culi smo razli\u010dita mi\u0161ljenja, po\u0161tujmo sva\u010dije mi\u0161ljenje, ali borimo se protiv ovog zaga\u0111enja i davljenja. Svatko od nas pojedina\u010dno je du\u017ean djelovati protiv nepotrebnog zaga\u0111enja i protiv nepotrebnog \u2018davljenja\u2018 grada Ka\u0161tela.&#8221; Zaklju\u010dak je to javne tribine na temu projekta izgradnje tunela &#8220;Kozjak&#8221; i spojne ceste duge 4,3 kilometra koja bi vodila do spoja s Jadranskom &hellip;<\/p>\n","protected":false},"author":1,"featured_media":109,"comment_status":"closed","ping_status":"open","sticky":false,"template":"","format":"standard","meta":{"_monsterinsights_skip_tracking":false,"_monsterinsights_sitenote_active":false,"_monsterinsights_sitenote_note":"","_monsterinsights_sitenote_category":0,"footnotes":""},"categories":[25],"tags":[],"class_list":["post-108","post","type-post","status-publish","format-standard","has-post-thumbnail","","category-hrvatska"],"yoast_head":"<!-- This site is optimized with the Yoast SEO plugin v22.1 - https:\/\/yoast.com\/wordpress\/plugins\/seo\/ -->\n<title>\u017destoka pobuna u Ka\u0161telima, pale su te\u0161ke rije\u010di: \u2018Tunel kroz Kozjak ne treba Spli\u0107anima, opet \u0107e zapinjati u gu\u017evama!\u2018 - odabrano<\/title>\n<meta name=\"robots\" content=\"index, follow, max-snippet:-1, max-image-preview:large, max-video-preview:-1\" \/>\n<link rel=\"canonical\" href=\"https:\/\/odabrano.com\/index.php\/2024\/02\/23\/zestoka-pobuna-u-kastelima-pale-su-teske-rijeci-tunel-kroz-kozjak-ne-treba-splicanima-opet-ce-zapinjati-u-guzvama\/\" \/>\n<meta property=\"og:locale\" content=\"en_US\" \/>\n<meta property=\"og:type\" content=\"article\" \/>\n<meta property=\"og:title\" content=\"\u017destoka pobuna u Ka\u0161telima, pale su te\u0161ke rije\u010di: \u2018Tunel kroz Kozjak ne treba Spli\u0107anima, opet \u0107e zapinjati u gu\u017evama!\u2018 - odabrano\" \/>\n<meta property=\"og:description\" content=\"&#8220;\u010culi smo razli\u010dita mi\u0161ljenja, po\u0161tujmo sva\u010dije mi\u0161ljenje, ali borimo se protiv ovog zaga\u0111enja i davljenja. Svatko od nas pojedina\u010dno je du\u017ean djelovati protiv nepotrebnog zaga\u0111enja i protiv nepotrebnog \u2018davljenja\u2018 grada Ka\u0161tela.&#8221; Zaklju\u010dak je to javne tribine na temu projekta izgradnje tunela &#8220;Kozjak&#8221; i spojne ceste duge 4,3 kilometra koja bi vodila do spoja s Jadranskom &hellip;\" \/>\n<meta property=\"og:url\" content=\"https:\/\/odabrano.com\/index.php\/2024\/02\/23\/zestoka-pobuna-u-kastelima-pale-su-teske-rijeci-tunel-kroz-kozjak-ne-treba-splicanima-opet-ce-zapinjati-u-guzvama\/\" \/>\n<meta property=\"og:site_name\" content=\"odabrano\" \/>\n<meta property=\"article:published_time\" content=\"2024-02-23T16:44:59+00:00\" \/>\n<meta property=\"article:modified_time\" content=\"2024-04-07T13:16:25+00:00\" \/>\n<meta property=\"og:image\" content=\"https:\/\/odabrano.com\/wp-content\/uploads\/2024\/02\/kastela.jpg\" \/>\n\t<meta property=\"og:image:width\" content=\"1024\" \/>\n\t<meta property=\"og:image:height\" content=\"682\" \/>\n\t<meta property=\"og:image:type\" content=\"image\/jpeg\" \/>\n<meta name=\"author\" content=\"admin\" \/>\n<meta name=\"twitter:card\" content=\"summary_large_image\" \/>\n<meta name=\"twitter:label1\" content=\"Written by\" \/>\n\t<meta name=\"twitter:data1\" content=\"admin\" \/>\n\t<meta name=\"twitter:label2\" content=\"Est. reading time\" \/>\n\t<meta name=\"twitter:data2\" content=\"5 minutes\" \/>\n<script type=\"application\/ld+json\" class=\"yoast-schema-graph\">{\"@context\":\"https:\/\/schema.org\",\"@graph\":[{\"@type\":\"Article\",\"@id\":\"https:\/\/odabrano.com\/index.php\/2024\/02\/23\/zestoka-pobuna-u-kastelima-pale-su-teske-rijeci-tunel-kroz-kozjak-ne-treba-splicanima-opet-ce-zapinjati-u-guzvama\/#article\",\"isPartOf\":{\"@id\":\"https:\/\/odabrano.com\/index.php\/2024\/02\/23\/zestoka-pobuna-u-kastelima-pale-su-teske-rijeci-tunel-kroz-kozjak-ne-treba-splicanima-opet-ce-zapinjati-u-guzvama\/\"},\"author\":{\"name\":\"admin\",\"@id\":\"https:\/\/odabrano.com\/#\/schema\/person\/460f2b14657879743f23c4f6a7cd3236\"},\"headline\":\"\u017destoka pobuna u Ka\u0161telima, pale su te\u0161ke rije\u010di: \u2018Tunel kroz Kozjak ne treba Spli\u0107anima, opet \u0107e zapinjati u gu\u017evama!\u2018\",\"datePublished\":\"2024-02-23T16:44:59+00:00\",\"dateModified\":\"2024-04-07T13:16:25+00:00\",\"mainEntityOfPage\":{\"@id\":\"https:\/\/odabrano.com\/index.php\/2024\/02\/23\/zestoka-pobuna-u-kastelima-pale-su-teske-rijeci-tunel-kroz-kozjak-ne-treba-splicanima-opet-ce-zapinjati-u-guzvama\/\"},\"wordCount\":1098,\"publisher\":{\"@id\":\"https:\/\/odabrano.com\/#\/schema\/person\/460f2b14657879743f23c4f6a7cd3236\"},\"articleSection\":[\"Hrvatska\"],\"inLanguage\":\"en-US\"},{\"@type\":\"WebPage\",\"@id\":\"https:\/\/odabrano.com\/index.php\/2024\/02\/23\/zestoka-pobuna-u-kastelima-pale-su-teske-rijeci-tunel-kroz-kozjak-ne-treba-splicanima-opet-ce-zapinjati-u-guzvama\/\",\"url\":\"https:\/\/odabrano.com\/index.php\/2024\/02\/23\/zestoka-pobuna-u-kastelima-pale-su-teske-rijeci-tunel-kroz-kozjak-ne-treba-splicanima-opet-ce-zapinjati-u-guzvama\/\",\"name\":\"\u017destoka pobuna u Ka\u0161telima, pale su te\u0161ke rije\u010di: \u2018Tunel kroz Kozjak ne treba Spli\u0107anima, opet \u0107e zapinjati u gu\u017evama!\u2018 - odabrano\",\"isPartOf\":{\"@id\":\"https:\/\/odabrano.com\/#website\"},\"datePublished\":\"2024-02-23T16:44:59+00:00\",\"dateModified\":\"2024-04-07T13:16:25+00:00\",\"breadcrumb\":{\"@id\":\"https:\/\/odabrano.com\/index.php\/2024\/02\/23\/zestoka-pobuna-u-kastelima-pale-su-teske-rijeci-tunel-kroz-kozjak-ne-treba-splicanima-opet-ce-zapinjati-u-guzvama\/#breadcrumb\"},\"inLanguage\":\"en-US\",\"potentialAction\":[{\"@type\":\"ReadAction\",\"target\":[\"https:\/\/odabrano.com\/index.php\/2024\/02\/23\/zestoka-pobuna-u-kastelima-pale-su-teske-rijeci-tunel-kroz-kozjak-ne-treba-splicanima-opet-ce-zapinjati-u-guzvama\/\"]}]},{\"@type\":\"BreadcrumbList\",\"@id\":\"https:\/\/odabrano.com\/index.php\/2024\/02\/23\/zestoka-pobuna-u-kastelima-pale-su-teske-rijeci-tunel-kroz-kozjak-ne-treba-splicanima-opet-ce-zapinjati-u-guzvama\/#breadcrumb\",\"itemListElement\":[{\"@type\":\"ListItem\",\"position\":1,\"name\":\"Home\",\"item\":\"https:\/\/odabrano.com\/\"},{\"@type\":\"ListItem\",\"position\":2,\"name\":\"\u017destoka pobuna u Ka\u0161telima, pale su te\u0161ke rije\u010di: \u2018Tunel kroz Kozjak ne treba Spli\u0107anima, opet \u0107e zapinjati u gu\u017evama!\u2018\"}]},{\"@type\":\"WebSite\",\"@id\":\"https:\/\/odabrano.com\/#website\",\"url\":\"https:\/\/odabrano.com\/\",\"name\":\"odabrano\",\"description\":\"news portal koji nudi odabrane vijesti i informacije\",\"publisher\":{\"@id\":\"https:\/\/odabrano.com\/#\/schema\/person\/460f2b14657879743f23c4f6a7cd3236\"},\"alternateName\":\"vijesti i informacije iz Hrvatske i svijeta\",\"potentialAction\":[{\"@type\":\"SearchAction\",\"target\":{\"@type\":\"EntryPoint\",\"urlTemplate\":\"https:\/\/odabrano.com\/?s={search_term_string}\"},\"query-input\":\"required name=search_term_string\"}],\"inLanguage\":\"en-US\"},{\"@type\":[\"Person\",\"Organization\"],\"@id\":\"https:\/\/odabrano.com\/#\/schema\/person\/460f2b14657879743f23c4f6a7cd3236\",\"name\":\"admin\",\"image\":{\"@type\":\"ImageObject\",\"inLanguage\":\"en-US\",\"@id\":\"https:\/\/odabrano.com\/#\/schema\/person\/image\/\",\"url\":\"https:\/\/odabrano.com\/wp-content\/uploads\/2024\/04\/dolar.jpg\",\"contentUrl\":\"https:\/\/odabrano.com\/wp-content\/uploads\/2024\/04\/dolar.jpg\",\"width\":1216,\"height\":519,\"caption\":\"admin\"},\"logo\":{\"@id\":\"https:\/\/odabrano.com\/#\/schema\/person\/image\/\"},\"sameAs\":[\"http:\/\/odabrano.com\"],\"url\":\"https:\/\/odabrano.com\/index.php\/author\/sokolneno_u3xb387h\/\"}]}<\/script>\n<!-- \/ Yoast SEO plugin. -->","yoast_head_json":{"title":"\u017destoka pobuna u Ka\u0161telima, pale su te\u0161ke rije\u010di: \u2018Tunel kroz Kozjak ne treba Spli\u0107anima, opet \u0107e zapinjati u gu\u017evama!\u2018 - odabrano","robots":{"index":"index","follow":"follow","max-snippet":"max-snippet:-1","max-image-preview":"max-image-preview:large","max-video-preview":"max-video-preview:-1"},"canonical":"https:\/\/odabrano.com\/index.php\/2024\/02\/23\/zestoka-pobuna-u-kastelima-pale-su-teske-rijeci-tunel-kroz-kozjak-ne-treba-splicanima-opet-ce-zapinjati-u-guzvama\/","og_locale":"en_US","og_type":"article","og_title":"\u017destoka pobuna u Ka\u0161telima, pale su te\u0161ke rije\u010di: \u2018Tunel kroz Kozjak ne treba Spli\u0107anima, opet \u0107e zapinjati u gu\u017evama!\u2018 - odabrano","og_description":"&#8220;\u010culi smo razli\u010dita mi\u0161ljenja, po\u0161tujmo sva\u010dije mi\u0161ljenje, ali borimo se protiv ovog zaga\u0111enja i davljenja. Svatko od nas pojedina\u010dno je du\u017ean djelovati protiv nepotrebnog zaga\u0111enja i protiv nepotrebnog \u2018davljenja\u2018 grada Ka\u0161tela.&#8221; Zaklju\u010dak je to javne tribine na temu projekta izgradnje tunela &#8220;Kozjak&#8221; i spojne ceste duge 4,3 kilometra koja bi vodila do spoja s Jadranskom &hellip;","og_url":"https:\/\/odabrano.com\/index.php\/2024\/02\/23\/zestoka-pobuna-u-kastelima-pale-su-teske-rijeci-tunel-kroz-kozjak-ne-treba-splicanima-opet-ce-zapinjati-u-guzvama\/","og_site_name":"odabrano","article_published_time":"2024-02-23T16:44:59+00:00","article_modified_time":"2024-04-07T13:16:25+00:00","og_image":[{"width":1024,"height":682,"url":"https:\/\/odabrano.com\/wp-content\/uploads\/2024\/02\/kastela.jpg","type":"image\/jpeg"}],"author":"admin","twitter_card":"summary_large_image","twitter_misc":{"Written by":"admin","Est. reading time":"5 minutes"},"schema":{"@context":"https:\/\/schema.org","@graph":[{"@type":"Article","@id":"https:\/\/odabrano.com\/index.php\/2024\/02\/23\/zestoka-pobuna-u-kastelima-pale-su-teske-rijeci-tunel-kroz-kozjak-ne-treba-splicanima-opet-ce-zapinjati-u-guzvama\/#article","isPartOf":{"@id":"https:\/\/odabrano.com\/index.php\/2024\/02\/23\/zestoka-pobuna-u-kastelima-pale-su-teske-rijeci-tunel-kroz-kozjak-ne-treba-splicanima-opet-ce-zapinjati-u-guzvama\/"},"author":{"name":"admin","@id":"https:\/\/odabrano.com\/#\/schema\/person\/460f2b14657879743f23c4f6a7cd3236"},"headline":"\u017destoka pobuna u Ka\u0161telima, pale su te\u0161ke rije\u010di: \u2018Tunel kroz Kozjak ne treba Spli\u0107anima, opet \u0107e zapinjati u gu\u017evama!\u2018","datePublished":"2024-02-23T16:44:59+00:00","dateModified":"2024-04-07T13:16:25+00:00","mainEntityOfPage":{"@id":"https:\/\/odabrano.com\/index.php\/2024\/02\/23\/zestoka-pobuna-u-kastelima-pale-su-teske-rijeci-tunel-kroz-kozjak-ne-treba-splicanima-opet-ce-zapinjati-u-guzvama\/"},"wordCount":1098,"publisher":{"@id":"https:\/\/odabrano.com\/#\/schema\/person\/460f2b14657879743f23c4f6a7cd3236"},"articleSection":["Hrvatska"],"inLanguage":"en-US"},{"@type":"WebPage","@id":"https:\/\/odabrano.com\/index.php\/2024\/02\/23\/zestoka-pobuna-u-kastelima-pale-su-teske-rijeci-tunel-kroz-kozjak-ne-treba-splicanima-opet-ce-zapinjati-u-guzvama\/","url":"https:\/\/odabrano.com\/index.php\/2024\/02\/23\/zestoka-pobuna-u-kastelima-pale-su-teske-rijeci-tunel-kroz-kozjak-ne-treba-splicanima-opet-ce-zapinjati-u-guzvama\/","name":"\u017destoka pobuna u Ka\u0161telima, pale su te\u0161ke rije\u010di: \u2018Tunel kroz Kozjak ne treba Spli\u0107anima, opet \u0107e zapinjati u gu\u017evama!\u2018 - odabrano","isPartOf":{"@id":"https:\/\/odabrano.com\/#website"},"datePublished":"2024-02-23T16:44:59+00:00","dateModified":"2024-04-07T13:16:25+00:00","breadcrumb":{"@id":"https:\/\/odabrano.com\/index.php\/2024\/02\/23\/zestoka-pobuna-u-kastelima-pale-su-teske-rijeci-tunel-kroz-kozjak-ne-treba-splicanima-opet-ce-zapinjati-u-guzvama\/#breadcrumb"},"inLanguage":"en-US","potentialAction":[{"@type":"ReadAction","target":["https:\/\/odabrano.com\/index.php\/2024\/02\/23\/zestoka-pobuna-u-kastelima-pale-su-teske-rijeci-tunel-kroz-kozjak-ne-treba-splicanima-opet-ce-zapinjati-u-guzvama\/"]}]},{"@type":"BreadcrumbList","@id":"https:\/\/odabrano.com\/index.php\/2024\/02\/23\/zestoka-pobuna-u-kastelima-pale-su-teske-rijeci-tunel-kroz-kozjak-ne-treba-splicanima-opet-ce-zapinjati-u-guzvama\/#breadcrumb","itemListElement":[{"@type":"ListItem","position":1,"name":"Home","item":"https:\/\/odabrano.com\/"},{"@type":"ListItem","position":2,"name":"\u017destoka pobuna u Ka\u0161telima, pale su te\u0161ke rije\u010di: \u2018Tunel kroz Kozjak ne treba Spli\u0107anima, opet \u0107e zapinjati u gu\u017evama!\u2018"}]},{"@type":"WebSite","@id":"https:\/\/odabrano.com\/#website","url":"https:\/\/odabrano.com\/","name":"odabrano","description":"news portal koji nudi odabrane vijesti i informacije","publisher":{"@id":"https:\/\/odabrano.com\/#\/schema\/person\/460f2b14657879743f23c4f6a7cd3236"},"alternateName":"vijesti i informacije iz Hrvatske i svijeta","potentialAction":[{"@type":"SearchAction","target":{"@type":"EntryPoint","urlTemplate":"https:\/\/odabrano.com\/?s={search_term_string}"},"query-input":"required name=search_term_string"}],"inLanguage":"en-US"},{"@type":["Person","Organization"],"@id":"https:\/\/odabrano.com\/#\/schema\/person\/460f2b14657879743f23c4f6a7cd3236","name":"admin","image":{"@type":"ImageObject","inLanguage":"en-US","@id":"https:\/\/odabrano.com\/#\/schema\/person\/image\/","url":"https:\/\/odabrano.com\/wp-content\/uploads\/2024\/04\/dolar.jpg","contentUrl":"https:\/\/odabrano.com\/wp-content\/uploads\/2024\/04\/dolar.jpg","width":1216,"height":519,"caption":"admin"},"logo":{"@id":"https:\/\/odabrano.com\/#\/schema\/person\/image\/"},"sameAs":["http:\/\/odabrano.com"],"url":"https:\/\/odabrano.com\/index.php\/author\/sokolneno_u3xb387h\/"}]}},"_links":{"self":[{"href":"https:\/\/odabrano.com\/index.php\/wp-json\/wp\/v2\/posts\/108","targetHints":{"allow":["GET"]}}],"collection":[{"href":"https:\/\/odabrano.com\/index.php\/wp-json\/wp\/v2\/posts"}],"about":[{"href":"https:\/\/odabrano.com\/index.php\/wp-json\/wp\/v2\/types\/post"}],"author":[{"embeddable":true,"href":"https:\/\/odabrano.com\/index.php\/wp-json\/wp\/v2\/users\/1"}],"replies":[{"embeddable":true,"href":"https:\/\/odabrano.com\/index.php\/wp-json\/wp\/v2\/comments?post=108"}],"version-history":[{"count":2,"href":"https:\/\/odabrano.com\/index.php\/wp-json\/wp\/v2\/posts\/108\/revisions"}],"predecessor-version":[{"id":114,"href":"https:\/\/odabrano.com\/index.php\/wp-json\/wp\/v2\/posts\/108\/revisions\/114"}],"wp:featuredmedia":[{"embeddable":true,"href":"https:\/\/odabrano.com\/index.php\/wp-json\/wp\/v2\/media\/109"}],"wp:attachment":[{"href":"https:\/\/odabrano.com\/index.php\/wp-json\/wp\/v2\/media?parent=108"}],"wp:term":[{"taxonomy":"category","embeddable":true,"href":"https:\/\/odabrano.com\/index.php\/wp-json\/wp\/v2\/categories?post=108"},{"taxonomy":"post_tag","embeddable":true,"href":"https:\/\/odabrano.com\/index.php\/wp-json\/wp\/v2\/tags?post=108"}],"curies":[{"name":"wp","href":"https:\/\/api.w.org\/{rel}","templated":true}]}}