{"id":1003,"date":"2024-04-08T13:26:32","date_gmt":"2024-04-08T13:26:32","guid":{"rendered":"http:\/\/odabrano.com\/?p=1003"},"modified":"2024-04-08T17:20:02","modified_gmt":"2024-04-08T17:20:02","slug":"vucic-najavljuje-leteci-taxi-u-beogradu","status":"publish","type":"post","link":"https:\/\/odabrano.com\/index.php\/2024\/04\/08\/vucic-najavljuje-leteci-taxi-u-beogradu\/","title":{"rendered":"Vu\u010di\u0107 najavljuje lete\u0107i taxi u Beogradu"},"content":{"rendered":"<p>Jo\u0161 2018. godine je Vu\u010di\u0107, prilikom posete Kini, pri\u010dao o prototipu lete\u0107ih automobila u toj zemlji i molio predsednika Si \u0110i Pinga da se i Srbija na neki na\u010din uklju\u010di u to.<\/p>\n<p>Me\u0111utim, iz predsednikovih govora, ostaje nedore\u010deno da li pod &#8220;lete\u0107im&#8221; automobilima misli na automobile koji zaista lete ili na klasi\u010dne automobile, ali kojima nije potrebna ljudska kontrola.<\/p>\n<blockquote class=\"twitter-tweet\" data-media-max-width=\"560\">\n<p lang=\"und\" dir=\"ltr\">Lete\u0107i taksi i raspad Beograda <a href=\"https:\/\/t.co\/EEYFtGIuvS\">pic.twitter.com\/EEYFtGIuvS<\/a><\/p>\n<p>&mdash; BABE-BAhati BEogra\u0111ani (@BaOgra) <a href=\"https:\/\/twitter.com\/BaOgra\/status\/1776706626210209841?ref_src=twsrc%5Etfw\">April 6, 2024<\/a><\/p><\/blockquote>\n<p> <script async src=\"https:\/\/platform.twitter.com\/widgets.js\" charset=\"utf-8\"><\/script><\/p>\n","protected":false},"excerpt":{"rendered":"<p>Jo\u0161 2018. godine je Vu\u010di\u0107, prilikom posete Kini, pri\u010dao o prototipu lete\u0107ih automobila u toj zemlji i molio predsednika Si \u0110i Pinga da se i Srbija na neki na\u010din uklju\u010di u to. Me\u0111utim, iz predsednikovih govora, ostaje nedore\u010deno da li pod &#8220;lete\u0107im&#8221; automobilima misli na automobile koji zaista lete ili na klasi\u010dne automobile, ali kojima &hellip;<\/p>\n","protected":false},"author":1,"featured_media":1006,"comment_status":"closed","ping_status":"open","sticky":false,"template":"","format":"standard","meta":{"_monsterinsights_skip_tracking":false,"_monsterinsights_sitenote_active":false,"_monsterinsights_sitenote_note":"","_monsterinsights_sitenote_category":0,"footnotes":""},"categories":[6],"tags":[284,178],"class_list":["post-1003","post","type-post","status-publish","format-standard","has-post-thumbnail","","category-istok","tag-leteci-taxi","tag-vucic"],"yoast_head":"<!-- This site is optimized with the Yoast SEO plugin v22.1 - https:\/\/yoast.com\/wordpress\/plugins\/seo\/ -->\n<title>Vu\u010di\u0107 najavljuje lete\u0107i taxi u Beogradu - odabrano<\/title>\n<meta name=\"robots\" content=\"index, follow, max-snippet:-1, max-image-preview:large, max-video-preview:-1\" \/>\n<link rel=\"canonical\" href=\"https:\/\/odabrano.com\/index.php\/2024\/04\/08\/vucic-najavljuje-leteci-taxi-u-beogradu\/\" \/>\n<meta property=\"og:locale\" content=\"en_US\" \/>\n<meta property=\"og:type\" content=\"article\" \/>\n<meta property=\"og:title\" content=\"Vu\u010di\u0107 najavljuje lete\u0107i taxi u Beogradu - odabrano\" \/>\n<meta property=\"og:description\" content=\"Jo\u0161 2018. godine je Vu\u010di\u0107, prilikom posete Kini, pri\u010dao o prototipu lete\u0107ih automobila u toj zemlji i molio predsednika Si \u0110i Pinga da se i Srbija na neki na\u010din uklju\u010di u to. Me\u0111utim, iz predsednikovih govora, ostaje nedore\u010deno da li pod &#8220;lete\u0107im&#8221; automobilima misli na automobile koji zaista lete ili na klasi\u010dne automobile, ali kojima &hellip;\" \/>\n<meta property=\"og:url\" content=\"https:\/\/odabrano.com\/index.php\/2024\/04\/08\/vucic-najavljuje-leteci-taxi-u-beogradu\/\" \/>\n<meta property=\"og:site_name\" content=\"odabrano\" \/>\n<meta property=\"article:published_time\" content=\"2024-04-08T13:26:32+00:00\" \/>\n<meta property=\"article:modified_time\" content=\"2024-04-08T17:20:02+00:00\" \/>\n<meta property=\"og:image\" content=\"https:\/\/odabrano.com\/wp-content\/uploads\/2024\/04\/vucic.jpg\" \/>\n\t<meta property=\"og:image:width\" content=\"462\" \/>\n\t<meta property=\"og:image:height\" content=\"250\" \/>\n\t<meta property=\"og:image:type\" content=\"image\/jpeg\" \/>\n<meta name=\"author\" content=\"admin\" \/>\n<meta name=\"twitter:card\" content=\"summary_large_image\" \/>\n<meta name=\"twitter:label1\" content=\"Written by\" \/>\n\t<meta name=\"twitter:data1\" content=\"admin\" \/>\n\t<meta name=\"twitter:label2\" content=\"Est. reading time\" \/>\n\t<meta name=\"twitter:data2\" content=\"1 minute\" \/>\n<script type=\"application\/ld+json\" class=\"yoast-schema-graph\">{\"@context\":\"https:\/\/schema.org\",\"@graph\":[{\"@type\":\"Article\",\"@id\":\"https:\/\/odabrano.com\/index.php\/2024\/04\/08\/vucic-najavljuje-leteci-taxi-u-beogradu\/#article\",\"isPartOf\":{\"@id\":\"https:\/\/odabrano.com\/index.php\/2024\/04\/08\/vucic-najavljuje-leteci-taxi-u-beogradu\/\"},\"author\":{\"name\":\"admin\",\"@id\":\"https:\/\/odabrano.com\/#\/schema\/person\/460f2b14657879743f23c4f6a7cd3236\"},\"headline\":\"Vu\u010di\u0107 najavljuje lete\u0107i taxi u Beogradu\",\"datePublished\":\"2024-04-08T13:26:32+00:00\",\"dateModified\":\"2024-04-08T17:20:02+00:00\",\"mainEntityOfPage\":{\"@id\":\"https:\/\/odabrano.com\/index.php\/2024\/04\/08\/vucic-najavljuje-leteci-taxi-u-beogradu\/\"},\"wordCount\":91,\"publisher\":{\"@id\":\"https:\/\/odabrano.com\/#\/schema\/person\/460f2b14657879743f23c4f6a7cd3236\"},\"keywords\":[\"lete\u0107i taxi\",\"vu\u010di\u0107\"],\"articleSection\":[\"Istok\"],\"inLanguage\":\"en-US\"},{\"@type\":\"WebPage\",\"@id\":\"https:\/\/odabrano.com\/index.php\/2024\/04\/08\/vucic-najavljuje-leteci-taxi-u-beogradu\/\",\"url\":\"https:\/\/odabrano.com\/index.php\/2024\/04\/08\/vucic-najavljuje-leteci-taxi-u-beogradu\/\",\"name\":\"Vu\u010di\u0107 najavljuje lete\u0107i taxi u Beogradu - odabrano\",\"isPartOf\":{\"@id\":\"https:\/\/odabrano.com\/#website\"},\"datePublished\":\"2024-04-08T13:26:32+00:00\",\"dateModified\":\"2024-04-08T17:20:02+00:00\",\"breadcrumb\":{\"@id\":\"https:\/\/odabrano.com\/index.php\/2024\/04\/08\/vucic-najavljuje-leteci-taxi-u-beogradu\/#breadcrumb\"},\"inLanguage\":\"en-US\",\"potentialAction\":[{\"@type\":\"ReadAction\",\"target\":[\"https:\/\/odabrano.com\/index.php\/2024\/04\/08\/vucic-najavljuje-leteci-taxi-u-beogradu\/\"]}]},{\"@type\":\"BreadcrumbList\",\"@id\":\"https:\/\/odabrano.com\/index.php\/2024\/04\/08\/vucic-najavljuje-leteci-taxi-u-beogradu\/#breadcrumb\",\"itemListElement\":[{\"@type\":\"ListItem\",\"position\":1,\"name\":\"Home\",\"item\":\"https:\/\/odabrano.com\/\"},{\"@type\":\"ListItem\",\"position\":2,\"name\":\"Vu\u010di\u0107 najavljuje lete\u0107i taxi u Beogradu\"}]},{\"@type\":\"WebSite\",\"@id\":\"https:\/\/odabrano.com\/#website\",\"url\":\"https:\/\/odabrano.com\/\",\"name\":\"odabrano\",\"description\":\"news portal koji nudi odabrane vijesti i informacije\",\"publisher\":{\"@id\":\"https:\/\/odabrano.com\/#\/schema\/person\/460f2b14657879743f23c4f6a7cd3236\"},\"alternateName\":\"vijesti i informacije iz Hrvatske i svijeta\",\"potentialAction\":[{\"@type\":\"SearchAction\",\"target\":{\"@type\":\"EntryPoint\",\"urlTemplate\":\"https:\/\/odabrano.com\/?s={search_term_string}\"},\"query-input\":\"required name=search_term_string\"}],\"inLanguage\":\"en-US\"},{\"@type\":[\"Person\",\"Organization\"],\"@id\":\"https:\/\/odabrano.com\/#\/schema\/person\/460f2b14657879743f23c4f6a7cd3236\",\"name\":\"admin\",\"image\":{\"@type\":\"ImageObject\",\"inLanguage\":\"en-US\",\"@id\":\"https:\/\/odabrano.com\/#\/schema\/person\/image\/\",\"url\":\"https:\/\/odabrano.com\/wp-content\/uploads\/2024\/04\/dolar.jpg\",\"contentUrl\":\"https:\/\/odabrano.com\/wp-content\/uploads\/2024\/04\/dolar.jpg\",\"width\":1216,\"height\":519,\"caption\":\"admin\"},\"logo\":{\"@id\":\"https:\/\/odabrano.com\/#\/schema\/person\/image\/\"},\"sameAs\":[\"http:\/\/odabrano.com\"],\"url\":\"https:\/\/odabrano.com\/index.php\/author\/sokolneno_u3xb387h\/\"}]}<\/script>\n<!-- \/ Yoast SEO plugin. -->","yoast_head_json":{"title":"Vu\u010di\u0107 najavljuje lete\u0107i taxi u Beogradu - odabrano","robots":{"index":"index","follow":"follow","max-snippet":"max-snippet:-1","max-image-preview":"max-image-preview:large","max-video-preview":"max-video-preview:-1"},"canonical":"https:\/\/odabrano.com\/index.php\/2024\/04\/08\/vucic-najavljuje-leteci-taxi-u-beogradu\/","og_locale":"en_US","og_type":"article","og_title":"Vu\u010di\u0107 najavljuje lete\u0107i taxi u Beogradu - odabrano","og_description":"Jo\u0161 2018. godine je Vu\u010di\u0107, prilikom posete Kini, pri\u010dao o prototipu lete\u0107ih automobila u toj zemlji i molio predsednika Si \u0110i Pinga da se i Srbija na neki na\u010din uklju\u010di u to. Me\u0111utim, iz predsednikovih govora, ostaje nedore\u010deno da li pod &#8220;lete\u0107im&#8221; automobilima misli na automobile koji zaista lete ili na klasi\u010dne automobile, ali kojima &hellip;","og_url":"https:\/\/odabrano.com\/index.php\/2024\/04\/08\/vucic-najavljuje-leteci-taxi-u-beogradu\/","og_site_name":"odabrano","article_published_time":"2024-04-08T13:26:32+00:00","article_modified_time":"2024-04-08T17:20:02+00:00","og_image":[{"width":462,"height":250,"url":"https:\/\/odabrano.com\/wp-content\/uploads\/2024\/04\/vucic.jpg","type":"image\/jpeg"}],"author":"admin","twitter_card":"summary_large_image","twitter_misc":{"Written by":"admin","Est. reading time":"1 minute"},"schema":{"@context":"https:\/\/schema.org","@graph":[{"@type":"Article","@id":"https:\/\/odabrano.com\/index.php\/2024\/04\/08\/vucic-najavljuje-leteci-taxi-u-beogradu\/#article","isPartOf":{"@id":"https:\/\/odabrano.com\/index.php\/2024\/04\/08\/vucic-najavljuje-leteci-taxi-u-beogradu\/"},"author":{"name":"admin","@id":"https:\/\/odabrano.com\/#\/schema\/person\/460f2b14657879743f23c4f6a7cd3236"},"headline":"Vu\u010di\u0107 najavljuje lete\u0107i taxi u Beogradu","datePublished":"2024-04-08T13:26:32+00:00","dateModified":"2024-04-08T17:20:02+00:00","mainEntityOfPage":{"@id":"https:\/\/odabrano.com\/index.php\/2024\/04\/08\/vucic-najavljuje-leteci-taxi-u-beogradu\/"},"wordCount":91,"publisher":{"@id":"https:\/\/odabrano.com\/#\/schema\/person\/460f2b14657879743f23c4f6a7cd3236"},"keywords":["lete\u0107i taxi","vu\u010di\u0107"],"articleSection":["Istok"],"inLanguage":"en-US"},{"@type":"WebPage","@id":"https:\/\/odabrano.com\/index.php\/2024\/04\/08\/vucic-najavljuje-leteci-taxi-u-beogradu\/","url":"https:\/\/odabrano.com\/index.php\/2024\/04\/08\/vucic-najavljuje-leteci-taxi-u-beogradu\/","name":"Vu\u010di\u0107 najavljuje lete\u0107i taxi u Beogradu - odabrano","isPartOf":{"@id":"https:\/\/odabrano.com\/#website"},"datePublished":"2024-04-08T13:26:32+00:00","dateModified":"2024-04-08T17:20:02+00:00","breadcrumb":{"@id":"https:\/\/odabrano.com\/index.php\/2024\/04\/08\/vucic-najavljuje-leteci-taxi-u-beogradu\/#breadcrumb"},"inLanguage":"en-US","potentialAction":[{"@type":"ReadAction","target":["https:\/\/odabrano.com\/index.php\/2024\/04\/08\/vucic-najavljuje-leteci-taxi-u-beogradu\/"]}]},{"@type":"BreadcrumbList","@id":"https:\/\/odabrano.com\/index.php\/2024\/04\/08\/vucic-najavljuje-leteci-taxi-u-beogradu\/#breadcrumb","itemListElement":[{"@type":"ListItem","position":1,"name":"Home","item":"https:\/\/odabrano.com\/"},{"@type":"ListItem","position":2,"name":"Vu\u010di\u0107 najavljuje lete\u0107i taxi u Beogradu"}]},{"@type":"WebSite","@id":"https:\/\/odabrano.com\/#website","url":"https:\/\/odabrano.com\/","name":"odabrano","description":"news portal koji nudi odabrane vijesti i informacije","publisher":{"@id":"https:\/\/odabrano.com\/#\/schema\/person\/460f2b14657879743f23c4f6a7cd3236"},"alternateName":"vijesti i informacije iz Hrvatske i svijeta","potentialAction":[{"@type":"SearchAction","target":{"@type":"EntryPoint","urlTemplate":"https:\/\/odabrano.com\/?s={search_term_string}"},"query-input":"required name=search_term_string"}],"inLanguage":"en-US"},{"@type":["Person","Organization"],"@id":"https:\/\/odabrano.com\/#\/schema\/person\/460f2b14657879743f23c4f6a7cd3236","name":"admin","image":{"@type":"ImageObject","inLanguage":"en-US","@id":"https:\/\/odabrano.com\/#\/schema\/person\/image\/","url":"https:\/\/odabrano.com\/wp-content\/uploads\/2024\/04\/dolar.jpg","contentUrl":"https:\/\/odabrano.com\/wp-content\/uploads\/2024\/04\/dolar.jpg","width":1216,"height":519,"caption":"admin"},"logo":{"@id":"https:\/\/odabrano.com\/#\/schema\/person\/image\/"},"sameAs":["http:\/\/odabrano.com"],"url":"https:\/\/odabrano.com\/index.php\/author\/sokolneno_u3xb387h\/"}]}},"_links":{"self":[{"href":"https:\/\/odabrano.com\/index.php\/wp-json\/wp\/v2\/posts\/1003","targetHints":{"allow":["GET"]}}],"collection":[{"href":"https:\/\/odabrano.com\/index.php\/wp-json\/wp\/v2\/posts"}],"about":[{"href":"https:\/\/odabrano.com\/index.php\/wp-json\/wp\/v2\/types\/post"}],"author":[{"embeddable":true,"href":"https:\/\/odabrano.com\/index.php\/wp-json\/wp\/v2\/users\/1"}],"replies":[{"embeddable":true,"href":"https:\/\/odabrano.com\/index.php\/wp-json\/wp\/v2\/comments?post=1003"}],"version-history":[{"count":2,"href":"https:\/\/odabrano.com\/index.php\/wp-json\/wp\/v2\/posts\/1003\/revisions"}],"predecessor-version":[{"id":1007,"href":"https:\/\/odabrano.com\/index.php\/wp-json\/wp\/v2\/posts\/1003\/revisions\/1007"}],"wp:featuredmedia":[{"embeddable":true,"href":"https:\/\/odabrano.com\/index.php\/wp-json\/wp\/v2\/media\/1006"}],"wp:attachment":[{"href":"https:\/\/odabrano.com\/index.php\/wp-json\/wp\/v2\/media?parent=1003"}],"wp:term":[{"taxonomy":"category","embeddable":true,"href":"https:\/\/odabrano.com\/index.php\/wp-json\/wp\/v2\/categories?post=1003"},{"taxonomy":"post_tag","embeddable":true,"href":"https:\/\/odabrano.com\/index.php\/wp-json\/wp\/v2\/tags?post=1003"}],"curies":[{"name":"wp","href":"https:\/\/api.w.org\/{rel}","templated":true}]}}