{"id":100,"date":"2024-02-22T17:50:38","date_gmt":"2024-02-22T17:50:38","guid":{"rendered":"http:\/\/odabrano.com\/?p=100"},"modified":"2024-02-24T07:24:56","modified_gmt":"2024-02-24T07:24:56","slug":"potresi-na-jugu-seizmolog-fiket-aktivnost-je-malo-pojacana-pratimo-sve","status":"publish","type":"post","link":"https:\/\/odabrano.com\/index.php\/2024\/02\/22\/potresi-na-jugu-seizmolog-fiket-aktivnost-je-malo-pojacana-pratimo-sve\/","title":{"rendered":"POTRESI NA JUGU Seizmolog Fiket: Aktivnost je malo poja\u010dana. Pratimo sve"},"content":{"rendered":"\n<p class=\"has-small-font-size\">Gra\u0111ane na jugu Hrvatske od ju\u010der do jutros pogodila su \u010detiri potresa. Najja\u010di je bio onaj jutro\u0161nji koji se dogodio u 7 sati i 3 minute na Pelje\u0161cu. Magnituda potresa iznosila je 3.8 prema Richteru.<\/p>\n\n\n\n<p class=\"has-small-font-size\">&#8216;Ima mno\u0161tvo slabijih potresi\u0107a. \u010cetiri su u principu od ju\u010der predve\u010der pa do jutros. Od toga je najja\u010di bio ovaj zadnji, 3,8 po Richteru. \u0160to se ti\u010de same aktivnosti ona je ne\u0161to malo poja\u010dana, ali iz toga se ne mogu izvla\u010diti neki zaklju\u010dci, a to je ono \u0161to najvi\u0161e ljudi zanima&#8217;, kazao je za&nbsp;<a href=\"https:\/\/net.hr\/danas\/vijesti\/potresi-probudili-jug-hrvatske-seizmolog-fiket-aktivnost-je-malo-pojacana-pratimo-sve-d9723ca2-d154-11ee-8a20-7ecc6c482c09\">Danas.hr<\/a>&nbsp;seizmolog <strong>Tomislav Fiket<\/strong>.<\/p>\n\n\n\n<p class=\"has-small-font-size\">Ovakvi potresi mogu imati, a \u0161to i hrvatski seizmolozi prate, popratno i slabijih potresa koji se ne osjete.<\/p>\n\n\n\n<p class=\"has-small-font-size\">Podsjetimo, gra\u0111ani koji su jutros na EMSC-u javljali svoja iskustva bili su poprili\u010dno upla\u0161eni. Korisnici iz Neuma, Stona, Metkovi\u0107a, Opuzena&#8230; dijelili su svoja iskustva.<\/p>\n\n\n\n<p class=\"has-small-font-size\">\u0160to se ti\u010de seizmi\u010dke aktivnosti na tom dijelu Hrvatske, Fiket ka\u017ee da potresi na tom podru\u010dju nisu rijetkost. &#8216;Taj dio Hrvatske je vrlo seizmi\u010dki aktivan. Potresi na tom podru\u010dju nisu rijetkost. Kona\u010dno 1996. smo u Stonu imali potres magnitude 6 po Richteru koji je rezultirao jednom serijom dugotrajnih potresa. S te strane to nije neuobi\u010dajeno&#8217;, zaklju\u010dio je.<\/p>\n\n\n\n<p class=\"has-small-font-size\">Kako je izvijestila Seizmolo\u0161ka slu\u017eba i jutros u 5 sati i 7 minuta seizmografi su zabilje\u017eili umjeren potres magnitude 3.4 po Richteru na Pelje\u0161cu, jugoisto\u010dno od \u017duljana .<\/p>\n\n\n\n<p class=\"has-small-font-size\"><br>Tako\u0111er, ju\u010der u 18 sati i 57 minuta (SEV) seizmografi Seizmolo\u0161ke slu\u017ebe RH zabilje\u017eili su slab potres magnitude M 2.6 u moru uz obalu Pelje\u0161ca jugoisto\u010dno od \u017duljana, izvijestili su s PMF-a.<\/p>\n","protected":false},"excerpt":{"rendered":"<p>Gra\u0111ane na jugu Hrvatske od ju\u010der do jutros pogodila su \u010detiri potresa. Najja\u010di je bio onaj jutro\u0161nji koji se dogodio u 7 sati i 3 minute na Pelje\u0161cu. Magnituda potresa iznosila je 3.8 prema Richteru. &#8216;Ima mno\u0161tvo slabijih potresi\u0107a. \u010cetiri su u principu od ju\u010der predve\u010der pa do jutros. Od toga je najja\u010di bio ovaj &hellip;<\/p>\n","protected":false},"author":1,"featured_media":101,"comment_status":"closed","ping_status":"open","sticky":false,"template":"","format":"standard","meta":{"_monsterinsights_skip_tracking":false,"_monsterinsights_sitenote_active":false,"_monsterinsights_sitenote_note":"","_monsterinsights_sitenote_category":0,"footnotes":""},"categories":[8],"tags":[],"class_list":["post-100","post","type-post","status-publish","format-standard","has-post-thumbnail","","category-vijesti"],"yoast_head":"<!-- This site is optimized with the Yoast SEO plugin v22.1 - https:\/\/yoast.com\/wordpress\/plugins\/seo\/ -->\n<title>POTRESI NA JUGU Seizmolog Fiket: Aktivnost je malo poja\u010dana. Pratimo sve - odabrano<\/title>\n<meta name=\"robots\" content=\"index, follow, max-snippet:-1, max-image-preview:large, max-video-preview:-1\" \/>\n<link rel=\"canonical\" href=\"https:\/\/odabrano.com\/index.php\/2024\/02\/22\/potresi-na-jugu-seizmolog-fiket-aktivnost-je-malo-pojacana-pratimo-sve\/\" \/>\n<meta property=\"og:locale\" content=\"en_US\" \/>\n<meta property=\"og:type\" content=\"article\" \/>\n<meta property=\"og:title\" content=\"POTRESI NA JUGU Seizmolog Fiket: Aktivnost je malo poja\u010dana. Pratimo sve - odabrano\" \/>\n<meta property=\"og:description\" content=\"Gra\u0111ane na jugu Hrvatske od ju\u010der do jutros pogodila su \u010detiri potresa. Najja\u010di je bio onaj jutro\u0161nji koji se dogodio u 7 sati i 3 minute na Pelje\u0161cu. Magnituda potresa iznosila je 3.8 prema Richteru. &#8216;Ima mno\u0161tvo slabijih potresi\u0107a. \u010cetiri su u principu od ju\u010der predve\u010der pa do jutros. Od toga je najja\u010di bio ovaj &hellip;\" \/>\n<meta property=\"og:url\" content=\"https:\/\/odabrano.com\/index.php\/2024\/02\/22\/potresi-na-jugu-seizmolog-fiket-aktivnost-je-malo-pojacana-pratimo-sve\/\" \/>\n<meta property=\"og:site_name\" content=\"odabrano\" \/>\n<meta property=\"article:published_time\" content=\"2024-02-22T17:50:38+00:00\" \/>\n<meta property=\"article:modified_time\" content=\"2024-02-24T07:24:56+00:00\" \/>\n<meta property=\"og:image\" content=\"https:\/\/odabrano.com\/wp-content\/uploads\/2024\/02\/potres.jpg\" \/>\n\t<meta property=\"og:image:width\" content=\"660\" \/>\n\t<meta property=\"og:image:height\" content=\"330\" \/>\n\t<meta property=\"og:image:type\" content=\"image\/jpeg\" \/>\n<meta name=\"author\" content=\"admin\" \/>\n<meta name=\"twitter:card\" content=\"summary_large_image\" \/>\n<meta name=\"twitter:label1\" content=\"Written by\" \/>\n\t<meta name=\"twitter:data1\" content=\"admin\" \/>\n\t<meta name=\"twitter:label2\" content=\"Est. reading time\" \/>\n\t<meta name=\"twitter:data2\" content=\"1 minute\" \/>\n<script type=\"application\/ld+json\" class=\"yoast-schema-graph\">{\"@context\":\"https:\/\/schema.org\",\"@graph\":[{\"@type\":\"Article\",\"@id\":\"https:\/\/odabrano.com\/index.php\/2024\/02\/22\/potresi-na-jugu-seizmolog-fiket-aktivnost-je-malo-pojacana-pratimo-sve\/#article\",\"isPartOf\":{\"@id\":\"https:\/\/odabrano.com\/index.php\/2024\/02\/22\/potresi-na-jugu-seizmolog-fiket-aktivnost-je-malo-pojacana-pratimo-sve\/\"},\"author\":{\"name\":\"admin\",\"@id\":\"https:\/\/odabrano.com\/#\/schema\/person\/460f2b14657879743f23c4f6a7cd3236\"},\"headline\":\"POTRESI NA JUGU Seizmolog Fiket: Aktivnost je malo poja\u010dana. Pratimo sve\",\"datePublished\":\"2024-02-22T17:50:38+00:00\",\"dateModified\":\"2024-02-24T07:24:56+00:00\",\"mainEntityOfPage\":{\"@id\":\"https:\/\/odabrano.com\/index.php\/2024\/02\/22\/potresi-na-jugu-seizmolog-fiket-aktivnost-je-malo-pojacana-pratimo-sve\/\"},\"wordCount\":295,\"publisher\":{\"@id\":\"https:\/\/odabrano.com\/#\/schema\/person\/460f2b14657879743f23c4f6a7cd3236\"},\"articleSection\":[\"Vijesti\"],\"inLanguage\":\"en-US\"},{\"@type\":\"WebPage\",\"@id\":\"https:\/\/odabrano.com\/index.php\/2024\/02\/22\/potresi-na-jugu-seizmolog-fiket-aktivnost-je-malo-pojacana-pratimo-sve\/\",\"url\":\"https:\/\/odabrano.com\/index.php\/2024\/02\/22\/potresi-na-jugu-seizmolog-fiket-aktivnost-je-malo-pojacana-pratimo-sve\/\",\"name\":\"POTRESI NA JUGU Seizmolog Fiket: Aktivnost je malo poja\u010dana. Pratimo sve - odabrano\",\"isPartOf\":{\"@id\":\"https:\/\/odabrano.com\/#website\"},\"datePublished\":\"2024-02-22T17:50:38+00:00\",\"dateModified\":\"2024-02-24T07:24:56+00:00\",\"breadcrumb\":{\"@id\":\"https:\/\/odabrano.com\/index.php\/2024\/02\/22\/potresi-na-jugu-seizmolog-fiket-aktivnost-je-malo-pojacana-pratimo-sve\/#breadcrumb\"},\"inLanguage\":\"en-US\",\"potentialAction\":[{\"@type\":\"ReadAction\",\"target\":[\"https:\/\/odabrano.com\/index.php\/2024\/02\/22\/potresi-na-jugu-seizmolog-fiket-aktivnost-je-malo-pojacana-pratimo-sve\/\"]}]},{\"@type\":\"BreadcrumbList\",\"@id\":\"https:\/\/odabrano.com\/index.php\/2024\/02\/22\/potresi-na-jugu-seizmolog-fiket-aktivnost-je-malo-pojacana-pratimo-sve\/#breadcrumb\",\"itemListElement\":[{\"@type\":\"ListItem\",\"position\":1,\"name\":\"Home\",\"item\":\"https:\/\/odabrano.com\/\"},{\"@type\":\"ListItem\",\"position\":2,\"name\":\"POTRESI NA JUGU Seizmolog Fiket: Aktivnost je malo poja\u010dana. Pratimo sve\"}]},{\"@type\":\"WebSite\",\"@id\":\"https:\/\/odabrano.com\/#website\",\"url\":\"https:\/\/odabrano.com\/\",\"name\":\"odabrano\",\"description\":\"news portal koji nudi odabrane vijesti i informacije\",\"publisher\":{\"@id\":\"https:\/\/odabrano.com\/#\/schema\/person\/460f2b14657879743f23c4f6a7cd3236\"},\"alternateName\":\"vijesti i informacije iz Hrvatske i svijeta\",\"potentialAction\":[{\"@type\":\"SearchAction\",\"target\":{\"@type\":\"EntryPoint\",\"urlTemplate\":\"https:\/\/odabrano.com\/?s={search_term_string}\"},\"query-input\":\"required name=search_term_string\"}],\"inLanguage\":\"en-US\"},{\"@type\":[\"Person\",\"Organization\"],\"@id\":\"https:\/\/odabrano.com\/#\/schema\/person\/460f2b14657879743f23c4f6a7cd3236\",\"name\":\"admin\",\"image\":{\"@type\":\"ImageObject\",\"inLanguage\":\"en-US\",\"@id\":\"https:\/\/odabrano.com\/#\/schema\/person\/image\/\",\"url\":\"https:\/\/odabrano.com\/wp-content\/uploads\/2024\/04\/dolar.jpg\",\"contentUrl\":\"https:\/\/odabrano.com\/wp-content\/uploads\/2024\/04\/dolar.jpg\",\"width\":1216,\"height\":519,\"caption\":\"admin\"},\"logo\":{\"@id\":\"https:\/\/odabrano.com\/#\/schema\/person\/image\/\"},\"sameAs\":[\"http:\/\/odabrano.com\"],\"url\":\"https:\/\/odabrano.com\/index.php\/author\/sokolneno_u3xb387h\/\"}]}<\/script>\n<!-- \/ Yoast SEO plugin. -->","yoast_head_json":{"title":"POTRESI NA JUGU Seizmolog Fiket: Aktivnost je malo poja\u010dana. Pratimo sve - odabrano","robots":{"index":"index","follow":"follow","max-snippet":"max-snippet:-1","max-image-preview":"max-image-preview:large","max-video-preview":"max-video-preview:-1"},"canonical":"https:\/\/odabrano.com\/index.php\/2024\/02\/22\/potresi-na-jugu-seizmolog-fiket-aktivnost-je-malo-pojacana-pratimo-sve\/","og_locale":"en_US","og_type":"article","og_title":"POTRESI NA JUGU Seizmolog Fiket: Aktivnost je malo poja\u010dana. Pratimo sve - odabrano","og_description":"Gra\u0111ane na jugu Hrvatske od ju\u010der do jutros pogodila su \u010detiri potresa. Najja\u010di je bio onaj jutro\u0161nji koji se dogodio u 7 sati i 3 minute na Pelje\u0161cu. Magnituda potresa iznosila je 3.8 prema Richteru. &#8216;Ima mno\u0161tvo slabijih potresi\u0107a. \u010cetiri su u principu od ju\u010der predve\u010der pa do jutros. Od toga je najja\u010di bio ovaj &hellip;","og_url":"https:\/\/odabrano.com\/index.php\/2024\/02\/22\/potresi-na-jugu-seizmolog-fiket-aktivnost-je-malo-pojacana-pratimo-sve\/","og_site_name":"odabrano","article_published_time":"2024-02-22T17:50:38+00:00","article_modified_time":"2024-02-24T07:24:56+00:00","og_image":[{"width":660,"height":330,"url":"https:\/\/odabrano.com\/wp-content\/uploads\/2024\/02\/potres.jpg","type":"image\/jpeg"}],"author":"admin","twitter_card":"summary_large_image","twitter_misc":{"Written by":"admin","Est. reading time":"1 minute"},"schema":{"@context":"https:\/\/schema.org","@graph":[{"@type":"Article","@id":"https:\/\/odabrano.com\/index.php\/2024\/02\/22\/potresi-na-jugu-seizmolog-fiket-aktivnost-je-malo-pojacana-pratimo-sve\/#article","isPartOf":{"@id":"https:\/\/odabrano.com\/index.php\/2024\/02\/22\/potresi-na-jugu-seizmolog-fiket-aktivnost-je-malo-pojacana-pratimo-sve\/"},"author":{"name":"admin","@id":"https:\/\/odabrano.com\/#\/schema\/person\/460f2b14657879743f23c4f6a7cd3236"},"headline":"POTRESI NA JUGU Seizmolog Fiket: Aktivnost je malo poja\u010dana. Pratimo sve","datePublished":"2024-02-22T17:50:38+00:00","dateModified":"2024-02-24T07:24:56+00:00","mainEntityOfPage":{"@id":"https:\/\/odabrano.com\/index.php\/2024\/02\/22\/potresi-na-jugu-seizmolog-fiket-aktivnost-je-malo-pojacana-pratimo-sve\/"},"wordCount":295,"publisher":{"@id":"https:\/\/odabrano.com\/#\/schema\/person\/460f2b14657879743f23c4f6a7cd3236"},"articleSection":["Vijesti"],"inLanguage":"en-US"},{"@type":"WebPage","@id":"https:\/\/odabrano.com\/index.php\/2024\/02\/22\/potresi-na-jugu-seizmolog-fiket-aktivnost-je-malo-pojacana-pratimo-sve\/","url":"https:\/\/odabrano.com\/index.php\/2024\/02\/22\/potresi-na-jugu-seizmolog-fiket-aktivnost-je-malo-pojacana-pratimo-sve\/","name":"POTRESI NA JUGU Seizmolog Fiket: Aktivnost je malo poja\u010dana. Pratimo sve - odabrano","isPartOf":{"@id":"https:\/\/odabrano.com\/#website"},"datePublished":"2024-02-22T17:50:38+00:00","dateModified":"2024-02-24T07:24:56+00:00","breadcrumb":{"@id":"https:\/\/odabrano.com\/index.php\/2024\/02\/22\/potresi-na-jugu-seizmolog-fiket-aktivnost-je-malo-pojacana-pratimo-sve\/#breadcrumb"},"inLanguage":"en-US","potentialAction":[{"@type":"ReadAction","target":["https:\/\/odabrano.com\/index.php\/2024\/02\/22\/potresi-na-jugu-seizmolog-fiket-aktivnost-je-malo-pojacana-pratimo-sve\/"]}]},{"@type":"BreadcrumbList","@id":"https:\/\/odabrano.com\/index.php\/2024\/02\/22\/potresi-na-jugu-seizmolog-fiket-aktivnost-je-malo-pojacana-pratimo-sve\/#breadcrumb","itemListElement":[{"@type":"ListItem","position":1,"name":"Home","item":"https:\/\/odabrano.com\/"},{"@type":"ListItem","position":2,"name":"POTRESI NA JUGU Seizmolog Fiket: Aktivnost je malo poja\u010dana. Pratimo sve"}]},{"@type":"WebSite","@id":"https:\/\/odabrano.com\/#website","url":"https:\/\/odabrano.com\/","name":"odabrano","description":"news portal koji nudi odabrane vijesti i informacije","publisher":{"@id":"https:\/\/odabrano.com\/#\/schema\/person\/460f2b14657879743f23c4f6a7cd3236"},"alternateName":"vijesti i informacije iz Hrvatske i svijeta","potentialAction":[{"@type":"SearchAction","target":{"@type":"EntryPoint","urlTemplate":"https:\/\/odabrano.com\/?s={search_term_string}"},"query-input":"required name=search_term_string"}],"inLanguage":"en-US"},{"@type":["Person","Organization"],"@id":"https:\/\/odabrano.com\/#\/schema\/person\/460f2b14657879743f23c4f6a7cd3236","name":"admin","image":{"@type":"ImageObject","inLanguage":"en-US","@id":"https:\/\/odabrano.com\/#\/schema\/person\/image\/","url":"https:\/\/odabrano.com\/wp-content\/uploads\/2024\/04\/dolar.jpg","contentUrl":"https:\/\/odabrano.com\/wp-content\/uploads\/2024\/04\/dolar.jpg","width":1216,"height":519,"caption":"admin"},"logo":{"@id":"https:\/\/odabrano.com\/#\/schema\/person\/image\/"},"sameAs":["http:\/\/odabrano.com"],"url":"https:\/\/odabrano.com\/index.php\/author\/sokolneno_u3xb387h\/"}]}},"_links":{"self":[{"href":"https:\/\/odabrano.com\/index.php\/wp-json\/wp\/v2\/posts\/100","targetHints":{"allow":["GET"]}}],"collection":[{"href":"https:\/\/odabrano.com\/index.php\/wp-json\/wp\/v2\/posts"}],"about":[{"href":"https:\/\/odabrano.com\/index.php\/wp-json\/wp\/v2\/types\/post"}],"author":[{"embeddable":true,"href":"https:\/\/odabrano.com\/index.php\/wp-json\/wp\/v2\/users\/1"}],"replies":[{"embeddable":true,"href":"https:\/\/odabrano.com\/index.php\/wp-json\/wp\/v2\/comments?post=100"}],"version-history":[{"count":3,"href":"https:\/\/odabrano.com\/index.php\/wp-json\/wp\/v2\/posts\/100\/revisions"}],"predecessor-version":[{"id":107,"href":"https:\/\/odabrano.com\/index.php\/wp-json\/wp\/v2\/posts\/100\/revisions\/107"}],"wp:featuredmedia":[{"embeddable":true,"href":"https:\/\/odabrano.com\/index.php\/wp-json\/wp\/v2\/media\/101"}],"wp:attachment":[{"href":"https:\/\/odabrano.com\/index.php\/wp-json\/wp\/v2\/media?parent=100"}],"wp:term":[{"taxonomy":"category","embeddable":true,"href":"https:\/\/odabrano.com\/index.php\/wp-json\/wp\/v2\/categories?post=100"},{"taxonomy":"post_tag","embeddable":true,"href":"https:\/\/odabrano.com\/index.php\/wp-json\/wp\/v2\/tags?post=100"}],"curies":[{"name":"wp","href":"https:\/\/api.w.org\/{rel}","templated":true}]}}